{"id":89414,"date":"2025-07-31T22:29:38","date_gmt":"2025-08-01T01:29:38","guid":{"rendered":"https:\/\/vocesparalelas.com.ar\/sitio\/?p=89414"},"modified":"2025-08-01T22:40:41","modified_gmt":"2025-08-02T01:40:41","slug":"se-fortalece-el-ciclo-de-cine-gratuito-para-la-familia-con-el-secreto-de-sus-ojos-en-upcn-san-juan","status":"publish","type":"post","link":"https:\/\/vocesparalelas.com.ar\/sitio\/se-fortalece-el-ciclo-de-cine-gratuito-para-la-familia-con-el-secreto-de-sus-ojos-en-upcn-san-juan\/","title":{"rendered":"Se fortalece el Ciclo de Cine gratuito para la familia con \u00abEl secreto de sus ojos\u00bb en UPCN San Juan"},"content":{"rendered":"<p>UPCN Seccional San Juan fortalece su cl\u00e1sico Ciclo de Cine gratuito para afiliados y comunidad en general, un espacio que supo convertirse en una tradici\u00f3n cultural y que ahora retoma su periodicidad los fines de semana.<\/p>\n<p>La primera funci\u00f3n es el S\u00e1bado, 2 de Agosto, a las 21 hs, en el Sal\u00f3n Cultural de la sede central, en Sarmiento 461 &#8211; S &#8211; Capital con la proyecci\u00f3n de \u00abEl secreto de sus ojos\u00bb, pel\u00edcula ganadora del Oscar y aclamada por el p\u00fablico argentino.<\/p>\n<p><iframe loading=\"lazy\" title=\"EL SECRETO DE SUS OJOS | TRAILER\" width=\"800\" height=\"450\" src=\"https:\/\/www.youtube.com\/embed\/hKa8U-8vsfU?feature=oembed\" frameborder=\"0\" allow=\"accelerometer; autoplay; clipboard-write; encrypted-media; gyroscope; picture-in-picture; web-share\" referrerpolicy=\"strict-origin-when-cross-origin\" allowfullscreen><\/iframe><\/p>\n<p>La decisi\u00f3n fue impulsada por el secretario general de UPCN, Jos\u00e9 A. Villa, quien destac\u00f3 que \u00abel valor de este tipo de iniciativas que fortalecen el lazo con la comunidad. El regreso del cine gratuito no solo recupera un espacio cultural, sino tambi\u00e9n un punto de encuentro familiar y accesible para todos\u201d.<\/p>\n<p>El reciente \u00e9xito del ciclo de cine infantil durante las vacaciones de invierno, promovido por la Secretar\u00eda de Cultura de UPCN y que convoc\u00f3 a m\u00e1s de 1.750 personas en apenas dos semanas, aceler\u00f3 la reactivaci\u00f3n del proyecto, que hab\u00eda quedado en pausa desde 2018. La respuesta del p\u00fablico confirm\u00f3 que el cine sigue siendo una de las experiencias culturales m\u00e1s valoradas por las familias y los amantes del cine.<\/p>\n<p>Con este relanzamiento, UPCN reafirma su v\u00ednculo con el acceso a la cultura, la recreaci\u00f3n y la vida comunitaria. El ciclo de cine lleg\u00f3 para quedarse, tal como ocurri\u00f3 durante a\u00f1os, cuando cada fin de semana reun\u00eda a centenares de personas.<\/p>\n<p>Las funciones son los fines de semana en el Sal\u00f3n Cultural de UPCN, con una programaci\u00f3n variada que incluye cine argentino, estrenos recientes, pel\u00edculas cl\u00e1sicas y contenido para la familia.<\/p>\n<p>La entrada siempre es gratuita, con cupo limitado por orden de llegada.<\/p>\n<p><img loading=\"lazy\" decoding=\"async\" class=\"alignnone size-large wp-image-4796\" src=\"https:\/\/vocesparalelas.com.ar\/sitio\/wp-content\/uploads\/2017\/09\/UPCN-FRENTE-02-800x450.jpg\" alt=\"\" width=\"800\" height=\"450\" srcset=\"https:\/\/vocesparalelas.com.ar\/sitio\/wp-content\/uploads\/2017\/09\/UPCN-FRENTE-02-800x450.jpg 800w, https:\/\/vocesparalelas.com.ar\/sitio\/wp-content\/uploads\/2017\/09\/UPCN-FRENTE-02-300x169.jpg 300w, https:\/\/vocesparalelas.com.ar\/sitio\/wp-content\/uploads\/2017\/09\/UPCN-FRENTE-02-768x432.jpg 768w, https:\/\/vocesparalelas.com.ar\/sitio\/wp-content\/uploads\/2017\/09\/UPCN-FRENTE-02.jpg 1024w\" sizes=\"auto, (max-width: 800px) 100vw, 800px\" \/><\/p>\n","protected":false},"excerpt":{"rendered":"<p>UPCN Seccional San Juan fortalece su cl\u00e1sico Ciclo de Cine gratuito para afiliados y comunidad en general, un espacio que<\/p>\n","protected":false},"author":3,"featured_media":89417,"comment_status":"closed","ping_status":"closed","sticky":false,"template":"","format":"standard","meta":{"_acf_changed":false,"_seopress_robots_primary_cat":"none","_seopress_titles_title":"","_seopress_titles_desc":"","_seopress_robots_index":"","colormag_page_container_layout":"default_layout","colormag_page_sidebar_layout":"default_layout","footnotes":""},"categories":[20,7],"tags":[],"class_list":["post-89414","post","type-post","status-publish","format-standard","has-post-thumbnail","hentry","category-cartelera","category-videos"],"acf":[],"_links":{"self":[{"href":"https:\/\/vocesparalelas.com.ar\/sitio\/wp-json\/wp\/v2\/posts\/89414","targetHints":{"allow":["GET"]}}],"collection":[{"href":"https:\/\/vocesparalelas.com.ar\/sitio\/wp-json\/wp\/v2\/posts"}],"about":[{"href":"https:\/\/vocesparalelas.com.ar\/sitio\/wp-json\/wp\/v2\/types\/post"}],"author":[{"embeddable":true,"href":"https:\/\/vocesparalelas.com.ar\/sitio\/wp-json\/wp\/v2\/users\/3"}],"replies":[{"embeddable":true,"href":"https:\/\/vocesparalelas.com.ar\/sitio\/wp-json\/wp\/v2\/comments?post=89414"}],"version-history":[{"count":1,"href":"https:\/\/vocesparalelas.com.ar\/sitio\/wp-json\/wp\/v2\/posts\/89414\/revisions"}],"predecessor-version":[{"id":89418,"href":"https:\/\/vocesparalelas.com.ar\/sitio\/wp-json\/wp\/v2\/posts\/89414\/revisions\/89418"}],"wp:featuredmedia":[{"embeddable":true,"href":"https:\/\/vocesparalelas.com.ar\/sitio\/wp-json\/wp\/v2\/media\/89417"}],"wp:attachment":[{"href":"https:\/\/vocesparalelas.com.ar\/sitio\/wp-json\/wp\/v2\/media?parent=89414"}],"wp:term":[{"taxonomy":"category","embeddable":true,"href":"https:\/\/vocesparalelas.com.ar\/sitio\/wp-json\/wp\/v2\/categories?post=89414"},{"taxonomy":"post_tag","embeddable":true,"href":"https:\/\/vocesparalelas.com.ar\/sitio\/wp-json\/wp\/v2\/tags?post=89414"}],"curies":[{"name":"wp","href":"https:\/\/api.w.org\/{rel}","templated":true}]}}