{"id":89277,"date":"2025-07-28T23:00:37","date_gmt":"2025-07-29T02:00:37","guid":{"rendered":"https:\/\/vocesparalelas.com.ar\/sitio\/?p=89277"},"modified":"2025-07-29T22:21:58","modified_gmt":"2025-07-30T01:21:58","slug":"duo-ondina-con-musica-sustantivo-femenino-en-el-auditorio-ing-juan-victoria-de-san-juan","status":"publish","type":"post","link":"https:\/\/vocesparalelas.com.ar\/sitio\/duo-ondina-con-musica-sustantivo-femenino-en-el-auditorio-ing-juan-victoria-de-san-juan\/","title":{"rendered":"D\u00fao Ondina con \u201cM\u00fasica: sustantivo femenino\u201d en el Auditorio Ing. Juan Victoria de San Juan"},"content":{"rendered":"<p>El Ciclo de M\u00fasica de C\u00e1mara presenta una nueva funci\u00f3n denominada \u201cM\u00fasica: sustantivo femenino\u201d, el mi\u00e9rcoles 30 de Julio a las 21:00 en el Auditorio Ing. Juan Victoria con entrada libre y gratuita y est\u00e1 protagonizado por el D\u00fao Ondinas\u00a0integrado por Carola Costa en piano y Cecilia Cabriza, en flauta.<\/p>\n<p>El d\u00fao Ondinas toma su nombre de la mitolog\u00eda n\u00f3rdica que, en un sentido inverso al de las sirenas, representan a la mujer en el agua. Las ondinas llevan a los marinos a las profundidades y necesitan del amor humano para obtener su alma.<\/p>\n<p>La formaci\u00f3n lleva al auditorio a la profundidad de un repertorio en lenguajes diversos, con im\u00e1genes naturales y emocionales, colores que provienen del trabajo instrumental de creadores y de int\u00e9rpretes, alusiones al folklore, al estilo franc\u00e9s, al posromanticismo y a la m\u00fasica contempor\u00e1nea.<\/p>\n<p>\u00abM\u00fasica: sustantivo femenino\u00bb incluye obras de compositoras\/es argentinos\/as y del mundo en un hilv\u00e1n de peque\u00f1as perlitas, todas diferentes, de la m\u00fasica para flauta y piano. Interpretar\u00e1n obras de Amy Beach, Lili Boulanger, Nadia Boulanger, Juan Carlos Figueiras, Sof\u00eda Gubaidulina, Gustavo J. Hern\u00e1ndez, Marta Lambertini, Eva Lopszyc, Silvina Wainszelbaum.<\/p>\n<p>La actividad est\u00e1 organizada por el Centro de Creaci\u00f3n Art\u00edstica Orquestal (CCAO) de la Facultad de Filosof\u00eda, Humanidades y Artes (FFHA) de la Universidad Nacional de San Juan en adhesi\u00f3n al 55\u00b0 Aniversario del Complejo Cultural Auditorio Ing. Juan Victoria.<\/p>\n<figure id=\"attachment_61468\" aria-describedby=\"caption-attachment-61468\" style=\"width: 800px\" class=\"wp-caption alignnone\"><img loading=\"lazy\" decoding=\"async\" class=\"size-full wp-image-61468\" src=\"https:\/\/vocesparalelas.com.ar\/sitio\/wp-content\/uploads\/2023\/07\/AUDITORIO-EDIFICIO.jpg\" alt=\"\" width=\"800\" height=\"533\" srcset=\"https:\/\/vocesparalelas.com.ar\/sitio\/wp-content\/uploads\/2023\/07\/AUDITORIO-EDIFICIO.jpg 800w, https:\/\/vocesparalelas.com.ar\/sitio\/wp-content\/uploads\/2023\/07\/AUDITORIO-EDIFICIO-300x200.jpg 300w, https:\/\/vocesparalelas.com.ar\/sitio\/wp-content\/uploads\/2023\/07\/AUDITORIO-EDIFICIO-768x512.jpg 768w\" sizes=\"auto, (max-width: 800px) 100vw, 800px\" \/><figcaption id=\"caption-attachment-61468\" class=\"wp-caption-text\">Auditorio Ing. Juan Victoria, Departamento Capital, Provincia San Juan, Rep\u00fablica Argentita<\/figcaption><\/figure>\n","protected":false},"excerpt":{"rendered":"<p>El Ciclo de M\u00fasica de C\u00e1mara presenta una nueva funci\u00f3n denominada \u201cM\u00fasica: sustantivo femenino\u201d, el mi\u00e9rcoles 30 de Julio a<\/p>\n","protected":false},"author":3,"featured_media":89281,"comment_status":"closed","ping_status":"closed","sticky":false,"template":"","format":"standard","meta":{"_acf_changed":false,"_seopress_robots_primary_cat":"none","_seopress_titles_title":"","_seopress_titles_desc":"","_seopress_robots_index":"","colormag_page_container_layout":"default_layout","colormag_page_sidebar_layout":"default_layout","footnotes":""},"categories":[20],"tags":[],"class_list":["post-89277","post","type-post","status-publish","format-standard","has-post-thumbnail","hentry","category-cartelera"],"acf":[],"_links":{"self":[{"href":"https:\/\/vocesparalelas.com.ar\/sitio\/wp-json\/wp\/v2\/posts\/89277","targetHints":{"allow":["GET"]}}],"collection":[{"href":"https:\/\/vocesparalelas.com.ar\/sitio\/wp-json\/wp\/v2\/posts"}],"about":[{"href":"https:\/\/vocesparalelas.com.ar\/sitio\/wp-json\/wp\/v2\/types\/post"}],"author":[{"embeddable":true,"href":"https:\/\/vocesparalelas.com.ar\/sitio\/wp-json\/wp\/v2\/users\/3"}],"replies":[{"embeddable":true,"href":"https:\/\/vocesparalelas.com.ar\/sitio\/wp-json\/wp\/v2\/comments?post=89277"}],"version-history":[{"count":1,"href":"https:\/\/vocesparalelas.com.ar\/sitio\/wp-json\/wp\/v2\/posts\/89277\/revisions"}],"predecessor-version":[{"id":89280,"href":"https:\/\/vocesparalelas.com.ar\/sitio\/wp-json\/wp\/v2\/posts\/89277\/revisions\/89280"}],"wp:featuredmedia":[{"embeddable":true,"href":"https:\/\/vocesparalelas.com.ar\/sitio\/wp-json\/wp\/v2\/media\/89281"}],"wp:attachment":[{"href":"https:\/\/vocesparalelas.com.ar\/sitio\/wp-json\/wp\/v2\/media?parent=89277"}],"wp:term":[{"taxonomy":"category","embeddable":true,"href":"https:\/\/vocesparalelas.com.ar\/sitio\/wp-json\/wp\/v2\/categories?post=89277"},{"taxonomy":"post_tag","embeddable":true,"href":"https:\/\/vocesparalelas.com.ar\/sitio\/wp-json\/wp\/v2\/tags?post=89277"}],"curies":[{"name":"wp","href":"https:\/\/api.w.org\/{rel}","templated":true}]}}