{"id":89197,"date":"2025-07-25T13:52:42","date_gmt":"2025-07-25T16:52:42","guid":{"rendered":"https:\/\/vocesparalelas.com.ar\/sitio\/?p=89197"},"modified":"2025-07-28T22:36:09","modified_gmt":"2025-07-29T01:36:09","slug":"fundacion-banco-san-juan-anuncia-una-nueva-edicion-de-con-la-musica-a-otra-parte-para-escuelas-primarias","status":"publish","type":"post","link":"https:\/\/vocesparalelas.com.ar\/sitio\/fundacion-banco-san-juan-anuncia-una-nueva-edicion-de-con-la-musica-a-otra-parte-para-escuelas-primarias\/","title":{"rendered":"Fundaci\u00f3n Banco San Juan anuncia una nueva edici\u00f3n de \u201cCon la M\u00fasica a otra parte\u00bb para escuelas primarias"},"content":{"rendered":"<p>M\u00e1s de 6000 alumnos de 3ro a 6to grado podr\u00e1n presenciar Las Aventuras de Puck, en el Teatro del Bicentenario.<\/p>\n<p>Fundaci\u00f3n Banco San Juan &#8211; FBSJ -, junto al Ministerio de Turismo, Cultura y Deporte, y el Teatro del Bicentenario &#8211; TB -, presentan Las Traves\u00edas de Puck, dirigida a alumnos de escuelas primarias de la provincia.<\/p>\n<p>La actividad, de car\u00e1cter gratuito, se realiza en el marco del programa Con la m\u00fasica a otra parte de Fundaci\u00f3n Banco San Juan, que tiene por objetivo acercar a estudiantes de escuelas primarias, a las artes esc\u00e9nicas.<\/p>\n<p>Las Aventuras de Puck, nos trae un viaje guiado por un personaje m\u00e1gico y travieso de los \u201cSue\u00f1os de una noche de Verano\u201d de Shakespeare, quien guiar\u00e1 a los j\u00f3venes a descubrir mundos y aventuras sin moverse de sus asientos. Este concierto, que incluye grandes obras musicales de Saint-Sa\u00ebns, Mar\u00eda Elena Walsh y Vivaldi, celebra la fantas\u00eda, el juego y el poder transformador de las artes en una puesta en escena del Teatro del Bicentenario, con participaci\u00f3n de cantantes, m\u00fasicos, bailarines, y de la Orquesta Escuela.<\/p>\n<p>Las funciones se realizar\u00e1n los d\u00edas 27, 28 y 29 de agosto, a las 11 y a las 15 horas.<\/p>\n<p><strong><span style=\"color: #ff6600;\">Los docentes interesados podr\u00e1n inscribir a sus cursos -3ro a 6to grado- en el siguiente link<\/span><\/strong><\/p>\n<p><a href=\"https:\/\/forms.gle\/LVGPpM2e1C64st6z9\">https:\/\/forms.gle\/LVGPpM2e1C64st6z9<\/a><\/p>\n<p>&nbsp;<\/p>\n<p><img loading=\"lazy\" decoding=\"async\" class=\"alignnone size-large wp-image-21666\" src=\"https:\/\/vocesparalelas.com.ar\/sitio\/wp-content\/uploads\/2019\/06\/TEATRO-BICENTENARIO-10-800x600.jpg\" alt=\"\" width=\"800\" height=\"600\" srcset=\"https:\/\/vocesparalelas.com.ar\/sitio\/wp-content\/uploads\/2019\/06\/TEATRO-BICENTENARIO-10-800x600.jpg 800w, https:\/\/vocesparalelas.com.ar\/sitio\/wp-content\/uploads\/2019\/06\/TEATRO-BICENTENARIO-10-300x225.jpg 300w, https:\/\/vocesparalelas.com.ar\/sitio\/wp-content\/uploads\/2019\/06\/TEATRO-BICENTENARIO-10-768x576.jpg 768w, https:\/\/vocesparalelas.com.ar\/sitio\/wp-content\/uploads\/2019\/06\/TEATRO-BICENTENARIO-10.jpg 1000w\" sizes=\"auto, (max-width: 800px) 100vw, 800px\" \/><\/p>\n","protected":false},"excerpt":{"rendered":"<p>M\u00e1s de 6000 alumnos de 3ro a 6to grado podr\u00e1n presenciar Las Aventuras de Puck, en el Teatro del Bicentenario.<\/p>\n","protected":false},"author":3,"featured_media":89200,"comment_status":"closed","ping_status":"closed","sticky":false,"template":"","format":"standard","meta":{"_acf_changed":false,"_seopress_robots_primary_cat":"none","_seopress_titles_title":"","_seopress_titles_desc":"","_seopress_robots_index":"","colormag_page_container_layout":"default_layout","colormag_page_sidebar_layout":"default_layout","footnotes":""},"categories":[5],"tags":[],"class_list":["post-89197","post","type-post","status-publish","format-standard","has-post-thumbnail","hentry","category-ofrecimientos"],"acf":[],"_links":{"self":[{"href":"https:\/\/vocesparalelas.com.ar\/sitio\/wp-json\/wp\/v2\/posts\/89197","targetHints":{"allow":["GET"]}}],"collection":[{"href":"https:\/\/vocesparalelas.com.ar\/sitio\/wp-json\/wp\/v2\/posts"}],"about":[{"href":"https:\/\/vocesparalelas.com.ar\/sitio\/wp-json\/wp\/v2\/types\/post"}],"author":[{"embeddable":true,"href":"https:\/\/vocesparalelas.com.ar\/sitio\/wp-json\/wp\/v2\/users\/3"}],"replies":[{"embeddable":true,"href":"https:\/\/vocesparalelas.com.ar\/sitio\/wp-json\/wp\/v2\/comments?post=89197"}],"version-history":[{"count":1,"href":"https:\/\/vocesparalelas.com.ar\/sitio\/wp-json\/wp\/v2\/posts\/89197\/revisions"}],"predecessor-version":[{"id":89201,"href":"https:\/\/vocesparalelas.com.ar\/sitio\/wp-json\/wp\/v2\/posts\/89197\/revisions\/89201"}],"wp:featuredmedia":[{"embeddable":true,"href":"https:\/\/vocesparalelas.com.ar\/sitio\/wp-json\/wp\/v2\/media\/89200"}],"wp:attachment":[{"href":"https:\/\/vocesparalelas.com.ar\/sitio\/wp-json\/wp\/v2\/media?parent=89197"}],"wp:term":[{"taxonomy":"category","embeddable":true,"href":"https:\/\/vocesparalelas.com.ar\/sitio\/wp-json\/wp\/v2\/categories?post=89197"},{"taxonomy":"post_tag","embeddable":true,"href":"https:\/\/vocesparalelas.com.ar\/sitio\/wp-json\/wp\/v2\/tags?post=89197"}],"curies":[{"name":"wp","href":"https:\/\/api.w.org\/{rel}","templated":true}]}}