{"id":89167,"date":"2025-07-24T23:04:39","date_gmt":"2025-07-25T02:04:39","guid":{"rendered":"https:\/\/vocesparalelas.com.ar\/sitio\/?p=89167"},"modified":"2025-07-25T21:17:42","modified_gmt":"2025-07-26T00:17:42","slug":"9-edicion-de-la-maraton-de-san-juan","status":"publish","type":"post","link":"https:\/\/vocesparalelas.com.ar\/sitio\/9-edicion-de-la-maraton-de-san-juan\/","title":{"rendered":"9\u00b0 edici\u00f3n de la Marat\u00f3n de San Juan"},"content":{"rendered":"<p>En la sala de prensa \u201cDante Pantuso\u201d del Estadio Aldo Cantoni se realiz\u00f3 la presentaci\u00f3n oficial de la\u00a09\u00b0 edici\u00f3n de la Marat\u00f3n de San Juan 2025, que cuenta con la participaci\u00f3n r\u00e9cord de m\u00e1s de 4500 corredores, el Domingo, 27 de Julio, con largadas en distintos puntos estrat\u00e9gicos de la provincia y una nueva categor\u00eda para los m\u00e1s chicos, que se suman a la fiesta del running.<\/p>\n<p>La conferencia cont\u00f3 con el secretario de Deportes, Dr. Pablo Tabachnick; el director de Eventos y Prensa, Louis Laraignee; el asesor deportivo, Gonzalo Tellechea; el organizador de la competencia, Mauro Ayesa; y la atleta estadounidense Sarah Kristin Garthe.<\/p>\n<p><img loading=\"lazy\" decoding=\"async\" class=\"alignnone size-full wp-image-89170\" src=\"https:\/\/vocesparalelas.com.ar\/sitio\/wp-content\/uploads\/2025\/07\/MARATON-DE-SAN-JUAN-01.jpg\" alt=\"\" width=\"800\" height=\"449\" srcset=\"https:\/\/vocesparalelas.com.ar\/sitio\/wp-content\/uploads\/2025\/07\/MARATON-DE-SAN-JUAN-01.jpg 800w, https:\/\/vocesparalelas.com.ar\/sitio\/wp-content\/uploads\/2025\/07\/MARATON-DE-SAN-JUAN-01-300x168.jpg 300w, https:\/\/vocesparalelas.com.ar\/sitio\/wp-content\/uploads\/2025\/07\/MARATON-DE-SAN-JUAN-01-768x431.jpg 768w\" sizes=\"auto, (max-width: 800px) 100vw, 800px\" \/><\/p>\n<p>La jornada inici\u00f3 con la proyecci\u00f3n de un video institucional que recorri\u00f3 los momentos m\u00e1s emblem\u00e1ticos de ediciones anteriores. Luego fue el turno de las palabras de los protagonistas, que coincidieron en destacar el crecimiento constante de la competencia y el impacto que genera en lo deportivo, tur\u00edstico y econ\u00f3mico para la provincia.<\/p>\n<p>Mauro Ayesa, referente de\u00a0Adventure Pro\u00a0y responsable de la organizaci\u00f3n, brind\u00f3 detalles de la log\u00edstica y valor\u00f3 el salto de calidad de esta edici\u00f3n.\u00a0\u201cEste a\u00f1o, la verdad, tenemos m\u00e1s de 1500 corredores m\u00e1s que el a\u00f1o pasado. Es un desaf\u00edo bastante grande para nosotros como organizaci\u00f3n\u201d, sostuvo.<\/p>\n<p>Ayesa explic\u00f3 que el evento se inicia formalmente con la\u00a0Expo, que se desarrollar\u00e1 el\u00a0viernes y s\u00e1bado en el Centro Cultural Conte Grand, con presencia de expositores locales y de otras provincias, entrega de kits y charlas con disertantes destacados.\u00a0\u201cEl s\u00e1bado, a las 15 horas, habr\u00e1 charlas abiertas y gratuitas para todo p\u00fablico\u201d, a\u00f1adi\u00f3.<\/p>\n<p>Respecto a las distancias, detall\u00f3 que los\u00a042K larga desde Punta Negra a las 8:30 hs, mientras que las pruebas de\u00a021K, 10K y 5K comienzan a las 9 hs. desde distintos puntos, Camping de Rivadavia, zona de El Almendro y Mostaza, respectivamente.<\/p>\n<p><img loading=\"lazy\" decoding=\"async\" class=\"alignnone size-full wp-image-56116\" src=\"https:\/\/vocesparalelas.com.ar\/sitio\/wp-content\/uploads\/2023\/01\/EMBALSE-PUNTA-NEGRA.jpg\" alt=\"\" width=\"800\" height=\"450\" srcset=\"https:\/\/vocesparalelas.com.ar\/sitio\/wp-content\/uploads\/2023\/01\/EMBALSE-PUNTA-NEGRA.jpg 800w, https:\/\/vocesparalelas.com.ar\/sitio\/wp-content\/uploads\/2023\/01\/EMBALSE-PUNTA-NEGRA-300x169.jpg 300w, https:\/\/vocesparalelas.com.ar\/sitio\/wp-content\/uploads\/2023\/01\/EMBALSE-PUNTA-NEGRA-768x432.jpg 768w\" sizes=\"auto, (max-width: 800px) 100vw, 800px\" \/><\/p>\n<p>La gran novedad es la categor\u00eda KIDS, dirigida a ni\u00f1as y ni\u00f1os de\u00a02 a 13 a\u00f1os, que corren en los alrededores del Teatro del Bicentenario, donde tambi\u00e9n es la llegada de las diferentes distancias. \u201cEstamos muy contentos de sumar a los m\u00e1s chicos. Queremos que todos sean parte\u201d.<\/p>\n<figure id=\"attachment_24321\" aria-describedby=\"caption-attachment-24321\" style=\"width: 800px\" class=\"wp-caption alignnone\"><img loading=\"lazy\" decoding=\"async\" class=\"size-large wp-image-24321\" src=\"https:\/\/vocesparalelas.com.ar\/sitio\/wp-content\/uploads\/2019\/10\/TEATRO-DEL-BICENTENARIO-100-800x503.jpg\" alt=\"\" width=\"800\" height=\"503\" srcset=\"https:\/\/vocesparalelas.com.ar\/sitio\/wp-content\/uploads\/2019\/10\/TEATRO-DEL-BICENTENARIO-100.jpg 800w, https:\/\/vocesparalelas.com.ar\/sitio\/wp-content\/uploads\/2019\/10\/TEATRO-DEL-BICENTENARIO-100-300x189.jpg 300w, https:\/\/vocesparalelas.com.ar\/sitio\/wp-content\/uploads\/2019\/10\/TEATRO-DEL-BICENTENARIO-100-768x483.jpg 768w\" sizes=\"auto, (max-width: 800px) 100vw, 800px\" \/><figcaption id=\"caption-attachment-24321\" class=\"wp-caption-text\">Teatro del Bicentario, Departamento Capital, Provincia San Juan, Rep\u00fablica Argentita<\/figcaption><\/figure>\n<p>Una de las voces m\u00e1s esperadas fue la de\u00a0Sarah Kristin Garthe, atleta estadounidense que ya se volvi\u00f3 una habitu\u00e9 del evento y volvi\u00f3 a elogiar a la provincia.\u00a0\u201cEs la cuarta vez que vengo a esta ciudad y la tercera vez que corro esta marat\u00f3n. Vine aqu\u00ed porque quer\u00eda correr una buena carrera y no me decepcion\u00f3: me encant\u00f3, me fascin\u00f3\u201d, dijo emocionada.<\/p>\n<p>Sin embargo, lo que m\u00e1s destac\u00f3 fue el calor humano de los sanjuaninos:\u00a0\u201cLo mejor de San Juan, aparte del paisaje y la gastronom\u00eda, es la calidad humana. Por eso sigo volviendo, porque me siento a gusto. Esto ya es como una tradici\u00f3n\u201d.<\/p>\n<p>El secretario de Deportes, Dr. Pablo Tabachnick, cerr\u00f3 el acto destacando la relevancia de esta prueba para el deporte provincial y agradeciendo a todos los que la hacen posibles.\u00a0\u201cGracias, Mauro, por seguir apostando con tus productos deportivos ac\u00e1 en San Juan. Le hace muy bien al turismo, al deporte y al circuito econ\u00f3mico que eso conlleva\u201d, afirm\u00f3.<\/p>\n<p>Tambi\u00e9n tuvo palabras especiales para Sarah, quien luc\u00eda una remera con la frase\u00a0\u201cYo amo San Juan\u201d:\u00a0\u201cEso representa much\u00edsimo para nosotros. Expresaste exactamente lo que todos los que vivimos en el mundo deportivo queremos que San Juan represente: una gran oportunidad para hacer deporte, hacer amigos y superarse\u201d.<\/p>\n<p>Por \u00faltimo, anticip\u00f3 lo que se viene:\u00a0\u201cHoy tenemos casi 4.500 corredores y el a\u00f1o pr\u00f3ximo, que se cumple la d\u00e9cima edici\u00f3n, trataremos de festejarlo con muchos m\u00e1s. Vamos a ponernos la meta de alcanzar los 6.000 inscriptos\u201d.<\/p>\n<p><img loading=\"lazy\" decoding=\"async\" class=\"alignnone size-full wp-image-65642\" src=\"https:\/\/vocesparalelas.com.ar\/sitio\/wp-content\/uploads\/2023\/11\/GOBIERNO-SAN-JUAN.jpg\" alt=\"\" width=\"800\" height=\"600\" srcset=\"https:\/\/vocesparalelas.com.ar\/sitio\/wp-content\/uploads\/2023\/11\/GOBIERNO-SAN-JUAN.jpg 800w, https:\/\/vocesparalelas.com.ar\/sitio\/wp-content\/uploads\/2023\/11\/GOBIERNO-SAN-JUAN-300x225.jpg 300w, https:\/\/vocesparalelas.com.ar\/sitio\/wp-content\/uploads\/2023\/11\/GOBIERNO-SAN-JUAN-768x576.jpg 768w\" sizes=\"auto, (max-width: 800px) 100vw, 800px\" \/><\/p>\n","protected":false},"excerpt":{"rendered":"<p>En la sala de prensa \u201cDante Pantuso\u201d del Estadio Aldo Cantoni se realiz\u00f3 la presentaci\u00f3n oficial de la\u00a09\u00b0 edici\u00f3n de<\/p>\n","protected":false},"author":3,"featured_media":89171,"comment_status":"closed","ping_status":"closed","sticky":false,"template":"","format":"standard","meta":{"_acf_changed":false,"_seopress_robots_primary_cat":"none","_seopress_titles_title":"","_seopress_titles_desc":"","_seopress_robots_index":"","colormag_page_container_layout":"default_layout","colormag_page_sidebar_layout":"default_layout","footnotes":""},"categories":[6],"tags":[],"class_list":["post-89167","post","type-post","status-publish","format-standard","has-post-thumbnail","hentry","category-eventos"],"acf":[],"_links":{"self":[{"href":"https:\/\/vocesparalelas.com.ar\/sitio\/wp-json\/wp\/v2\/posts\/89167","targetHints":{"allow":["GET"]}}],"collection":[{"href":"https:\/\/vocesparalelas.com.ar\/sitio\/wp-json\/wp\/v2\/posts"}],"about":[{"href":"https:\/\/vocesparalelas.com.ar\/sitio\/wp-json\/wp\/v2\/types\/post"}],"author":[{"embeddable":true,"href":"https:\/\/vocesparalelas.com.ar\/sitio\/wp-json\/wp\/v2\/users\/3"}],"replies":[{"embeddable":true,"href":"https:\/\/vocesparalelas.com.ar\/sitio\/wp-json\/wp\/v2\/comments?post=89167"}],"version-history":[{"count":1,"href":"https:\/\/vocesparalelas.com.ar\/sitio\/wp-json\/wp\/v2\/posts\/89167\/revisions"}],"predecessor-version":[{"id":89172,"href":"https:\/\/vocesparalelas.com.ar\/sitio\/wp-json\/wp\/v2\/posts\/89167\/revisions\/89172"}],"wp:featuredmedia":[{"embeddable":true,"href":"https:\/\/vocesparalelas.com.ar\/sitio\/wp-json\/wp\/v2\/media\/89171"}],"wp:attachment":[{"href":"https:\/\/vocesparalelas.com.ar\/sitio\/wp-json\/wp\/v2\/media?parent=89167"}],"wp:term":[{"taxonomy":"category","embeddable":true,"href":"https:\/\/vocesparalelas.com.ar\/sitio\/wp-json\/wp\/v2\/categories?post=89167"},{"taxonomy":"post_tag","embeddable":true,"href":"https:\/\/vocesparalelas.com.ar\/sitio\/wp-json\/wp\/v2\/tags?post=89167"}],"curies":[{"name":"wp","href":"https:\/\/api.w.org\/{rel}","templated":true}]}}