{"id":89140,"date":"2025-07-24T16:12:51","date_gmt":"2025-07-24T19:12:51","guid":{"rendered":"https:\/\/vocesparalelas.com.ar\/sitio\/?p=89140"},"modified":"2025-07-25T23:33:22","modified_gmt":"2025-07-26T02:33:22","slug":"san-juan-sede-del-foro-nacional-de-turismo-2025-transformando-destinos-para-un-turismo-inteligente-en-argentina","status":"publish","type":"post","link":"https:\/\/vocesparalelas.com.ar\/sitio\/san-juan-sede-del-foro-nacional-de-turismo-2025-transformando-destinos-para-un-turismo-inteligente-en-argentina\/","title":{"rendered":"San Juan sede del Foro Nacional de Turismo 2025 \u201cTransformando destinos para un turismo inteligente\u00bb en Argentina"},"content":{"rendered":"<p>En la Casa de San Juan en Buenos Aires se lanz\u00f3 el Foro Nacional de Turismo 2025 \u201cTransformando destinos: innovaci\u00f3n, tecnolog\u00eda y sostenibilidad para un turismo inteligente\u201d, que se desarrolla el\u00a0 4 y 5 de Septiembre en la provincia de San Juan, Rep\u00fablica Argentina.<\/p>\n<p>En este contexto, el gobernador de San Juan, Dr. Marcelo Orrego, el secretario de Turismo, Ambiente y Deportes de la Naci\u00f3n, Daniel Scioli; el presidente del Consejo Federal de Turismo, Valent\u00edn D\u00edaz Gilligan y el ministro de Turismo, Cultura y Deporte de San Juan, Dr. Guido Romero.<\/p>\n<p>El espacio de referencia para la articulaci\u00f3n de pol\u00edticas y estrategias que impulsen el turismo inteligente organizado por el Consejo Federal de Turismo, en conjunto con la Secretar\u00eda de Turismo, Ambiente y Deportes de la Naci\u00f3n y el Gobierno de la Provincia de San Juan, y cuenta con el apoyo de la C\u00e1mara Argentina de Turismo.<\/p>\n<p>Por ello, el Gobernador de San Juan, Dr. Marcelo Orrego se\u00f1al\u00f3 que \u00abSan Juan asume este compromiso como una decisi\u00f3n estrat\u00e9gica enmarcada en una pol\u00edtica de Estado, con el objetivo de posicionar al turismo como motor de desarrollo, junto a sectores tradicionales como la miner\u00eda, la agroindustria, la producci\u00f3n de energ\u00edas limpias y la econom\u00eda del conocimiento\u00bb.<\/p>\n<p>\u00abValor\u00f3 el trabajo conjunto con el Consejo Federal de Turismo y record\u00f3 el momento en que, gracias a la apertura del secretario Daniel Scioli, San Juan ofreci\u00f3 ser sede del Foro. Esa charla se transform\u00f3 en una oportunidad concreta, y hoy celebramos el resultado\u00bb.<\/p>\n<p>\u00abLa provincia no solo cuenta con recursos naturales, gastronom\u00eda y productos regionales para ofrecer, sino tambi\u00e9n con el compromiso de su gente para ser buenos anfitriones y hacer sentir a cada visitante como en casa.<\/p>\n<p><span style=\"color: #ff6600;\"><strong>Un espacio federal de encuentro y construcci\u00f3n colectiva<\/strong><\/span><\/p>\n<p>El Foro Nacional de Turismo se ha consolidado como una plataforma estrat\u00e9gica para el intercambio de conocimientos, experiencias y buenas pr\u00e1cticas entre los principales actores del sector tur\u00edstico. Este a\u00f1o, con una fuerte impronta federal y participativa, el encuentro reunir\u00e1 en San Juan a m\u00e1s de 400 referentes del sector p\u00fablico, privado, acad\u00e9mico y comunitario de la Rep\u00fablica Argentina.<\/p>\n<p>Durante dos jornadas, los participantes podr\u00e1n asistir a charlas magistrales, paneles tem\u00e1ticos, talleres participativos y espacios de vinculaci\u00f3n, con el objetivo de generar una agenda com\u00fan para transformar el turismo argentino en clave de innovaci\u00f3n, tecnolog\u00eda, sostenibilidad y gobernanza participativa.<\/p>\n<p><strong><span style=\"color: #ff6600;\">Destinos tur\u00edsticos inteligentes: los ejes del foro<\/span><\/strong><\/p>\n<p>La edici\u00f3n 2025 est\u00e1 centrada en el modelo de Destinos Tur\u00edsticos Inteligentes (DTI), una herramienta de gesti\u00f3n que promueve el desarrollo de destinos m\u00e1s sostenibles, inclusivos y competitivos.<\/p>\n<p>Este modelo, ya implementado en pa\u00edses como Brasil, M\u00e9xico y Colombia, busca optimizar la experiencia del visitante, mejorar la eficiencia de los destinos y generar beneficios concretos para las comunidades locales.<\/p>\n<p><strong><span style=\"color: #ff6600;\">Principales ejes tem\u00e1ticos del Foro<\/span><\/strong><\/p>\n<ul>\n<li>Sostenibilidad: estrategias para un turismo con impacto positivo ambiental, social y econ\u00f3mico.<\/li>\n<li>Tecnolog\u00eda: herramientas como inteligencia artificial, big data y geolocalizaci\u00f3n aplicadas al sector.<\/li>\n<li>Innovaci\u00f3n: nuevos enfoques y modelos de gesti\u00f3n tur\u00edstica disruptiva.<\/li>\n<li>Gobernanza: articulaci\u00f3n entre sectores para una planificaci\u00f3n participativa.<\/li>\n<li>Financiamiento: acceso a programas y recursos para proyectos tur\u00edsticos inteligentes.<\/li>\n<\/ul>\n<p><img loading=\"lazy\" decoding=\"async\" class=\"alignnone size-large wp-image-2859\" src=\"https:\/\/vocesparalelas.com.ar\/sitio\/wp-content\/uploads\/2017\/07\/ISCHIGUALASTO-VALLE-DE-LA-LUNA-800x396.jpg\" alt=\"\" width=\"800\" height=\"396\" srcset=\"https:\/\/vocesparalelas.com.ar\/sitio\/wp-content\/uploads\/2017\/07\/ISCHIGUALASTO-VALLE-DE-LA-LUNA-800x396.jpg 800w, https:\/\/vocesparalelas.com.ar\/sitio\/wp-content\/uploads\/2017\/07\/ISCHIGUALASTO-VALLE-DE-LA-LUNA-300x149.jpg 300w, https:\/\/vocesparalelas.com.ar\/sitio\/wp-content\/uploads\/2017\/07\/ISCHIGUALASTO-VALLE-DE-LA-LUNA-768x381.jpg 768w, https:\/\/vocesparalelas.com.ar\/sitio\/wp-content\/uploads\/2017\/07\/ISCHIGUALASTO-VALLE-DE-LA-LUNA.jpg 900w\" sizes=\"auto, (max-width: 800px) 100vw, 800px\" \/><\/p>\n","protected":false},"excerpt":{"rendered":"<p>En la Casa de San Juan en Buenos Aires se lanz\u00f3 el Foro Nacional de Turismo 2025 \u201cTransformando destinos: innovaci\u00f3n,<\/p>\n","protected":false},"author":3,"featured_media":89143,"comment_status":"closed","ping_status":"closed","sticky":false,"template":"","format":"standard","meta":{"_acf_changed":false,"_seopress_robots_primary_cat":"none","_seopress_titles_title":"","_seopress_titles_desc":"","_seopress_robots_index":"","colormag_page_container_layout":"default_layout","colormag_page_sidebar_layout":"default_layout","footnotes":""},"categories":[2],"tags":[],"class_list":["post-89140","post","type-post","status-publish","format-standard","has-post-thumbnail","hentry","category-convocatorias"],"acf":[],"_links":{"self":[{"href":"https:\/\/vocesparalelas.com.ar\/sitio\/wp-json\/wp\/v2\/posts\/89140","targetHints":{"allow":["GET"]}}],"collection":[{"href":"https:\/\/vocesparalelas.com.ar\/sitio\/wp-json\/wp\/v2\/posts"}],"about":[{"href":"https:\/\/vocesparalelas.com.ar\/sitio\/wp-json\/wp\/v2\/types\/post"}],"author":[{"embeddable":true,"href":"https:\/\/vocesparalelas.com.ar\/sitio\/wp-json\/wp\/v2\/users\/3"}],"replies":[{"embeddable":true,"href":"https:\/\/vocesparalelas.com.ar\/sitio\/wp-json\/wp\/v2\/comments?post=89140"}],"version-history":[{"count":1,"href":"https:\/\/vocesparalelas.com.ar\/sitio\/wp-json\/wp\/v2\/posts\/89140\/revisions"}],"predecessor-version":[{"id":89144,"href":"https:\/\/vocesparalelas.com.ar\/sitio\/wp-json\/wp\/v2\/posts\/89140\/revisions\/89144"}],"wp:featuredmedia":[{"embeddable":true,"href":"https:\/\/vocesparalelas.com.ar\/sitio\/wp-json\/wp\/v2\/media\/89143"}],"wp:attachment":[{"href":"https:\/\/vocesparalelas.com.ar\/sitio\/wp-json\/wp\/v2\/media?parent=89140"}],"wp:term":[{"taxonomy":"category","embeddable":true,"href":"https:\/\/vocesparalelas.com.ar\/sitio\/wp-json\/wp\/v2\/categories?post=89140"},{"taxonomy":"post_tag","embeddable":true,"href":"https:\/\/vocesparalelas.com.ar\/sitio\/wp-json\/wp\/v2\/tags?post=89140"}],"curies":[{"name":"wp","href":"https:\/\/api.w.org\/{rel}","templated":true}]}}