{"id":89135,"date":"2025-07-24T15:27:43","date_gmt":"2025-07-24T18:27:43","guid":{"rendered":"https:\/\/vocesparalelas.com.ar\/sitio\/?p=89135"},"modified":"2025-07-25T23:33:55","modified_gmt":"2025-07-26T02:33:55","slug":"3-sinodo-diocesano-de-san-juan-de-cuyo-inicia-una-nueva-etapa-de-las-sesiones-sinodales","status":"publish","type":"post","link":"https:\/\/vocesparalelas.com.ar\/sitio\/3-sinodo-diocesano-de-san-juan-de-cuyo-inicia-una-nueva-etapa-de-las-sesiones-sinodales\/","title":{"rendered":"3\u00b0 S\u00ednodo Diocesano de San Juan de Cuyo inicia una nueva etapa de las sesiones sinodales"},"content":{"rendered":"<p>A un a\u00f1o de la convocatoria del 3\u00b0 S\u00ednodo Diocesano de San Juan de Cuyo por parte de monse\u00f1or Jorge Eduardo Lozano, la Iglesia local da inicio a una nueva etapa de este camino de escucha, discernimiento y renovaci\u00f3n pastoral: las sesiones sinodales.<\/p>\n<p>Desde 24 de junio de 2024, la comunidad Arquidiocesana ha venido recorriendo una amplia etapa preparatoria, marcada por un proceso participativo e in\u00e9dito de escucha en parroquias, comunidades religiosas, movimientos, colegios, grupos juveniles, instituciones sociales y equipos pastorales. Con la posibilidad de la Consulta Amplia virtual, las personas compartieron sus reflexiones en torno a las grandes preguntas que gu\u00edan este s\u00ednodo.<\/p>\n<p>El S\u00e1bado, 26 de Julio se realiza la Primera sesi\u00f3n y hay una por mes, completando un total de cinco.<\/p>\n<p>Reunir\u00e1 a los delegados elegidos por cada comunidad, representantes del clero, la vida consagrada y los laicos. Y constituir\u00e1n el espacio de deliberaci\u00f3n y discernimiento en torno a los n\u00facleos tem\u00e1ticos emergentes del proceso de escucha.<\/p>\n<p>Cada sesi\u00f3n estar\u00e1 precedida y acompa\u00f1ada por la oraci\u00f3n comunitaria y el trabajo articulado de comisiones tem\u00e1ticas. Se espera que este proceso desemboque en la redacci\u00f3n de un documento final con propuestas pastorales concretas, fruto del consenso sinodal y del discernimiento espiritual compartido.<\/p>\n<p>Presentes en esta conferencia; el arzobispo monse\u00f1or Jorge Lozano, que preside el S\u00cdNODO, el padre Jorge Carrascosa miembro de la Comisi\u00f3n de animaci\u00f3n, Pablo Merino y Elida Lescano quienes ser\u00e1n los moderadores de las Sesiones Sinodales.<\/p>\n<p>El 3\u00b0 S\u00ednodo Diocesano representa un hecho hist\u00f3rico para la Iglesia de San Juan de Cuyo, ya que hace 100 se realiz\u00f3 el \u00faltimo, que fue convocado por Monse\u00f1or Orzali.<\/p>\n<p><strong><span style=\"color: #ff6600;\">Cronograma de las Sesiones Sinodales<\/span><\/strong><\/p>\n<ul>\n<li>1\u00aa 26 de Julio<\/li>\n<li>2\u00aa 30 de Agosto<\/li>\n<li>3\u00aa 20 de Septiembre<\/li>\n<li>4\u00aa 18 de Octubre<\/li>\n<li>5\u00aa 29 de Noviembre<\/li>\n<\/ul>\n<p>Parroquia y Colegio San Francisco de As\u00eds de 8 a 13 hs.<\/p>\n<p>&nbsp;<\/p>\n<p><img loading=\"lazy\" decoding=\"async\" class=\"alignnone size-full wp-image-61416\" src=\"https:\/\/vocesparalelas.com.ar\/sitio\/wp-content\/uploads\/2023\/07\/ARZOBISPADO-EDIFICIO.jpg\" alt=\"\" width=\"800\" height=\"600\" srcset=\"https:\/\/vocesparalelas.com.ar\/sitio\/wp-content\/uploads\/2023\/07\/ARZOBISPADO-EDIFICIO.jpg 800w, https:\/\/vocesparalelas.com.ar\/sitio\/wp-content\/uploads\/2023\/07\/ARZOBISPADO-EDIFICIO-300x225.jpg 300w, https:\/\/vocesparalelas.com.ar\/sitio\/wp-content\/uploads\/2023\/07\/ARZOBISPADO-EDIFICIO-768x576.jpg 768w\" sizes=\"auto, (max-width: 800px) 100vw, 800px\" \/><\/p>\n<p>&nbsp;<\/p>\n","protected":false},"excerpt":{"rendered":"<p>A un a\u00f1o de la convocatoria del 3\u00b0 S\u00ednodo Diocesano de San Juan de Cuyo por parte de monse\u00f1or Jorge<\/p>\n","protected":false},"author":3,"featured_media":89138,"comment_status":"closed","ping_status":"closed","sticky":false,"template":"","format":"standard","meta":{"_acf_changed":false,"_seopress_robots_primary_cat":"none","_seopress_titles_title":"","_seopress_titles_desc":"","_seopress_robots_index":"","colormag_page_container_layout":"default_layout","colormag_page_sidebar_layout":"default_layout","footnotes":""},"categories":[6],"tags":[],"class_list":["post-89135","post","type-post","status-publish","format-standard","has-post-thumbnail","hentry","category-eventos"],"acf":[],"_links":{"self":[{"href":"https:\/\/vocesparalelas.com.ar\/sitio\/wp-json\/wp\/v2\/posts\/89135","targetHints":{"allow":["GET"]}}],"collection":[{"href":"https:\/\/vocesparalelas.com.ar\/sitio\/wp-json\/wp\/v2\/posts"}],"about":[{"href":"https:\/\/vocesparalelas.com.ar\/sitio\/wp-json\/wp\/v2\/types\/post"}],"author":[{"embeddable":true,"href":"https:\/\/vocesparalelas.com.ar\/sitio\/wp-json\/wp\/v2\/users\/3"}],"replies":[{"embeddable":true,"href":"https:\/\/vocesparalelas.com.ar\/sitio\/wp-json\/wp\/v2\/comments?post=89135"}],"version-history":[{"count":1,"href":"https:\/\/vocesparalelas.com.ar\/sitio\/wp-json\/wp\/v2\/posts\/89135\/revisions"}],"predecessor-version":[{"id":89139,"href":"https:\/\/vocesparalelas.com.ar\/sitio\/wp-json\/wp\/v2\/posts\/89135\/revisions\/89139"}],"wp:featuredmedia":[{"embeddable":true,"href":"https:\/\/vocesparalelas.com.ar\/sitio\/wp-json\/wp\/v2\/media\/89138"}],"wp:attachment":[{"href":"https:\/\/vocesparalelas.com.ar\/sitio\/wp-json\/wp\/v2\/media?parent=89135"}],"wp:term":[{"taxonomy":"category","embeddable":true,"href":"https:\/\/vocesparalelas.com.ar\/sitio\/wp-json\/wp\/v2\/categories?post=89135"},{"taxonomy":"post_tag","embeddable":true,"href":"https:\/\/vocesparalelas.com.ar\/sitio\/wp-json\/wp\/v2\/tags?post=89135"}],"curies":[{"name":"wp","href":"https:\/\/api.w.org\/{rel}","templated":true}]}}