{"id":89128,"date":"2025-07-24T12:43:14","date_gmt":"2025-07-24T15:43:14","guid":{"rendered":"https:\/\/vocesparalelas.com.ar\/sitio\/?p=89128"},"modified":"2025-07-24T12:43:29","modified_gmt":"2025-07-24T15:43:29","slug":"se-fortalece-la-obra-en-los-espacio-verde-con-luminarias-en-el-loteo-alvarez-de-rivadavia-de-san-juan","status":"publish","type":"post","link":"https:\/\/vocesparalelas.com.ar\/sitio\/se-fortalece-la-obra-en-los-espacio-verde-con-luminarias-en-el-loteo-alvarez-de-rivadavia-de-san-juan\/","title":{"rendered":"Se fortalece la Obra en los espacio verde con luminarias en el Loteo \u00c1lvarez de Rivadavia de San Juan"},"content":{"rendered":"<p>Con la participaci\u00f3n de autoridades y vecinos, la Municipalidad de la Ciudad de Rivadavia inaugur\u00f3 las obras del renovado espacio verde \u201cVirgen del Roc\u00edo, en el Loteo \u00c1lvarez.<\/p>\n<p>El acto fue presidido por el intendente de la Municipalidad de la Ciudad de Rivadavia, Sergio Miodowsky, quien describi\u00f3 la importancia de dar respuesta a las demandas vecinales a trav\u00e9s de intervenciones concretas. Hoy lo estamos haciendo realidad. Estas son las peque\u00f1as obras barriales de las que siempre hablo, que se construyen d\u00eda a d\u00eda escuchando al vecino permanentemente\u201d.<\/p>\n<p>\u00abEl acompa\u00f1amiento del Gobierno provincial en obras de mayor envergadura. Nos est\u00e1 dando una mano muy grande. Gracias al trabajo conjunto con el gobernador, avanzamos con pavimento en barrios como Los Andes, B\u00ba Rivadavia Norte, Conjunto 8, entre otros. Y seguiremos sumando m\u00e1s calles pavimentadas para mejorar la transitabilidad y la calidad de vida de nuestros vecinos\u201d.<\/p>\n<p>\u00abEl esfuerzo municipal por sostener obras con recursos propios: \u201cOptimizar los recursos y administrar prioridades es lo que nos pide nuestro gobernador. Hemos agudizado el ingenio, lanzamos una moratoria y logramos recuperar 450 millones de pesos. Ahora, con convenios por barrio, estimamos recaudar otros 200 millones hasta fin de a\u00f1o\u201d.<\/p>\n<p>\u00abParte de esas inversiones se destinan a un nuevo esquema de obras por participaci\u00f3n vecinal, a trav\u00e9s del programa \u2018Junto a tu Barrio\u2019. Hablamos de peque\u00f1as obras de iluminaci\u00f3n, veredas, banquinas, juegos para ni\u00f1os, carteler\u00eda. Obras que son transformadoras\u201d &#8211; concluy\u00f3 el intendente de la Municipalidad de la Ciudad de Rivadavia, Sergio Miodowsky.<\/p>\n<p><img loading=\"lazy\" decoding=\"async\" class=\"alignnone size-large wp-image-89132\" src=\"https:\/\/vocesparalelas.com.ar\/sitio\/wp-content\/uploads\/2025\/07\/RIVADAVIA-LOTEO-PLAZA-02.jpg\" alt=\"\" width=\"800\" height=\"533\" srcset=\"https:\/\/vocesparalelas.com.ar\/sitio\/wp-content\/uploads\/2025\/07\/RIVADAVIA-LOTEO-PLAZA-02.jpg 800w, https:\/\/vocesparalelas.com.ar\/sitio\/wp-content\/uploads\/2025\/07\/RIVADAVIA-LOTEO-PLAZA-02-300x200.jpg 300w, https:\/\/vocesparalelas.com.ar\/sitio\/wp-content\/uploads\/2025\/07\/RIVADAVIA-LOTEO-PLAZA-02-768x512.jpg 768w\" sizes=\"auto, (max-width: 800px) 100vw, 800px\" \/><\/p>\n<p>El espacio inaugurado cuenta con luminarias LED, veredas, cord\u00f3n cuneta, bancos, canteros para los \u00e1rboles y parquizaci\u00f3n, con el objetivo de mejorar la calidad del entorno urbano y fomentar el uso social del espacio p\u00fablico.<\/p>\n<p>Estas tareas se enmarcan dentro del Programa Municipal \u201cPeque\u00f1as Obras Barriales\u201d, que busca ejecutar mejoras r\u00e1pidas, de bajo costo y alto impacto en distintos sectores del departamento.<\/p>\n<p>Con estas iniciativas, la Municipalidad de Rivadavia reafirma su compromiso con la recuperaci\u00f3n del espacio p\u00fablico y la mejora de la calidad de vida de todos los habitantes del departamento.<\/p>\n<p><img loading=\"lazy\" decoding=\"async\" class=\"alignnone size-full wp-image-89133\" src=\"https:\/\/vocesparalelas.com.ar\/sitio\/wp-content\/uploads\/2025\/07\/RIVADAVIA-LOTEO-PLAZA-03.jpg\" alt=\"\" width=\"800\" height=\"533\" srcset=\"https:\/\/vocesparalelas.com.ar\/sitio\/wp-content\/uploads\/2025\/07\/RIVADAVIA-LOTEO-PLAZA-03.jpg 800w, https:\/\/vocesparalelas.com.ar\/sitio\/wp-content\/uploads\/2025\/07\/RIVADAVIA-LOTEO-PLAZA-03-300x200.jpg 300w, https:\/\/vocesparalelas.com.ar\/sitio\/wp-content\/uploads\/2025\/07\/RIVADAVIA-LOTEO-PLAZA-03-768x512.jpg 768w\" sizes=\"auto, (max-width: 800px) 100vw, 800px\" \/><\/p>\n<p>&nbsp;<\/p>\n<p style=\"text-align: right;\">Trabajemos Juntos<br \/>\nRivadavia Ciudad<br \/>\nSergio Miodowsky Intendente<\/p>\n<p>&nbsp;<\/p>\n<p><img loading=\"lazy\" decoding=\"async\" class=\"alignnone size-full wp-image-66896\" src=\"https:\/\/vocesparalelas.com.ar\/sitio\/wp-content\/uploads\/2023\/12\/RIVADAVIA-LOGO-NUEVO.jpg\" alt=\"\" width=\"800\" height=\"533\" srcset=\"https:\/\/vocesparalelas.com.ar\/sitio\/wp-content\/uploads\/2023\/12\/RIVADAVIA-LOGO-NUEVO.jpg 800w, https:\/\/vocesparalelas.com.ar\/sitio\/wp-content\/uploads\/2023\/12\/RIVADAVIA-LOGO-NUEVO-300x200.jpg 300w, https:\/\/vocesparalelas.com.ar\/sitio\/wp-content\/uploads\/2023\/12\/RIVADAVIA-LOGO-NUEVO-768x512.jpg 768w\" sizes=\"auto, (max-width: 800px) 100vw, 800px\" \/><\/p>\n","protected":false},"excerpt":{"rendered":"<p>Con la participaci\u00f3n de autoridades y vecinos, la Municipalidad de la Ciudad de Rivadavia inaugur\u00f3 las obras del renovado espacio<\/p>\n","protected":false},"author":3,"featured_media":89131,"comment_status":"closed","ping_status":"closed","sticky":false,"template":"","format":"standard","meta":{"_acf_changed":false,"_seopress_robots_primary_cat":"none","_seopress_titles_title":"","_seopress_titles_desc":"","_seopress_robots_index":"","colormag_page_container_layout":"default_layout","colormag_page_sidebar_layout":"default_layout","footnotes":""},"categories":[1],"tags":[],"class_list":["post-89128","post","type-post","status-publish","format-standard","has-post-thumbnail","hentry","category-destacadas"],"acf":[],"_links":{"self":[{"href":"https:\/\/vocesparalelas.com.ar\/sitio\/wp-json\/wp\/v2\/posts\/89128","targetHints":{"allow":["GET"]}}],"collection":[{"href":"https:\/\/vocesparalelas.com.ar\/sitio\/wp-json\/wp\/v2\/posts"}],"about":[{"href":"https:\/\/vocesparalelas.com.ar\/sitio\/wp-json\/wp\/v2\/types\/post"}],"author":[{"embeddable":true,"href":"https:\/\/vocesparalelas.com.ar\/sitio\/wp-json\/wp\/v2\/users\/3"}],"replies":[{"embeddable":true,"href":"https:\/\/vocesparalelas.com.ar\/sitio\/wp-json\/wp\/v2\/comments?post=89128"}],"version-history":[{"count":1,"href":"https:\/\/vocesparalelas.com.ar\/sitio\/wp-json\/wp\/v2\/posts\/89128\/revisions"}],"predecessor-version":[{"id":89134,"href":"https:\/\/vocesparalelas.com.ar\/sitio\/wp-json\/wp\/v2\/posts\/89128\/revisions\/89134"}],"wp:featuredmedia":[{"embeddable":true,"href":"https:\/\/vocesparalelas.com.ar\/sitio\/wp-json\/wp\/v2\/media\/89131"}],"wp:attachment":[{"href":"https:\/\/vocesparalelas.com.ar\/sitio\/wp-json\/wp\/v2\/media?parent=89128"}],"wp:term":[{"taxonomy":"category","embeddable":true,"href":"https:\/\/vocesparalelas.com.ar\/sitio\/wp-json\/wp\/v2\/categories?post=89128"},{"taxonomy":"post_tag","embeddable":true,"href":"https:\/\/vocesparalelas.com.ar\/sitio\/wp-json\/wp\/v2\/tags?post=89128"}],"curies":[{"name":"wp","href":"https:\/\/api.w.org\/{rel}","templated":true}]}}