{"id":89108,"date":"2025-07-23T21:27:02","date_gmt":"2025-07-24T00:27:02","guid":{"rendered":"https:\/\/vocesparalelas.com.ar\/sitio\/?p=89108"},"modified":"2025-07-24T01:28:14","modified_gmt":"2025-07-24T04:28:14","slug":"se-fortalece-el-plan-de-pavimentos-urbanos-en-san-juan","status":"publish","type":"post","link":"https:\/\/vocesparalelas.com.ar\/sitio\/se-fortalece-el-plan-de-pavimentos-urbanos-en-san-juan\/","title":{"rendered":"Se fortalece el Plan de Pavimentos Urbanos en San Juan"},"content":{"rendered":"<p>El barrio Luz y Fuerza, Departamento Pocito, ya cuenta con la pavimentaci\u00f3n total de sus calles, representando un trascendental avance en el plan Provincial de Pavimentos Urbanos que se desarrolla a lo largo y ancho de San Juan.<\/p>\n<p>En este contexto, el gobernador de San Juan, Dr. Marcelo Orrego dej\u00f3 inaugurada otra obra de asfalto que se extiende por m\u00e1s de 12 cuadras y que aporta una mejora necesaria y muy esperada por los vecinos de la zona.<\/p>\n<p>Participaron el director de Vialidad Provincial Ing. Omar Lucero, el intendente de la Municipalidad de Pocito, Prof. Fabi\u00e1n Aballay, las diputadas nacionales por San Juan, Dra. Nancy Pic\u00f3n y Mar\u00eda de los \u00c1ngeles Moreno, la ministra de Gobierno Dra. Laura Palma, la secretaria de Turismo, Dra. Bel\u00e9n Barboza, concejales del departamento, entre otros funcionarios, adem\u00e1s de vecinos del barrio.<\/p>\n<p>El gobernador de San Juan, Dr. Marcelo Orrego describi\u00f3 que \u00abeste tipo de obras son muy esperadas, que nosotros cuando decidimos desarrollarlas pensamos de qu\u00e9 forma, de qu\u00e9 manera colaborar, proponer y que sea un plan bien federal para los distintos departamentos de San Juan. Para poder llegar con obras que definitivamente sean tangibles\u00bb.<\/p>\n<p>\u00abAquellos que venimos del municipalismo, conocemos lo importante que es gestionar estas obras, y lo que son para la gente, porque no solo mejoran la seguridad vial, sino que hacen que haya mejor intercomunicaci\u00f3n en las jurisdicciones de cada uno de los departamentos\u00bb.<\/p>\n<p>\u00abTenemos que trabajar de manera conjunta en estas \u00e9pocas dif\u00edciles, porque de una crisis no se sale de un d\u00eda para otro, pero claramente si estamos unidos no hay obst\u00e1culo que no podamos superar\u00bb &#8211; concluy\u00f3 el Gobernador, Dr. Marcelo Orrego.<\/p>\n<p><iframe loading=\"lazy\" title=\"Comenz\u00f3 la primer etapa del Plan de Pavimentos Urbanos en los 19 municipios de San Juan\" width=\"800\" height=\"450\" src=\"https:\/\/www.youtube.com\/embed\/xxbWyo04C5U?feature=oembed\" frameborder=\"0\" allow=\"accelerometer; autoplay; clipboard-write; encrypted-media; gyroscope; picture-in-picture; web-share\" referrerpolicy=\"strict-origin-when-cross-origin\" allowfullscreen><\/iframe><\/p>\n<p><strong><span style=\"color: #ff6600;\">Sobre el asfalto del barrio Luz y Fuerza<\/span><\/strong><\/p>\n<p>Estas obras se inscriben en el marco del Plan Provincial de Pavimentos Urbanos, con el cual el Gobierno de San Juan avanza con obras viales en todos los departamentos, tras firmarse oportunamente convenios con los municipios en pos de renovar la Red Vial Urbana Municipal.<\/p>\n<p>Para los trabajos en las arterias del barrio Luz y Fuerza se destin\u00f3 una inversi\u00f3n de $177.298.090, provenientes \u00edntegramente de recursos provinciales.<\/p>\n<p>La pavimentaci\u00f3n se desarroll\u00f3 a lo largo de 1.203 metros con un ancho promedio de 6,2 metros, totalizando la superficie asfaltada 7.440 m2.<\/p>\n<p>Mediante este programa, se busca adecuar las condiciones de transitabilidad, mejorar la circulaci\u00f3n del transporte p\u00fablico, y facilitar el acceso a lugares de trabajo, centros de salud, escuelas, \u00e1reas comerciales, productivas y espacios de recreaci\u00f3n.<\/p>\n<p>Entre las principales tareas ejecutadas en el barrio se destacan el reacondicionamiento de la base granular, riego de imprimaci\u00f3n con ECI y pavimentaci\u00f3n con mezcla bituminosa tipo concreto asf\u00e1ltico en caliente con espesor de 4 cent\u00edmetros.<\/p>\n<p>Actualmente, la Direcci\u00f3n de Vialidad Provincial trabaja en m\u00e1s de 10 departamentos gracias a este plan, que persigue no solo transformar la infraestructura urbana, sino tambi\u00e9n mejorar la calidad de vida de los vecinos, optimizar la conectividad interna de cada departamento y fortalecer el desarrollo local.<\/p>\n<p>Ya se inauguraron obras en los Departamentos San Mart\u00edn, Rawson, Rivadavia y Santa Luc\u00eda y la tarea contin\u00faa en varias zonas de San Juan.<\/p>\n<p><img loading=\"lazy\" decoding=\"async\" class=\"alignnone size-full wp-image-65642\" src=\"https:\/\/vocesparalelas.com.ar\/sitio\/wp-content\/uploads\/2023\/11\/GOBIERNO-SAN-JUAN.jpg\" alt=\"\" width=\"800\" height=\"600\" srcset=\"https:\/\/vocesparalelas.com.ar\/sitio\/wp-content\/uploads\/2023\/11\/GOBIERNO-SAN-JUAN.jpg 800w, https:\/\/vocesparalelas.com.ar\/sitio\/wp-content\/uploads\/2023\/11\/GOBIERNO-SAN-JUAN-300x225.jpg 300w, https:\/\/vocesparalelas.com.ar\/sitio\/wp-content\/uploads\/2023\/11\/GOBIERNO-SAN-JUAN-768x576.jpg 768w\" sizes=\"auto, (max-width: 800px) 100vw, 800px\" \/><\/p>\n","protected":false},"excerpt":{"rendered":"<p>El barrio Luz y Fuerza, Departamento Pocito, ya cuenta con la pavimentaci\u00f3n total de sus calles, representando un trascendental avance<\/p>\n","protected":false},"author":3,"featured_media":89111,"comment_status":"closed","ping_status":"closed","sticky":false,"template":"","format":"standard","meta":{"_acf_changed":false,"_seopress_robots_primary_cat":"none","_seopress_titles_title":"","_seopress_titles_desc":"","_seopress_robots_index":"","colormag_page_container_layout":"default_layout","colormag_page_sidebar_layout":"default_layout","footnotes":""},"categories":[1,7],"tags":[],"class_list":["post-89108","post","type-post","status-publish","format-standard","has-post-thumbnail","hentry","category-destacadas","category-videos"],"acf":[],"_links":{"self":[{"href":"https:\/\/vocesparalelas.com.ar\/sitio\/wp-json\/wp\/v2\/posts\/89108","targetHints":{"allow":["GET"]}}],"collection":[{"href":"https:\/\/vocesparalelas.com.ar\/sitio\/wp-json\/wp\/v2\/posts"}],"about":[{"href":"https:\/\/vocesparalelas.com.ar\/sitio\/wp-json\/wp\/v2\/types\/post"}],"author":[{"embeddable":true,"href":"https:\/\/vocesparalelas.com.ar\/sitio\/wp-json\/wp\/v2\/users\/3"}],"replies":[{"embeddable":true,"href":"https:\/\/vocesparalelas.com.ar\/sitio\/wp-json\/wp\/v2\/comments?post=89108"}],"version-history":[{"count":3,"href":"https:\/\/vocesparalelas.com.ar\/sitio\/wp-json\/wp\/v2\/posts\/89108\/revisions"}],"predecessor-version":[{"id":89114,"href":"https:\/\/vocesparalelas.com.ar\/sitio\/wp-json\/wp\/v2\/posts\/89108\/revisions\/89114"}],"wp:featuredmedia":[{"embeddable":true,"href":"https:\/\/vocesparalelas.com.ar\/sitio\/wp-json\/wp\/v2\/media\/89111"}],"wp:attachment":[{"href":"https:\/\/vocesparalelas.com.ar\/sitio\/wp-json\/wp\/v2\/media?parent=89108"}],"wp:term":[{"taxonomy":"category","embeddable":true,"href":"https:\/\/vocesparalelas.com.ar\/sitio\/wp-json\/wp\/v2\/categories?post=89108"},{"taxonomy":"post_tag","embeddable":true,"href":"https:\/\/vocesparalelas.com.ar\/sitio\/wp-json\/wp\/v2\/tags?post=89108"}],"curies":[{"name":"wp","href":"https:\/\/api.w.org\/{rel}","templated":true}]}}