{"id":89099,"date":"2025-07-23T23:15:26","date_gmt":"2025-07-24T02:15:26","guid":{"rendered":"https:\/\/vocesparalelas.com.ar\/sitio\/?p=89099"},"modified":"2025-07-24T23:38:47","modified_gmt":"2025-07-25T02:38:47","slug":"la-voluntad-es-la-base-para-dejar-de-fumar-mas-la-ayuda-de-los-profesionales-del-hospital-dr-marcial-quiroga-en-san-juan","status":"publish","type":"post","link":"https:\/\/vocesparalelas.com.ar\/sitio\/la-voluntad-es-la-base-para-dejar-de-fumar-mas-la-ayuda-de-los-profesionales-del-hospital-dr-marcial-quiroga-en-san-juan\/","title":{"rendered":"La Voluntad es la base para dejar de fumar m\u00e1s la ayuda de los profesionales del Hospital Dr. Marcial Quiroga en San Juan"},"content":{"rendered":"<p>El consultorio de Cesaci\u00f3n Tab\u00e1quica del Hospital Dr. Marcial Quiroga del Ministerio de Salud del Gobierno de San Juan, es un espacio de atenci\u00f3n multidisciplinario integrado por neumon\u00f3logos, cardi\u00f3logo y enfermero que brindan apoyo y acompa\u00f1amiento al paciente durante el proceso de dejar de fumar.<\/p>\n<p>Cuando un fumador toma la decisi\u00f3n de asistir y pedir ayuda a los profesionales entra en juego la \u00abvoluntad\u00bb del interesado,<\/p>\n<p>La voluntad se relaciona con la raz\u00f3n, la libertad y la moralidad, as\u00ed como su influencia en la acci\u00f3n humana y la formaci\u00f3n de la personalidad.<\/p>\n<div class=\"WaaZC\">\n<div class=\"RJPOee EIJn2\">\n<div class=\"zMgcWd dSKvsb\" data-il=\"\">\n<div data-crb-p=\"\">\n<div class=\"xFTqob\">\n<div class=\"Gur8Ad\"><span style=\"color: #ff0000;\"><b>\u00bfPor qu\u00e9?<\/b><\/span><\/div>\n<div><\/div>\n<ul>\n<li><span data-huuid=\"12231579718153182740\">Est\u00e1 ligada a la libertad, pero tambi\u00e9n a la capacidad de elegir y actuar de acuerdo con la raz\u00f3n y la moral.<span class=\"pjBG2e\" data-cid=\"b37179d3-c77b-41e7-ae24-6f6a7a82576b\"><span class=\"UV3uM\">\u00a0<\/span><\/span><\/span><\/li>\n<\/ul>\n<div class=\"NPrrbc\" data-cid=\"b37179d3-c77b-41e7-ae24-6f6a7a82576b\" data-uuids=\"12231579718153181935,12231579718153182740\">\n<div class=\"BMebGe btku5b fCrZyc LwdV0e FR7ZSc qVhvac OJeuxf\" tabindex=\"0\" role=\"button\" aria-label=\"Ver v\u00ednculos relacionados\" data-hveid=\"CDoQAQ\" data-ved=\"2ahUKEwjF2qHRt9SOAxW6qJUCHScgK_oQ3fYKegQIOhAB\">\n<div class=\"niO4u\">\n<ul>\n<li class=\"kHtcsd\">Es fundamental para la moralidad, ya que implica la capacidad de elegir entre el bien y el mal y de actuar de acuerdo con principios \u00e9ticos.<span class=\"pjBG2e\" data-cid=\"bed39988-7f23-4e35-a532-4fe784ef4ad2\"><span class=\"UV3uM\">\u00a0<\/span><\/span><\/li>\n<\/ul>\n<\/div>\n<\/div>\n<\/div>\n<\/div>\n<\/div>\n<\/div>\n<div class=\"zMgcWd dSKvsb\" data-il=\"\">\n<div data-crb-p=\"\">\n<div class=\"xFTqob\">\n<div class=\"vM0jzc\">\n<div class=\"NPrrbc\" data-cid=\"bed39988-7f23-4e35-a532-4fe784ef4ad2\" data-uuids=\"12231579718153180254,12231579718153181059\">\n<div class=\"BMebGe btku5b fCrZyc LwdV0e FR7ZSc qVhvac OJeuxf\" tabindex=\"0\" role=\"button\" aria-label=\"Ver v\u00ednculos relacionados\" data-hveid=\"CEEQAQ\" data-ved=\"2ahUKEwjF2qHRt9SOAxW6qJUCHScgK_oQ3fYKegQIQRAB\">\n<div class=\"niO4u\">\n<ul>\n<li class=\"kHtcsd\">Est\u00e1 estrechamente relacionada con la motivaci\u00f3n, ya que implica la capacidad de actuar por razones y motivaciones internas.<span class=\"pjBG2e\" data-cid=\"d64aaf90-7a76-4e75-944b-78a90a412636\"><span class=\"UV3uM\">\u00a0<\/span><\/span><\/li>\n<\/ul>\n<\/div>\n<\/div>\n<\/div>\n<\/div>\n<\/div>\n<\/div>\n<\/div>\n<div class=\"zMgcWd dSKvsb\" data-il=\"\">\n<div data-crb-p=\"\">\n<div class=\"xFTqob\">\n<div class=\"vM0jzc\">\n<div class=\"NPrrbc\" data-cid=\"d64aaf90-7a76-4e75-944b-78a90a412636\" data-uuids=\"12231579718153182669,12231579718153179378\">\n<div class=\"BMebGe btku5b fCrZyc LwdV0e FR7ZSc qVhvac OJeuxf\" tabindex=\"0\" role=\"button\" aria-label=\"Ver v\u00ednculos relacionados\" data-hveid=\"CEAQAQ\" data-ved=\"2ahUKEwjF2qHRt9SOAxW6qJUCHScgK_oQ3fYKegQIQBAB\">\n<div class=\"niO4u\">\n<div class=\"kHtcsd\">En funci\u00f3n de estos aporte, Voces Paralelas desarroll\u00f3 una entrevista period\u00edstica al Dr. Mart\u00edn Fullana, quien es integrante del equipo conformado por el Dr. Eduardo Anzorena, el Dr. Mario Montenegro y la Licenciada Mar\u00eda Gonz\u00e1lez, quienes aplican diferentes recursos y estrategias para ayudar al paciente a dejar de fumar, y encontrar el apoyo adecuado que marca la diferencia en cada proceso con la finalidad de prevenir enfermedades relacionadas con el consumo de tabaco y mejorar la salud y calidad de vida del paciente.<\/div>\n<\/div>\n<\/div>\n<\/div>\n<\/div>\n<\/div>\n<\/div>\n<\/div>\n<\/div>\n<\/div>\n<p>&nbsp;<\/p>\n<p><iframe loading=\"lazy\" title=\"SAN JUAN HMQ DEJAR DE FUMAR  DR MARTIN FULLANA\" width=\"800\" height=\"450\" src=\"https:\/\/www.youtube.com\/embed\/a0HeYPr_Qes?feature=oembed\" frameborder=\"0\" allow=\"accelerometer; autoplay; clipboard-write; encrypted-media; gyroscope; picture-in-picture; web-share\" referrerpolicy=\"strict-origin-when-cross-origin\" allowfullscreen><\/iframe><\/p>\n<p>&nbsp;<\/p>\n<p>&nbsp;<\/p>\n<p><img loading=\"lazy\" decoding=\"async\" class=\"alignnone size-full wp-image-50515\" src=\"https:\/\/vocesparalelas.com.ar\/sitio\/wp-content\/uploads\/2022\/07\/HMQ-FRENTE.jpg\" alt=\"\" width=\"800\" height=\"600\" srcset=\"https:\/\/vocesparalelas.com.ar\/sitio\/wp-content\/uploads\/2022\/07\/HMQ-FRENTE.jpg 800w, https:\/\/vocesparalelas.com.ar\/sitio\/wp-content\/uploads\/2022\/07\/HMQ-FRENTE-300x225.jpg 300w, https:\/\/vocesparalelas.com.ar\/sitio\/wp-content\/uploads\/2022\/07\/HMQ-FRENTE-768x576.jpg 768w\" sizes=\"auto, (max-width: 800px) 100vw, 800px\" \/><\/p>\n<p>&nbsp;<\/p>\n<blockquote class=\"wp-embedded-content\" data-secret=\"2wfhXMu6jK\"><p><a href=\"https:\/\/vocesparalelas.com.ar\/sitio\/espacio-de-atencion-multidisciplinario-para-dejar-de-fumar-en-el-hospital-dr-marcial-quiroga-de-san-juan\/\">Espacio de atenci\u00f3n multidisciplinario para dejar de fumar en el Hospital Dr. Marcial Quiroga de San Juan<\/a><\/p><\/blockquote>\n<p><iframe loading=\"lazy\" class=\"wp-embedded-content\" sandbox=\"allow-scripts\" security=\"restricted\" style=\"position: absolute; visibility: hidden;\" title=\"\u00abEspacio de atenci\u00f3n multidisciplinario para dejar de fumar en el Hospital Dr. Marcial Quiroga de San Juan\u00bb \u2014 Voces Paralelas\" src=\"https:\/\/vocesparalelas.com.ar\/sitio\/espacio-de-atencion-multidisciplinario-para-dejar-de-fumar-en-el-hospital-dr-marcial-quiroga-de-san-juan\/embed\/#?secret=U99n99dapP#?secret=2wfhXMu6jK\" data-secret=\"2wfhXMu6jK\" width=\"600\" height=\"338\" frameborder=\"0\" marginwidth=\"0\" marginheight=\"0\" scrolling=\"no\"><\/iframe><\/p>\n","protected":false},"excerpt":{"rendered":"<p>El consultorio de Cesaci\u00f3n Tab\u00e1quica del Hospital Dr. Marcial Quiroga del Ministerio de Salud del Gobierno de San Juan, es<\/p>\n","protected":false},"author":3,"featured_media":89102,"comment_status":"closed","ping_status":"closed","sticky":false,"template":"","format":"standard","meta":{"_acf_changed":false,"_seopress_robots_primary_cat":"none","_seopress_titles_title":"","_seopress_titles_desc":"","_seopress_robots_index":"","colormag_page_container_layout":"default_layout","colormag_page_sidebar_layout":"default_layout","footnotes":""},"categories":[2,7],"tags":[],"class_list":["post-89099","post","type-post","status-publish","format-standard","has-post-thumbnail","hentry","category-convocatorias","category-videos"],"acf":[],"_links":{"self":[{"href":"https:\/\/vocesparalelas.com.ar\/sitio\/wp-json\/wp\/v2\/posts\/89099","targetHints":{"allow":["GET"]}}],"collection":[{"href":"https:\/\/vocesparalelas.com.ar\/sitio\/wp-json\/wp\/v2\/posts"}],"about":[{"href":"https:\/\/vocesparalelas.com.ar\/sitio\/wp-json\/wp\/v2\/types\/post"}],"author":[{"embeddable":true,"href":"https:\/\/vocesparalelas.com.ar\/sitio\/wp-json\/wp\/v2\/users\/3"}],"replies":[{"embeddable":true,"href":"https:\/\/vocesparalelas.com.ar\/sitio\/wp-json\/wp\/v2\/comments?post=89099"}],"version-history":[{"count":1,"href":"https:\/\/vocesparalelas.com.ar\/sitio\/wp-json\/wp\/v2\/posts\/89099\/revisions"}],"predecessor-version":[{"id":89103,"href":"https:\/\/vocesparalelas.com.ar\/sitio\/wp-json\/wp\/v2\/posts\/89099\/revisions\/89103"}],"wp:featuredmedia":[{"embeddable":true,"href":"https:\/\/vocesparalelas.com.ar\/sitio\/wp-json\/wp\/v2\/media\/89102"}],"wp:attachment":[{"href":"https:\/\/vocesparalelas.com.ar\/sitio\/wp-json\/wp\/v2\/media?parent=89099"}],"wp:term":[{"taxonomy":"category","embeddable":true,"href":"https:\/\/vocesparalelas.com.ar\/sitio\/wp-json\/wp\/v2\/categories?post=89099"},{"taxonomy":"post_tag","embeddable":true,"href":"https:\/\/vocesparalelas.com.ar\/sitio\/wp-json\/wp\/v2\/tags?post=89099"}],"curies":[{"name":"wp","href":"https:\/\/api.w.org\/{rel}","templated":true}]}}