{"id":89085,"date":"2025-07-22T21:46:00","date_gmt":"2025-07-23T00:46:00","guid":{"rendered":"https:\/\/vocesparalelas.com.ar\/sitio\/?p=89085"},"modified":"2025-07-24T00:51:05","modified_gmt":"2025-07-24T03:51:05","slug":"festival-de-coros-con-todas-las-voces-junto-a-la-solidaridad-de-san-juan","status":"publish","type":"post","link":"https:\/\/vocesparalelas.com.ar\/sitio\/festival-de-coros-con-todas-las-voces-junto-a-la-solidaridad-de-san-juan\/","title":{"rendered":"Festival de Coros \u201cCon todas las voces\u201d junto a la solidaridad de San Juan"},"content":{"rendered":"<p>El Complejo Auditorio Juan Victoria invita a una noche donde la m\u00fasica coral se une con la solidaridad, el Jueves, 24 de Julio, a las\u00a021 hs.; se realiza el Festival de Coros \u201cCon todas las voces\u201d\u00a0en el que se presentan el Coro Universitario, Coro Arturo Beruti, Coro Santa Gema, Coro Los Jilgueritos, Coro de Ni\u00f1os Preparatorio y Coro de Ni\u00f1os y J\u00f3venes.<\/p>\n<p><iframe loading=\"lazy\" title=\"UNSJ CONCIERTO GALA 50\u00b0ANIVERSARIO UNSJ\" width=\"800\" height=\"450\" src=\"https:\/\/www.youtube.com\/embed\/lXqSLVnloGE?feature=oembed\" frameborder=\"0\" allow=\"accelerometer; autoplay; clipboard-write; encrypted-media; gyroscope; picture-in-picture; web-share\" referrerpolicy=\"strict-origin-when-cross-origin\" allowfullscreen><\/iframe><\/p>\n<p>La entrada es solidaria\u00a0por lo que se puede ingresar llevando\u00a0juguetes, pa\u00f1ales o art\u00edculos de librer\u00eda. Lo recaudado es destinado a CUVHONI, para seguir acompa\u00f1ando a los ni\u00f1os\/as que m\u00e1s lo necesitan.<\/p>\n<p>Cuvhoni es una ONG cuyo objetivo es la contenci\u00f3n afectiva y material en el momento traum\u00e1tico que supone la internaci\u00f3n del ni\u00f1o\/a enfermo\/a.<\/p>\n<p>El evento es en adhesi\u00f3n al 55\u00b0 aniversario del Complejo Cultural Auditorio Juan Victoria.<\/p>\n<figure id=\"attachment_61468\" aria-describedby=\"caption-attachment-61468\" style=\"width: 800px\" class=\"wp-caption alignnone\"><img loading=\"lazy\" decoding=\"async\" class=\"size-full wp-image-61468\" src=\"https:\/\/vocesparalelas.com.ar\/sitio\/wp-content\/uploads\/2023\/07\/AUDITORIO-EDIFICIO.jpg\" alt=\"\" width=\"800\" height=\"533\" srcset=\"https:\/\/vocesparalelas.com.ar\/sitio\/wp-content\/uploads\/2023\/07\/AUDITORIO-EDIFICIO.jpg 800w, https:\/\/vocesparalelas.com.ar\/sitio\/wp-content\/uploads\/2023\/07\/AUDITORIO-EDIFICIO-300x200.jpg 300w, https:\/\/vocesparalelas.com.ar\/sitio\/wp-content\/uploads\/2023\/07\/AUDITORIO-EDIFICIO-768x512.jpg 768w\" sizes=\"auto, (max-width: 800px) 100vw, 800px\" \/><figcaption id=\"caption-attachment-61468\" class=\"wp-caption-text\">Auditorio Ing. Juan Victoria, Departamento Capital, Provincia San Juan, Rep\u00fablica Argentita<\/figcaption><\/figure>\n","protected":false},"excerpt":{"rendered":"<p>El Complejo Auditorio Juan Victoria invita a una noche donde la m\u00fasica coral se une con la solidaridad, el Jueves,<\/p>\n","protected":false},"author":3,"featured_media":64503,"comment_status":"closed","ping_status":"closed","sticky":false,"template":"","format":"standard","meta":{"_acf_changed":false,"_seopress_robots_primary_cat":"none","_seopress_titles_title":"","_seopress_titles_desc":"","_seopress_robots_index":"","colormag_page_container_layout":"default_layout","colormag_page_sidebar_layout":"default_layout","footnotes":""},"categories":[20,7],"tags":[],"class_list":["post-89085","post","type-post","status-publish","format-standard","has-post-thumbnail","hentry","category-cartelera","category-videos"],"acf":[],"_links":{"self":[{"href":"https:\/\/vocesparalelas.com.ar\/sitio\/wp-json\/wp\/v2\/posts\/89085","targetHints":{"allow":["GET"]}}],"collection":[{"href":"https:\/\/vocesparalelas.com.ar\/sitio\/wp-json\/wp\/v2\/posts"}],"about":[{"href":"https:\/\/vocesparalelas.com.ar\/sitio\/wp-json\/wp\/v2\/types\/post"}],"author":[{"embeddable":true,"href":"https:\/\/vocesparalelas.com.ar\/sitio\/wp-json\/wp\/v2\/users\/3"}],"replies":[{"embeddable":true,"href":"https:\/\/vocesparalelas.com.ar\/sitio\/wp-json\/wp\/v2\/comments?post=89085"}],"version-history":[{"count":2,"href":"https:\/\/vocesparalelas.com.ar\/sitio\/wp-json\/wp\/v2\/posts\/89085\/revisions"}],"predecessor-version":[{"id":89089,"href":"https:\/\/vocesparalelas.com.ar\/sitio\/wp-json\/wp\/v2\/posts\/89085\/revisions\/89089"}],"wp:featuredmedia":[{"embeddable":true,"href":"https:\/\/vocesparalelas.com.ar\/sitio\/wp-json\/wp\/v2\/media\/64503"}],"wp:attachment":[{"href":"https:\/\/vocesparalelas.com.ar\/sitio\/wp-json\/wp\/v2\/media?parent=89085"}],"wp:term":[{"taxonomy":"category","embeddable":true,"href":"https:\/\/vocesparalelas.com.ar\/sitio\/wp-json\/wp\/v2\/categories?post=89085"},{"taxonomy":"post_tag","embeddable":true,"href":"https:\/\/vocesparalelas.com.ar\/sitio\/wp-json\/wp\/v2\/tags?post=89085"}],"curies":[{"name":"wp","href":"https:\/\/api.w.org\/{rel}","templated":true}]}}