{"id":89080,"date":"2025-07-22T21:38:52","date_gmt":"2025-07-23T00:38:52","guid":{"rendered":"https:\/\/vocesparalelas.com.ar\/sitio\/?p=89080"},"modified":"2025-07-24T16:42:43","modified_gmt":"2025-07-24T19:42:43","slug":"festival-internacional-para-coros-infantiles-y-juveniles-en-el-canto-hay-unidad-en-san-juan","status":"publish","type":"post","link":"https:\/\/vocesparalelas.com.ar\/sitio\/festival-internacional-para-coros-infantiles-y-juveniles-en-el-canto-hay-unidad-en-san-juan\/","title":{"rendered":"\u00a0Festival Internacional para Coros Infantiles y Juveniles \u201cEn el canto hay unidad\u201d\u00a0en San Juan"},"content":{"rendered":"<p>El\u00a0Festival Internacional para Coros Infantiles y Juveniles \u201cEn el canto hay unidad\u201d\u00a0es un encuentro pensado para celebrar la m\u00fasica coral en un espacio de respeto, alegr\u00eda y compa\u00f1erismo. Ser\u00e1 los d\u00edas 15 y 16 de agosto de 2025 en la provincia de San Juan y reunir\u00e1 a coros infantiles y juveniles del pa\u00eds y del mundo que compartan el amor por el canto colectivo.<\/p>\n<p>Est\u00e1 organizado por la Secretar\u00eda de Extensi\u00f3n y los Coros de ni\u00f1os del Centro de Creaci\u00f3n Art\u00edstica Coral de la Facultad de Filosof\u00eda, Humanidades y Artes de la Universidad Nacional de San Juan.<\/p>\n<p>El director de los Coros de Ni\u00f1os de la UNSJ, Prof. Jorge Fuentes remarc\u00f3 que \u00abeste festival no es competitivo y tiene como prop\u00f3sito generar un espacio de intercambio, de difusi\u00f3n de la m\u00fasica coral, de formaci\u00f3n y crecimiento art\u00edstico y humano. Son 2 d\u00edas a <i>full<\/i>, vienen coros de otros pa\u00edses y otras provincias, se est\u00e1n inscribiendo todav\u00eda. Confirmado tenemos gente de Corrientes, de C\u00f3rdoba, de San Juan y de La Serena, Chile\u201d.<\/p>\n<p>En esta oportunidad, se da en el marco de los festejos del d\u00eda de las infancias y recibir\u00e1n al maestro Oscar Escalada (La Plata, Bueno Aires, Argentina) quien estar\u00e1 a cargo del trabajo coral de las obras que interpretar\u00e1n todos los coros participantes y del taller \u201cUn coro en cada aula\u201d para directores de coro y educadores musicales.<\/p>\n<p>Los talleres se realizan en las salas del Teatro del Bicentenario y los conciertos en la sala del Auditorio Juan Victoria.<\/p>\n<p><span style=\"color: #ff6600;\"><strong>Cronograma<\/strong><\/span><\/p>\n<p><a href=\"https:\/\/vocesparalelas.com.ar\/sitio\/wp-content\/uploads\/2025\/07\/Bases-Festival-En-el-canto-hay-unidad-2025.pdf\">Bases Festival En el canto hay unidad 2025<\/a><\/p>\n<p><img loading=\"lazy\" decoding=\"async\" class=\"alignnone size-large wp-image-21666\" src=\"https:\/\/vocesparalelas.com.ar\/sitio\/wp-content\/uploads\/2019\/06\/TEATRO-BICENTENARIO-10-800x600.jpg\" alt=\"\" width=\"800\" height=\"600\" srcset=\"https:\/\/vocesparalelas.com.ar\/sitio\/wp-content\/uploads\/2019\/06\/TEATRO-BICENTENARIO-10-800x600.jpg 800w, https:\/\/vocesparalelas.com.ar\/sitio\/wp-content\/uploads\/2019\/06\/TEATRO-BICENTENARIO-10-300x225.jpg 300w, https:\/\/vocesparalelas.com.ar\/sitio\/wp-content\/uploads\/2019\/06\/TEATRO-BICENTENARIO-10-768x576.jpg 768w, https:\/\/vocesparalelas.com.ar\/sitio\/wp-content\/uploads\/2019\/06\/TEATRO-BICENTENARIO-10.jpg 1000w\" sizes=\"auto, (max-width: 800px) 100vw, 800px\" \/><\/p>\n","protected":false},"excerpt":{"rendered":"<p>El\u00a0Festival Internacional para Coros Infantiles y Juveniles \u201cEn el canto hay unidad\u201d\u00a0es un encuentro pensado para celebrar la m\u00fasica coral<\/p>\n","protected":false},"author":3,"featured_media":64215,"comment_status":"closed","ping_status":"closed","sticky":false,"template":"","format":"standard","meta":{"_acf_changed":false,"_seopress_robots_primary_cat":"none","_seopress_titles_title":"","_seopress_titles_desc":"","_seopress_robots_index":"","colormag_page_container_layout":"default_layout","colormag_page_sidebar_layout":"default_layout","footnotes":""},"categories":[20],"tags":[],"class_list":["post-89080","post","type-post","status-publish","format-standard","has-post-thumbnail","hentry","category-cartelera"],"acf":[],"_links":{"self":[{"href":"https:\/\/vocesparalelas.com.ar\/sitio\/wp-json\/wp\/v2\/posts\/89080","targetHints":{"allow":["GET"]}}],"collection":[{"href":"https:\/\/vocesparalelas.com.ar\/sitio\/wp-json\/wp\/v2\/posts"}],"about":[{"href":"https:\/\/vocesparalelas.com.ar\/sitio\/wp-json\/wp\/v2\/types\/post"}],"author":[{"embeddable":true,"href":"https:\/\/vocesparalelas.com.ar\/sitio\/wp-json\/wp\/v2\/users\/3"}],"replies":[{"embeddable":true,"href":"https:\/\/vocesparalelas.com.ar\/sitio\/wp-json\/wp\/v2\/comments?post=89080"}],"version-history":[{"count":1,"href":"https:\/\/vocesparalelas.com.ar\/sitio\/wp-json\/wp\/v2\/posts\/89080\/revisions"}],"predecessor-version":[{"id":89084,"href":"https:\/\/vocesparalelas.com.ar\/sitio\/wp-json\/wp\/v2\/posts\/89080\/revisions\/89084"}],"wp:featuredmedia":[{"embeddable":true,"href":"https:\/\/vocesparalelas.com.ar\/sitio\/wp-json\/wp\/v2\/media\/64215"}],"wp:attachment":[{"href":"https:\/\/vocesparalelas.com.ar\/sitio\/wp-json\/wp\/v2\/media?parent=89080"}],"wp:term":[{"taxonomy":"category","embeddable":true,"href":"https:\/\/vocesparalelas.com.ar\/sitio\/wp-json\/wp\/v2\/categories?post=89080"},{"taxonomy":"post_tag","embeddable":true,"href":"https:\/\/vocesparalelas.com.ar\/sitio\/wp-json\/wp\/v2\/tags?post=89080"}],"curies":[{"name":"wp","href":"https:\/\/api.w.org\/{rel}","templated":true}]}}