{"id":89066,"date":"2025-07-22T21:37:16","date_gmt":"2025-07-23T00:37:16","guid":{"rendered":"https:\/\/vocesparalelas.com.ar\/sitio\/?p=89066"},"modified":"2025-07-22T21:37:42","modified_gmt":"2025-07-23T00:37:42","slug":"jornada-mujeres-legislando-ayer-hoy-y-siempre-en-la-camara-de-diputados-de-san-juan","status":"publish","type":"post","link":"https:\/\/vocesparalelas.com.ar\/sitio\/jornada-mujeres-legislando-ayer-hoy-y-siempre-en-la-camara-de-diputados-de-san-juan\/","title":{"rendered":"Jornada \u201cMujeres legislando: Ayer, Hoy y Siempre\u201d en la C\u00e1mara de Diputados de San Juan"},"content":{"rendered":"<p>Con la presencia del vicegobernador de San Juan, Dr. Fabi\u00e1n Mart\u00edn, la C\u00e1mara de Diputados desarroll\u00f3 el Martes, 22 de Julio una emotiva actividad institucional centrada en el legado de Emar Acosta y en el protagonismo de la mujer en la elaboraci\u00f3n de leyes.<\/p>\n<p>La actividad, organizada por la Oficina de Informaci\u00f3n Parlamentaria junto a la diputada Mar\u00eda Rita Lascano, se llev\u00f3 a cabo en el auditorio \u201cEmar Acosta\u201d del edificio anexo de la Legislatura.<\/p>\n<p>Estuvieron presentes los diputados Marcela Quiroga, Juan de la Cruz C\u00f3rdoba, M\u00f3nica Gonz\u00e1lez, Alejandra Leonardo, Rosana Luque y Andr\u00e9s Castro; les secretarios Administrativo, Jorge Fern\u00e1ndez, y Legislativo, Gustavo Velert; el director de Informaci\u00f3n Parlamentaria, Sergio Peralta; la diputada nacional, Nancy Picon; la directora de Relaciones Institucionales del Ministerio de Gobierno, Claudia Sarmiento; la mag\u00edster Alejandra Ferrari, disertante principal de la jornada; entre otras autoridades<\/p>\n<p>La jornada se titul\u00f3\u00a0\u201cMujeres legislando: Ayer, Hoy y Siempre\u201d\u00a0y tuvo como eje central visibilizar el camino recorrido por las mujeres en el \u00e1mbito parlamentario, a partir de la figura de Emar Acosta (primera diputada de Latinoam\u00e9rica) y el rol actual que cumplen las legisladoras como representantes y autoras de leyes. Se destacaron los avances en t\u00e9rminos de derechos pol\u00edticos y sociales, pero tambi\u00e9n la necesidad de seguir construyendo espacios equitativos y diversos dentro del sistema democr\u00e1tico.<\/p>\n<p>Durante su discurso, el vicegobernador Dr. Fabi\u00e1n Mart\u00edn valor\u00f3 la realizaci\u00f3n del encuentro, el legado de Emar Acosta y la vigencia del debate: \u201cHablar de Emar Acosta es hablar de una mujer extraordinaria. No solo fue la primera legisladora en Latinoam\u00e9rica, sino una profesional que abri\u00f3 caminos en tiempos muy dif\u00edciles para las mujeres. Su historia no puede circunscribirse solo a su g\u00e9nero, sino que hay que reconocerla por su enorme capacidad, compromiso y trascendencia como ser humano\u201d.<\/p>\n<p>Adem\u00e1s, destac\u00f3 el aporte de las mujeres en la gesti\u00f3n p\u00fablica y expres\u00f3 que\u00a0\u201ca lo largo de mi trayectoria he trabajado con muchas mujeres, siempre elegidas por sus capacidades, su responsabilidad y su compromiso con lo p\u00fablico. No se trata de cumplir con cupos, sino de reconocer m\u00e9ritos. Las mujeres que hoy legislan en San Juan lo hacen por derecho propio y con gran vocaci\u00f3n de servicio\u201d.<\/p>\n<p>Por su parte, la\u00a0diputada Mar\u00eda Rita Lascano\u00a0agradeci\u00f3 al vicegobernador por impulsar y apoyar iniciativas que promuevan la igualdad y la participaci\u00f3n de las mujeres.\u00a0\u201cEsta actividad es posible gracias a una decisi\u00f3n pol\u00edtica clara: visibilizar el trabajo de las mujeres en la C\u00e1mara. Queremos rescatar a figuras como Emar Acosta, pero tambi\u00e9n honrar a todas las legisladoras que han representado a San Juan a lo largo del tiempo. Hoy estamos transitando el camino hacia el centenario de los derechos pol\u00edticos de las mujeres en la provincia, y es una oportunidad para profundizar ese legado\u201d\u00a0afirm\u00f3.<\/p>\n<p>Sergio Peralta, director de Informaci\u00f3n Parlamentaria, celebr\u00f3 la realizaci\u00f3n del evento en el auditorio que lleva el nombre de Emar Acosta y destac\u00f3 que\u00a0\u201cquer\u00edamos poner en valor el papel de la mujer como hacedora de leyes, como representante de la comunidad y como constructora de ideas en la C\u00e1mara. Esta es solo una primera actividad, pero creemos que es fundamental seguir abriendo espacios para reconocer el pasado, analizar el presente y proyectar el futuro de la participaci\u00f3n femenina en el \u00e1mbito legislativo\u201d.<\/p>\n<p>La jornada continu\u00f3 una muestra audiovisual especialmente preparada por el equipo de Informaci\u00f3n Parlamentaria con material recuperado, entre otros lugares, del Archivo Hist\u00f3rico de la Provincia; para luego dar paso a la disertaci\u00f3n de la mag\u00edster Alejandra Ferrari, quien expuso sobre la vida y obra de Emar Acosta.<\/p>\n<p><img loading=\"lazy\" decoding=\"async\" class=\"alignnone size-full wp-image-89069\" src=\"https:\/\/vocesparalelas.com.ar\/sitio\/wp-content\/uploads\/2025\/07\/CDSJ-MUJERES-LEGISLADORAS-01.jpg\" alt=\"\" width=\"800\" height=\"534\" srcset=\"https:\/\/vocesparalelas.com.ar\/sitio\/wp-content\/uploads\/2025\/07\/CDSJ-MUJERES-LEGISLADORAS-01.jpg 800w, https:\/\/vocesparalelas.com.ar\/sitio\/wp-content\/uploads\/2025\/07\/CDSJ-MUJERES-LEGISLADORAS-01-300x200.jpg 300w, https:\/\/vocesparalelas.com.ar\/sitio\/wp-content\/uploads\/2025\/07\/CDSJ-MUJERES-LEGISLADORAS-01-768x513.jpg 768w\" sizes=\"auto, (max-width: 800px) 100vw, 800px\" \/><\/p>\n","protected":false},"excerpt":{"rendered":"<p>Con la presencia del vicegobernador de San Juan, Dr. Fabi\u00e1n Mart\u00edn, la C\u00e1mara de Diputados desarroll\u00f3 el Martes, 22 de<\/p>\n","protected":false},"author":3,"featured_media":89070,"comment_status":"closed","ping_status":"closed","sticky":false,"template":"","format":"standard","meta":{"_acf_changed":false,"_seopress_robots_primary_cat":"none","_seopress_titles_title":"","_seopress_titles_desc":"","_seopress_robots_index":"","colormag_page_container_layout":"default_layout","colormag_page_sidebar_layout":"default_layout","footnotes":""},"categories":[1],"tags":[],"class_list":["post-89066","post","type-post","status-publish","format-standard","has-post-thumbnail","hentry","category-destacadas"],"acf":[],"_links":{"self":[{"href":"https:\/\/vocesparalelas.com.ar\/sitio\/wp-json\/wp\/v2\/posts\/89066","targetHints":{"allow":["GET"]}}],"collection":[{"href":"https:\/\/vocesparalelas.com.ar\/sitio\/wp-json\/wp\/v2\/posts"}],"about":[{"href":"https:\/\/vocesparalelas.com.ar\/sitio\/wp-json\/wp\/v2\/types\/post"}],"author":[{"embeddable":true,"href":"https:\/\/vocesparalelas.com.ar\/sitio\/wp-json\/wp\/v2\/users\/3"}],"replies":[{"embeddable":true,"href":"https:\/\/vocesparalelas.com.ar\/sitio\/wp-json\/wp\/v2\/comments?post=89066"}],"version-history":[{"count":2,"href":"https:\/\/vocesparalelas.com.ar\/sitio\/wp-json\/wp\/v2\/posts\/89066\/revisions"}],"predecessor-version":[{"id":89072,"href":"https:\/\/vocesparalelas.com.ar\/sitio\/wp-json\/wp\/v2\/posts\/89066\/revisions\/89072"}],"wp:featuredmedia":[{"embeddable":true,"href":"https:\/\/vocesparalelas.com.ar\/sitio\/wp-json\/wp\/v2\/media\/89070"}],"wp:attachment":[{"href":"https:\/\/vocesparalelas.com.ar\/sitio\/wp-json\/wp\/v2\/media?parent=89066"}],"wp:term":[{"taxonomy":"category","embeddable":true,"href":"https:\/\/vocesparalelas.com.ar\/sitio\/wp-json\/wp\/v2\/categories?post=89066"},{"taxonomy":"post_tag","embeddable":true,"href":"https:\/\/vocesparalelas.com.ar\/sitio\/wp-json\/wp\/v2\/tags?post=89066"}],"curies":[{"name":"wp","href":"https:\/\/api.w.org\/{rel}","templated":true}]}}