{"id":89056,"date":"2025-07-22T17:49:00","date_gmt":"2025-07-22T20:49:00","guid":{"rendered":"https:\/\/vocesparalelas.com.ar\/sitio\/?p=89056"},"modified":"2025-07-22T21:27:29","modified_gmt":"2025-07-23T00:27:29","slug":"sorteo-provincial-de-vivienda-san-juan-2025","status":"publish","type":"post","link":"https:\/\/vocesparalelas.com.ar\/sitio\/sorteo-provincial-de-vivienda-san-juan-2025\/","title":{"rendered":"Sorteo Provincial de Vivienda \u00abSan Juan 2025\u00bb"},"content":{"rendered":"<p>El Instituto Provincial de la Vivienda del Ministerio de Infraestructura, Agua y Energ\u00eda, del Gobierno de San Juan informa a las m\u00e1s de 44 mil familias inscriptas en el Sorteo Provincial de Viviendas \u2013 San Juan 2025 los datos principales para tener en cuenta en la previa a la adjudicaci\u00f3n de 219 unidades habitacionales.<\/p>\n<p>El sorteo se desarrolla el Mi\u00e9rcoles, 23 de julio en la Caja de Acci\u00f3n Social de la Provincia y se transmite<\/p>\n<p><a href=\"https:\/\/sisanjuan.gob.ar\/transmision-en-vivo\/2025-07-23\/63020-segui-en-vivo-el-sorteo-provincial-de-viviendas-en-san-juan\">https:\/\/sisanjuan.gob.ar\/transmision-en-vivo\/2025-07-23\/63020-segui-en-vivo-el-sorteo-provincial-de-viviendas-en-san-juan<\/a><\/p>\n<p>Las viviendas corresponden a barrios ubicados en Capital, Rawson, Chimbas, Ullum, J\u00e1chal y 9 de Julio.<\/p>\n<p><span style=\"color: #ff6600;\"><b>\u00bfC\u00f3mo ser\u00e1 el sorteo?<\/b><\/span><\/p>\n<p>El sorteo se realiza desde las 8 h en la sala de sorteos de la Caja de Acci\u00f3n Social, con una duraci\u00f3n estimada de tres horas.<\/p>\n<p>Cada grupo familiar participa con el n\u00famero de sorteo que figura en el padr\u00f3n definitivo publicado en la web oficial del IPV.<\/p>\n<p><span style=\"color: #ff6600;\"><b>Transmisi\u00f3n en vivo<\/b><\/span><\/p>\n<p>No es necesario asistir presencialmente. Las familias podr\u00e1n seguir en tiempo real todas las instancias del sorteo a trav\u00e9s del servicio informativo del Gobierno de San Juan, a trav\u00e9s de la p\u00e1gina de S\u00ed San Juan.<\/p>\n<p><span style=\"color: #ff6600;\"><b>Publicaci\u00f3n de resultados<\/b><\/span><\/p>\n<p>Una vez finalizado el sorteo, el IPV publicar\u00e1 el listado de preadjudicatarios en su p\u00e1gina web. Los resultados estar\u00e1n disponibles tres horas despu\u00e9s de concluido el evento para su consulta y verificaci\u00f3n.<\/p>\n<ul>\n<li>Consult\u00e1 los resultados en:<a href=\"https:\/\/ipv.sanjuan.gob.ar\/\">\u00a0ipv.sanjuan.gob.ar<\/a><\/li>\n<\/ul>\n<p><span style=\"color: #ff6600;\"><b>\u00bfCu\u00e1ntas viviendas se sortean y en qu\u00e9 Barrios?<\/b><\/span><\/p>\n<p>Se adjudicar\u00e1n 219 viviendas distribuidas en seis barrios de distintos departamentos:<\/p>\n<ul>\n<li><span style=\"color: #ff6600;\"><b>Barrio Conjunto 7 Departamento Capital:<\/b><\/span>\u00a030 viviendas<\/li>\n<li><span style=\"color: #ff6600;\"><b>Barrio H\u00e9roes de Malvinas Departamento Rawson:<\/b><\/span>\u00a061 viviendas<\/li>\n<li><span style=\"color: #ff6600;\"><b>Barrio Buenaventura Luna Departamento Chimbas:<\/b>\u00a0<span style=\"color: #000000;\">38 viviendas<\/span><\/span><\/li>\n<li><span style=\"color: #ff6600;\"><b>Barrio Virgen de Andacollo Departamento Ullum:<\/b><\/span>\u00a010 viviendas<\/li>\n<li><span style=\"color: #ff6600;\"><b>Barrio Eugenio Flores Departamento J\u00e1chal:<\/b><\/span>\u00a060 viviendas<\/li>\n<li><span style=\"color: #ff6600;\"><b>Barrio Pampa Vieja Departamento 9 de Julio:<\/b><\/span>\u00a020 viviendas<\/li>\n<\/ul>\n<p>Estas unidades corresponden a barrios que no fueron adjudicados en sorteos anteriores debido a la falta de documentaci\u00f3n, incumplimiento de requisitos o ausencia de postulantes.<\/p>\n<p>Este proceso se enmarca en el programa Sorteo Provincial de Vivienda \u2013 San Juan 2025, impulsado por el Gobierno de San Juan a trav\u00e9s del Ministerio de Infraestructura, Agua y Energ\u00eda, con el objetivo de ampliar el acceso al derecho a la vivienda.<\/p>\n<p>&nbsp;<\/p>\n<p><img loading=\"lazy\" decoding=\"async\" class=\"alignnone size-full wp-image-65642\" src=\"https:\/\/vocesparalelas.com.ar\/sitio\/wp-content\/uploads\/2023\/11\/GOBIERNO-SAN-JUAN.jpg\" alt=\"\" width=\"800\" height=\"600\" srcset=\"https:\/\/vocesparalelas.com.ar\/sitio\/wp-content\/uploads\/2023\/11\/GOBIERNO-SAN-JUAN.jpg 800w, https:\/\/vocesparalelas.com.ar\/sitio\/wp-content\/uploads\/2023\/11\/GOBIERNO-SAN-JUAN-300x225.jpg 300w, https:\/\/vocesparalelas.com.ar\/sitio\/wp-content\/uploads\/2023\/11\/GOBIERNO-SAN-JUAN-768x576.jpg 768w\" sizes=\"auto, (max-width: 800px) 100vw, 800px\" \/><\/p>\n","protected":false},"excerpt":{"rendered":"<p>El Instituto Provincial de la Vivienda del Ministerio de Infraestructura, Agua y Energ\u00eda, del Gobierno de San Juan informa a<\/p>\n","protected":false},"author":3,"featured_media":29002,"comment_status":"closed","ping_status":"closed","sticky":false,"template":"","format":"standard","meta":{"_acf_changed":false,"_seopress_robots_primary_cat":"none","_seopress_titles_title":"","_seopress_titles_desc":"","_seopress_robots_index":"","colormag_page_container_layout":"default_layout","colormag_page_sidebar_layout":"default_layout","footnotes":""},"categories":[1],"tags":[],"class_list":["post-89056","post","type-post","status-publish","format-standard","has-post-thumbnail","hentry","category-destacadas"],"acf":[],"_links":{"self":[{"href":"https:\/\/vocesparalelas.com.ar\/sitio\/wp-json\/wp\/v2\/posts\/89056","targetHints":{"allow":["GET"]}}],"collection":[{"href":"https:\/\/vocesparalelas.com.ar\/sitio\/wp-json\/wp\/v2\/posts"}],"about":[{"href":"https:\/\/vocesparalelas.com.ar\/sitio\/wp-json\/wp\/v2\/types\/post"}],"author":[{"embeddable":true,"href":"https:\/\/vocesparalelas.com.ar\/sitio\/wp-json\/wp\/v2\/users\/3"}],"replies":[{"embeddable":true,"href":"https:\/\/vocesparalelas.com.ar\/sitio\/wp-json\/wp\/v2\/comments?post=89056"}],"version-history":[{"count":4,"href":"https:\/\/vocesparalelas.com.ar\/sitio\/wp-json\/wp\/v2\/posts\/89056\/revisions"}],"predecessor-version":[{"id":89065,"href":"https:\/\/vocesparalelas.com.ar\/sitio\/wp-json\/wp\/v2\/posts\/89056\/revisions\/89065"}],"wp:featuredmedia":[{"embeddable":true,"href":"https:\/\/vocesparalelas.com.ar\/sitio\/wp-json\/wp\/v2\/media\/29002"}],"wp:attachment":[{"href":"https:\/\/vocesparalelas.com.ar\/sitio\/wp-json\/wp\/v2\/media?parent=89056"}],"wp:term":[{"taxonomy":"category","embeddable":true,"href":"https:\/\/vocesparalelas.com.ar\/sitio\/wp-json\/wp\/v2\/categories?post=89056"},{"taxonomy":"post_tag","embeddable":true,"href":"https:\/\/vocesparalelas.com.ar\/sitio\/wp-json\/wp\/v2\/tags?post=89056"}],"curies":[{"name":"wp","href":"https:\/\/api.w.org\/{rel}","templated":true}]}}