{"id":89052,"date":"2025-07-22T17:43:23","date_gmt":"2025-07-22T20:43:23","guid":{"rendered":"https:\/\/vocesparalelas.com.ar\/sitio\/?p=89052"},"modified":"2025-07-24T02:18:35","modified_gmt":"2025-07-24T05:18:35","slug":"traslado-ordinario-o-preferencial-de-los-docentes-o-directivos-interesados-de-la-rama-primaria-de-san-juan","status":"publish","type":"post","link":"https:\/\/vocesparalelas.com.ar\/sitio\/traslado-ordinario-o-preferencial-de-los-docentes-o-directivos-interesados-de-la-rama-primaria-de-san-juan\/","title":{"rendered":"Traslado Ordinario o Preferencial de los Docentes o Directivos interesados de la Rama Primaria de San Juan"},"content":{"rendered":"<p>El Ministerio de Educaci\u00f3n del Gobierno de San Juan, a trav\u00e9s de la Junta de Clasificaci\u00f3n Docente Rama Primaria, informa que de acuerdo a la Resoluci\u00f3n N\u00ba 11474-ME-2025 y dem\u00e1s normativa legal vigente, se procede a la inscripci\u00f3n de los docentes titulares en situaci\u00f3n activa que deseen trasladarse en la misma categor\u00eda, jerarqu\u00eda, modalidad y denominaci\u00f3n, dependiente de las Direcciones de Educaci\u00f3n Inicial, Primaria, Especial, y de Adultos.<\/p>\n<p>Los docentes interesados deben iniciar su tr\u00e1mite a partir del 1 hasta el 14 de Agosto de 2025 por Mesa de Entradas del Ministerio de Educaci\u00f3n, de 7,30 a 12,30 hs, debiendo bajar el formulario de inscripci\u00f3n de la <a href=\"https:\/\/educacion.sanjuan.gob.ar\/?uid=frame-https:\/\/archivoseducacion.sanjuan.gob.ar\/educacion\/consultas.html?c=juntas\">p\u00e1gina del Ministerio de Educaci\u00f3n<\/a>.<\/p>\n<p><strong><span style=\"color: #ff6600;\">Cronograma<\/span><\/strong><\/p>\n<ul>\n<li>Inscripci\u00f3n: 1 de agosto al 14 de agosto de 2025<\/li>\n<li>Valoraci\u00f3n: 18 de agosto al 24 de octubre de 2025<\/li>\n<li>Notificaci\u00f3n de Antig\u00fcedad y otorgamiento del Traslado: 3 al 7 de noviembre 2025<\/li>\n<li>Apelaci\u00f3n de Antig\u00fcedad u otorgamiento del Traslado: 10 de noviembre de 2025<\/li>\n<li>Resoluci\u00f3n de Apelaci\u00f3n: 17, 18 y 19 de noviembre de 2025<\/li>\n<li>Notificaci\u00f3n de Apelaci\u00f3n: 25 de noviembre de 2025<\/li>\n<li>Presentaci\u00f3n de Recursos Jer\u00e1rquicos: 26 de noviembre de 2025<\/li>\n<li>Elevaci\u00f3n de Recursos Jer\u00e1rquicos: 28 de noviembre de 2025<\/li>\n<li>Exhibici\u00f3n de Listados Provisorios: 4 de diciembre de 2025<\/li>\n<li>Apelaci\u00f3n de Listados Provisorios: 5 de diciembre de 2025<\/li>\n<\/ul>\n<p>Resoluci\u00f3n de Apelaciones: 12 de diciembre de 2025<\/p>\n<ul>\n<li>Exhibici\u00f3n de Listados Definitivos: 16, 17 y 18 de diciembre de 2025<\/li>\n<\/ul>\n<p>Asimismo, se comunica que al momento de la inscripci\u00f3n los aspirantes deber\u00e1n cumplimentar los siguientes requisitos, de acuerdo con lo establecido por la Ley Provincial N\u00ba 64-H, Arts. 53 al 60 inclusive:<\/p>\n<p><span style=\"color: #ff6600;\"><strong>Maestros<\/strong><\/span><\/p>\n<p>Traslado Ordinario: deber\u00e1n acreditar haber desempe\u00f1ado dos (2) a\u00f1os lectivos calendarios inmediatos anteriores al pedido de traslado del cargo del cual solicitan traslado; debiendo adjuntar:<\/p>\n<ul>\n<li>Fotocopias de Conceptos legalizados por la autoridad inmediata superior.<\/li>\n<li>Declaraci\u00f3n Jurada de Cargos completa (en el caso de poseer cargos en gesti\u00f3n privada u otro organismo p\u00fablico debe estar refrendada por la Autoridad competente de dicho organismo).<\/li>\n<li>Fotocopia de DNI.<\/li>\n<li>Resoluci\u00f3n del cargo titular por el cual se traslada.<\/li>\n<\/ul>\n<p><strong><span style=\"color: #ff6600;\">Traslado Preferencial<\/span><\/strong><\/p>\n<p>Deben acreditar haber desempe\u00f1ado un (1) a\u00f1o lectivo calendario, anterior al pedido de traslado; debiendo adjuntar:<\/p>\n<ul>\n<li>Fotocopia de Concepto Profesional legalizado por la autoridad inmediata superior.<\/li>\n<li>Declaraci\u00f3n Jurada de Cargos completa (en el caso de poseer cargos en gesti\u00f3n privada u otro organismo p\u00fablico debe estar refrendada por la Autoridad competente de dicho organismo).<\/li>\n<li>Fotocopia de DNI.<\/li>\n<li>Resoluci\u00f3n del cargo titular por el cual se traslada.<\/li>\n<li>Nota redactada por el agente solicitando Traslado Preferencial, donde explique los motivos de dicha petici\u00f3n.<\/li>\n<li>Para completar el Traslado Preferencial por razones de salud, dirigirse a la siguiente direcci\u00f3n:\u00a0<a href=\"https:\/\/gedoc.sanjuan.gov.ar\/DCRM\/Content\/General\/Solicitud_de_Junta_Medica.pdf\">https:\/\/gedoc.sanjuan.gov.ar\/DCRM\/Content\/General\/Solicitud_de_Junta_Medica.pdf<\/a><\/li>\n<\/ul>\n<p>Toda la documentaci\u00f3n deber\u00e1 estar legalizada. El docente y la\/s autoridad\/es jer\u00e1rquica\/s deber\u00e1n rubricar con la firma respectiva la solicitud. Asimismo, deber\u00e1 adjuntar documentaci\u00f3n que acredite en forma fehaciente la causal invocada, y los requisitos establecidos en el Art\u00edculo 56 de la Ley N\u00ba 64-H.<\/p>\n<p><span style=\"color: #ff6600;\"><strong>Directivos<\/strong><\/span><\/p>\n<p><strong><span style=\"color: #ff6600;\">Traslado Ordinario<\/span><\/strong><\/p>\n<p>Los directivos deben acreditar concepto no inferior a Muy Bueno en los \u00faltimos tres (3) a\u00f1os de ejercicio como titular en el establecimiento y en el cargo a trasladar; debiendo adjuntar:<\/p>\n<ul>\n<li>Fotocopias de Conceptos legalizado por la autoridad inmediata superior.<\/li>\n<li>Declaraci\u00f3n Jurada de Cargos completa (en el caso de poseer cargos en gesti\u00f3n privada u otro organismo p\u00fablico debe estar refrendada por la Autoridad competente de dicho organismo).<\/li>\n<li>Fotocopia de DNI.<\/li>\n<li>Resoluci\u00f3n del cargo titular por el cual se traslada.<\/li>\n<\/ul>\n<p>Toda la documentaci\u00f3n deber\u00e1 ser legalizada. Asimismo, el docente y la\/s Autoridad\/es jer\u00e1rquica\/s deber\u00e1n rubricar con la firma respectiva la solicitud.<\/p>\n<p><strong><span style=\"color: #ff6600;\">Traslado Preferencial<\/span><\/strong><\/p>\n<p>Deben acreditar haber desempe\u00f1ado un (1) a\u00f1o lectivo calendario, anterior al pedido de traslado; debiendo adjuntar:<\/p>\n<ul>\n<li>Fotocopia de Concepto Profesional legalizado por la autoridad inmediata superior.<\/li>\n<li>Declaraci\u00f3n Jurada de Cargos completa (en el caso de poseer cargos en gesti\u00f3n privada u otro organismo p\u00fablico debe estar refrendada por la Autoridad competente de dicho organismo).<\/li>\n<li>Fotocopia de DNI.<\/li>\n<li>Resoluci\u00f3n del cargo titular por el cual se traslada.<\/li>\n<li>Nota redactada por el agente solicitando Traslado Preferencial, donde explique los motivos de dicha petici\u00f3n.<\/li>\n<li>Para completar el Traslado Preferencial por razones de salud, dirigirse a la siguiente direcci\u00f3n:\u00a0<a href=\"https:\/\/gedoc.sanjuan.gov.ar\/DCRM\/Content\/General\/Solicitud_de_Junta_Medica.pdf\">https:\/\/gedoc.sanjuan.gov.ar\/DCRM\/Content\/General\/Solicitud_de_Junta_Medica.pdf<\/a><\/li>\n<\/ul>\n<p>El docente y la\/s Autoridad\/es jer\u00e1rquica\/s deber\u00e1n rubricar con la firma respectiva la solicitud. Asimismo, deber\u00e1 adjuntar documentaci\u00f3n que acredite en forma fehaciente la causal invocada, y los requisitos establecidos en el Art\u00edculo 56 de la Ley N\u00ba 64-H.<\/p>\n<p>&nbsp;<\/p>\n<p><img loading=\"lazy\" decoding=\"async\" class=\"alignnone size-full wp-image-28629\" src=\"https:\/\/vocesparalelas.com.ar\/sitio\/wp-content\/uploads\/2020\/05\/MINISTERIO-EDUCACION-SJ.jpg\" alt=\"\" width=\"800\" height=\"533\" srcset=\"https:\/\/vocesparalelas.com.ar\/sitio\/wp-content\/uploads\/2020\/05\/MINISTERIO-EDUCACION-SJ.jpg 800w, https:\/\/vocesparalelas.com.ar\/sitio\/wp-content\/uploads\/2020\/05\/MINISTERIO-EDUCACION-SJ-300x200.jpg 300w, https:\/\/vocesparalelas.com.ar\/sitio\/wp-content\/uploads\/2020\/05\/MINISTERIO-EDUCACION-SJ-768x512.jpg 768w\" sizes=\"auto, (max-width: 800px) 100vw, 800px\" \/><\/p>\n<p>&nbsp;<\/p>\n<p>&nbsp;<\/p>\n","protected":false},"excerpt":{"rendered":"<p>El Ministerio de Educaci\u00f3n del Gobierno de San Juan, a trav\u00e9s de la Junta de Clasificaci\u00f3n Docente Rama Primaria, informa<\/p>\n","protected":false},"author":3,"featured_media":5000,"comment_status":"closed","ping_status":"closed","sticky":false,"template":"","format":"standard","meta":{"_acf_changed":false,"_seopress_robots_primary_cat":"none","_seopress_titles_title":"","_seopress_titles_desc":"","_seopress_robots_index":"","colormag_page_container_layout":"default_layout","colormag_page_sidebar_layout":"default_layout","footnotes":""},"categories":[2],"tags":[],"class_list":["post-89052","post","type-post","status-publish","format-standard","has-post-thumbnail","hentry","category-convocatorias"],"acf":[],"_links":{"self":[{"href":"https:\/\/vocesparalelas.com.ar\/sitio\/wp-json\/wp\/v2\/posts\/89052","targetHints":{"allow":["GET"]}}],"collection":[{"href":"https:\/\/vocesparalelas.com.ar\/sitio\/wp-json\/wp\/v2\/posts"}],"about":[{"href":"https:\/\/vocesparalelas.com.ar\/sitio\/wp-json\/wp\/v2\/types\/post"}],"author":[{"embeddable":true,"href":"https:\/\/vocesparalelas.com.ar\/sitio\/wp-json\/wp\/v2\/users\/3"}],"replies":[{"embeddable":true,"href":"https:\/\/vocesparalelas.com.ar\/sitio\/wp-json\/wp\/v2\/comments?post=89052"}],"version-history":[{"count":2,"href":"https:\/\/vocesparalelas.com.ar\/sitio\/wp-json\/wp\/v2\/posts\/89052\/revisions"}],"predecessor-version":[{"id":89123,"href":"https:\/\/vocesparalelas.com.ar\/sitio\/wp-json\/wp\/v2\/posts\/89052\/revisions\/89123"}],"wp:featuredmedia":[{"embeddable":true,"href":"https:\/\/vocesparalelas.com.ar\/sitio\/wp-json\/wp\/v2\/media\/5000"}],"wp:attachment":[{"href":"https:\/\/vocesparalelas.com.ar\/sitio\/wp-json\/wp\/v2\/media?parent=89052"}],"wp:term":[{"taxonomy":"category","embeddable":true,"href":"https:\/\/vocesparalelas.com.ar\/sitio\/wp-json\/wp\/v2\/categories?post=89052"},{"taxonomy":"post_tag","embeddable":true,"href":"https:\/\/vocesparalelas.com.ar\/sitio\/wp-json\/wp\/v2\/tags?post=89052"}],"curies":[{"name":"wp","href":"https:\/\/api.w.org\/{rel}","templated":true}]}}