{"id":89043,"date":"2025-07-22T15:07:08","date_gmt":"2025-07-22T18:07:08","guid":{"rendered":"https:\/\/vocesparalelas.com.ar\/sitio\/?p=89043"},"modified":"2025-07-22T15:07:08","modified_gmt":"2025-07-22T18:07:08","slug":"reacondicionamiento-de-las-compuertas-del-dique-partidor-san-emiliano-en-san-juan","status":"publish","type":"post","link":"https:\/\/vocesparalelas.com.ar\/sitio\/reacondicionamiento-de-las-compuertas-del-dique-partidor-san-emiliano-en-san-juan\/","title":{"rendered":"Reacondicionamiento de las compuertas del Dique Partidor San Emiliano en San Juan"},"content":{"rendered":"<p>El Departamento de Hidr\u00e1ulica del\u00a0 lleva adelante una obra clave para el sistema de riego provincial: el reacondicionamiento de las compuertas del Dique Partidor San Emiliano. Estas tareas no se realizaban desde hac\u00eda m\u00e1s de dos d\u00e9cadas, y resultan indispensables para garantizar el funcionamiento eficiente, seguro y sostenido de la red de riego en el Valle de Tulum.<\/p>\n<p><img loading=\"lazy\" decoding=\"async\" class=\"alignnone size-full wp-image-88595\" src=\"https:\/\/vocesparalelas.com.ar\/sitio\/wp-content\/uploads\/2025\/07\/SAN-JUAN-DEPARTAMENTO-HIDRAULICA.jpg\" alt=\"\" width=\"800\" height=\"495\" srcset=\"https:\/\/vocesparalelas.com.ar\/sitio\/wp-content\/uploads\/2025\/07\/SAN-JUAN-DEPARTAMENTO-HIDRAULICA.jpg 800w, https:\/\/vocesparalelas.com.ar\/sitio\/wp-content\/uploads\/2025\/07\/SAN-JUAN-DEPARTAMENTO-HIDRAULICA-300x186.jpg 300w, https:\/\/vocesparalelas.com.ar\/sitio\/wp-content\/uploads\/2025\/07\/SAN-JUAN-DEPARTAMENTO-HIDRAULICA-768x475.jpg 768w\" sizes=\"auto, (max-width: 800px) 100vw, 800px\" \/><\/p>\n<p>El proyecto, an\u00e1logo a la renovaci\u00f3n realizada el a\u00f1o pasado en el Dique Nivelador Ignacio de la Roza, apunta a dejar en\u00a0condiciones de funcionamiento las 9 compuertas\u00a0que distribuyen el caudal hacia los principales canales de riego de la provincia.<\/p>\n<p>La obra comenz\u00f3 con el vaciado del partidor, que permiti\u00f3 extraer las compuertas para su reparaci\u00f3n en taller. A la par, se realiza el arenado del hormig\u00f3n armado para recuperar su aspecto original, adem\u00e1s de limpieza de los espacios verdes perimetrales, poda y desmonte en las \u00e1reas que lo requieren.<\/p>\n<p><img loading=\"lazy\" decoding=\"async\" class=\"alignnone size-full wp-image-89047\" src=\"https:\/\/vocesparalelas.com.ar\/sitio\/wp-content\/uploads\/2025\/07\/DIQUE-SAN-EMILIANO-02.jpg\" alt=\"\" width=\"800\" height=\"534\" srcset=\"https:\/\/vocesparalelas.com.ar\/sitio\/wp-content\/uploads\/2025\/07\/DIQUE-SAN-EMILIANO-02.jpg 800w, https:\/\/vocesparalelas.com.ar\/sitio\/wp-content\/uploads\/2025\/07\/DIQUE-SAN-EMILIANO-02-300x200.jpg 300w, https:\/\/vocesparalelas.com.ar\/sitio\/wp-content\/uploads\/2025\/07\/DIQUE-SAN-EMILIANO-02-768x513.jpg 768w\" sizes=\"auto, (max-width: 800px) 100vw, 800px\" \/><\/p>\n<p><strong><span style=\"color: #ff6600;\">Las tareas incluyen<\/span><\/strong><\/p>\n<ul>\n<li>Nueva motorizaci\u00f3n de las compuertas<\/li>\n<li>Reparaci\u00f3n integral de las compuertas, con pintura epoxi, instalaci\u00f3n de nuevas gu\u00edas y reemplazo de burletes de goma tipo \u201cnota musical\u201d para asegurar su estanqueidad y proteger los mecanismos de izado.<\/li>\n<li>Actualizaci\u00f3n del sistema el\u00e9ctrico: cambio de motores trif\u00e1sicos 4HP, reinstalaci\u00f3n de tableros, cableado y colocaci\u00f3n de luminarias LED. Mantenimiento del grupo electr\u00f3geno de emergencias.<\/li>\n<li>Instalaci\u00f3n de carteler\u00eda identificatoria de cada canal y de seguridad industrial.<\/li>\n<li>Colocaci\u00f3n de rejas de seguridad rebatibles tipo alcantarilla y cierre perimetral con malla met\u00e1lica desplegada, a fin de prevenir vandalismo y resguardar al personal.<\/li>\n<\/ul>\n<p>Las tareas actuales se concentran en el comparto del dique, donde adem\u00e1s se instalar\u00e1n nuevas gu\u00edas, se realizar\u00e1 el reacondicionamiento de los sistemas de izaje y motorizaci\u00f3n, as\u00ed como la instalaci\u00f3n el\u00e9ctrica definitiva. Esta primera etapa tiene un plazo de ejecuci\u00f3n de 90 d\u00edas.<\/p>\n<p>Ubicado en el departamento Rivadavia, el Dique San Emiliano es el coraz\u00f3n del sistema de riego del valle productivo m\u00e1s grande de San Juan. Es una infraestructura fundacional y estrat\u00e9gica en la red de riego provincial. Recibe el agua erogada desde el Dique Ignacio de la Roza a trav\u00e9s del Canal Matriz y la distribuye mediante dos cuerpos diferenciados:<\/p>\n<ul>\n<li>El desarenador, con cuatro compuertas de descarga al R\u00edo San Juan, vertederos y una toma para Obras Sanitarias.<\/li>\n<li>El comparto, con 9 compuertas destinadas a derivar el agua hacia los tres canales troncales del sistema:\n<ul>\n<li>Canal del Norte (riega Albard\u00f3n, Angaco, San Mart\u00edn, Caucete y 25 de Mayo)<\/li>\n<li>Canal Ciudad (riega Capital, Chimbas, Santa Luc\u00eda, 9 de Julio y parte de Rivadavia y Rawson)<\/li>\n<li>Canal C\u00e9spedes (riega Pocito, Sarmiento y zonas de Rivadavia y Rawson)<\/li>\n<\/ul>\n<\/li>\n<\/ul>\n<p>Dado su rol en la distribuci\u00f3n equitativa y eficiente del recurso h\u00eddrico, el reacondicionamiento del Dique Partidor San Emiliano no solo es necesario, sino urgente, para preservar la calidad del servicio, minimizar p\u00e9rdidas, evitar fallas estructurales y garantizar el uso eficiente y sustentable del agua para el riego agr\u00edcola en el principal oasis productivo de San Juan.<\/p>\n<p>Esta obra adem\u00e1s del mantenimiento es una verdadera recuperaci\u00f3n y puesta en valor del patrimonio hidr\u00e1ulico que permite que el agua llegue a cada rinc\u00f3n productivo de nuestro territorio.<\/p>\n<p><img loading=\"lazy\" decoding=\"async\" class=\"alignnone size-full wp-image-65642\" src=\"https:\/\/vocesparalelas.com.ar\/sitio\/wp-content\/uploads\/2023\/11\/GOBIERNO-SAN-JUAN.jpg\" alt=\"\" width=\"800\" height=\"600\" srcset=\"https:\/\/vocesparalelas.com.ar\/sitio\/wp-content\/uploads\/2023\/11\/GOBIERNO-SAN-JUAN.jpg 800w, https:\/\/vocesparalelas.com.ar\/sitio\/wp-content\/uploads\/2023\/11\/GOBIERNO-SAN-JUAN-300x225.jpg 300w, https:\/\/vocesparalelas.com.ar\/sitio\/wp-content\/uploads\/2023\/11\/GOBIERNO-SAN-JUAN-768x576.jpg 768w\" sizes=\"auto, (max-width: 800px) 100vw, 800px\" \/><\/p>\n","protected":false},"excerpt":{"rendered":"<p>El Departamento de Hidr\u00e1ulica del\u00a0 lleva adelante una obra clave para el sistema de riego provincial: el reacondicionamiento de las<\/p>\n","protected":false},"author":3,"featured_media":89046,"comment_status":"closed","ping_status":"closed","sticky":false,"template":"","format":"standard","meta":{"_acf_changed":false,"_seopress_robots_primary_cat":"none","_seopress_titles_title":"","_seopress_titles_desc":"","_seopress_robots_index":"","colormag_page_container_layout":"default_layout","colormag_page_sidebar_layout":"default_layout","footnotes":""},"categories":[1],"tags":[],"class_list":["post-89043","post","type-post","status-publish","format-standard","has-post-thumbnail","hentry","category-destacadas"],"acf":[],"_links":{"self":[{"href":"https:\/\/vocesparalelas.com.ar\/sitio\/wp-json\/wp\/v2\/posts\/89043","targetHints":{"allow":["GET"]}}],"collection":[{"href":"https:\/\/vocesparalelas.com.ar\/sitio\/wp-json\/wp\/v2\/posts"}],"about":[{"href":"https:\/\/vocesparalelas.com.ar\/sitio\/wp-json\/wp\/v2\/types\/post"}],"author":[{"embeddable":true,"href":"https:\/\/vocesparalelas.com.ar\/sitio\/wp-json\/wp\/v2\/users\/3"}],"replies":[{"embeddable":true,"href":"https:\/\/vocesparalelas.com.ar\/sitio\/wp-json\/wp\/v2\/comments?post=89043"}],"version-history":[{"count":1,"href":"https:\/\/vocesparalelas.com.ar\/sitio\/wp-json\/wp\/v2\/posts\/89043\/revisions"}],"predecessor-version":[{"id":89048,"href":"https:\/\/vocesparalelas.com.ar\/sitio\/wp-json\/wp\/v2\/posts\/89043\/revisions\/89048"}],"wp:featuredmedia":[{"embeddable":true,"href":"https:\/\/vocesparalelas.com.ar\/sitio\/wp-json\/wp\/v2\/media\/89046"}],"wp:attachment":[{"href":"https:\/\/vocesparalelas.com.ar\/sitio\/wp-json\/wp\/v2\/media?parent=89043"}],"wp:term":[{"taxonomy":"category","embeddable":true,"href":"https:\/\/vocesparalelas.com.ar\/sitio\/wp-json\/wp\/v2\/categories?post=89043"},{"taxonomy":"post_tag","embeddable":true,"href":"https:\/\/vocesparalelas.com.ar\/sitio\/wp-json\/wp\/v2\/tags?post=89043"}],"curies":[{"name":"wp","href":"https:\/\/api.w.org\/{rel}","templated":true}]}}