{"id":89036,"date":"2025-07-22T00:28:50","date_gmt":"2025-07-22T03:28:50","guid":{"rendered":"https:\/\/vocesparalelas.com.ar\/sitio\/?p=89036"},"modified":"2025-07-24T00:18:44","modified_gmt":"2025-07-24T03:18:44","slug":"el-honor-de-san-juan-disfrutar-los-55-aniversario-del-auditorio-ing-juan-victoria","status":"publish","type":"post","link":"https:\/\/vocesparalelas.com.ar\/sitio\/el-honor-de-san-juan-disfrutar-los-55-aniversario-del-auditorio-ing-juan-victoria\/","title":{"rendered":"El honor de San Juan disfrutar los 55\u00b0 Aniversario del Auditorio Ing. Juan Victoria"},"content":{"rendered":"<p>En la sala del Auditorio Ing. Juan Victoria fue el punto de encuentro\u00a0 para conocer lo que significa los 55\u00b0 Aniversario de la casa de la M\u00fasica de San Juan, el Lunes, 21 de Julio.<\/p>\n<p>En este contexto, Voces Paralelas desarroll\u00f3 una entrevista period\u00edstica al responsable de la Conferencia \u00abHistoria de la casa de la M\u00fasica en San Juan\u00bb, Arq. Jorge Mart\u00edn, quien describi\u00f3 lo que signific\u00f3 aquel proyecto so\u00f1ado que cost\u00f3 concretar y que despu\u00e9s de mucho esfuerzo se logr\u00f3 construir y que el 21 de Julio\u00a0 se conmemora 55\u00b0 Aniversario del Auditorio Ing. Juan Victoria donde la m\u00fasica suena en todos los lugares disfrutando cada evento.<\/p>\n<p>&nbsp;<\/p>\n<p><iframe loading=\"lazy\" title=\"55\u00b0 AUDITORIO ING JUAN VICTORIA ARQ JORGE MARTIN\" width=\"800\" height=\"450\" src=\"https:\/\/www.youtube.com\/embed\/a-2gw3b-2lM?feature=oembed\" frameborder=\"0\" allow=\"accelerometer; autoplay; clipboard-write; encrypted-media; gyroscope; picture-in-picture; web-share\" referrerpolicy=\"strict-origin-when-cross-origin\" allowfullscreen><\/iframe><\/p>\n<p>Recorrido dl Foyer\u00a0 para entrar a la Sala del Auditorio Ing. Juan Victoria<\/p>\n<p><iframe loading=\"lazy\" title=\"SAN JUAN AUDITORIO ING JUAN VICTORIA\" width=\"800\" height=\"450\" src=\"https:\/\/www.youtube.com\/embed\/r8t_ni3hdeg?feature=oembed\" frameborder=\"0\" allow=\"accelerometer; autoplay; clipboard-write; encrypted-media; gyroscope; picture-in-picture; web-share\" referrerpolicy=\"strict-origin-when-cross-origin\" allowfullscreen><\/iframe><\/p>\n<p><img loading=\"lazy\" decoding=\"async\" class=\"alignnone size-full wp-image-89039\" src=\"https:\/\/vocesparalelas.com.ar\/sitio\/wp-content\/uploads\/2025\/07\/AUDITORIO-ORGANO.jpg\" alt=\"\" width=\"800\" height=\"533\" srcset=\"https:\/\/vocesparalelas.com.ar\/sitio\/wp-content\/uploads\/2025\/07\/AUDITORIO-ORGANO.jpg 800w, https:\/\/vocesparalelas.com.ar\/sitio\/wp-content\/uploads\/2025\/07\/AUDITORIO-ORGANO-300x200.jpg 300w, https:\/\/vocesparalelas.com.ar\/sitio\/wp-content\/uploads\/2025\/07\/AUDITORIO-ORGANO-768x512.jpg 768w\" sizes=\"auto, (max-width: 800px) 100vw, 800px\" \/><\/p>\n<p>El sonido del \u00f3rgano es imponente en la sala del Auditorio Ing. Juan Victoria<\/p>\n<p><iframe loading=\"lazy\" title=\"ORGANO AUDITORIO ING JUAN VICTORIA EN SAN JUAN\" width=\"800\" height=\"450\" src=\"https:\/\/www.youtube.com\/embed\/c39gqoVJem4?feature=oembed\" frameborder=\"0\" allow=\"accelerometer; autoplay; clipboard-write; encrypted-media; gyroscope; picture-in-picture; web-share\" referrerpolicy=\"strict-origin-when-cross-origin\" allowfullscreen><\/iframe><\/p>\n<p><img loading=\"lazy\" decoding=\"async\" class=\"alignnone size-large wp-image-89041\" src=\"https:\/\/vocesparalelas.com.ar\/sitio\/wp-content\/uploads\/2025\/07\/AUDITORIO-SALA.jpg\" alt=\"\" width=\"800\" height=\"533\" srcset=\"https:\/\/vocesparalelas.com.ar\/sitio\/wp-content\/uploads\/2025\/07\/AUDITORIO-SALA.jpg 800w, https:\/\/vocesparalelas.com.ar\/sitio\/wp-content\/uploads\/2025\/07\/AUDITORIO-SALA-300x200.jpg 300w, https:\/\/vocesparalelas.com.ar\/sitio\/wp-content\/uploads\/2025\/07\/AUDITORIO-SALA-768x512.jpg 768w\" sizes=\"auto, (max-width: 800px) 100vw, 800px\" \/><\/p>\n<p>En la salida del Auditorio Ing. Juan Victoria est\u00e1n los jardines y el anfiteatro que conforman el Complejo.<\/p>\n<p><iframe loading=\"lazy\" title=\"SAN JUAN AUDITORIO ING JUAN VICTORIA \" width=\"800\" height=\"450\" src=\"https:\/\/www.youtube.com\/embed\/yPE0gakXHrc?feature=oembed\" frameborder=\"0\" allow=\"accelerometer; autoplay; clipboard-write; encrypted-media; gyroscope; picture-in-picture; web-share\" referrerpolicy=\"strict-origin-when-cross-origin\" allowfullscreen><\/iframe><\/p>\n<p><img loading=\"lazy\" decoding=\"async\" class=\"alignnone size-full wp-image-68678\" src=\"https:\/\/vocesparalelas.com.ar\/sitio\/wp-content\/uploads\/2024\/01\/ANFITEATRO-AUDITORIO.jpg\" alt=\"\" width=\"800\" height=\"600\" srcset=\"https:\/\/vocesparalelas.com.ar\/sitio\/wp-content\/uploads\/2024\/01\/ANFITEATRO-AUDITORIO.jpg 800w, https:\/\/vocesparalelas.com.ar\/sitio\/wp-content\/uploads\/2024\/01\/ANFITEATRO-AUDITORIO-300x225.jpg 300w, https:\/\/vocesparalelas.com.ar\/sitio\/wp-content\/uploads\/2024\/01\/ANFITEATRO-AUDITORIO-768x576.jpg 768w\" sizes=\"auto, (max-width: 800px) 100vw, 800px\" \/><\/p>\n<figure id=\"attachment_61468\" aria-describedby=\"caption-attachment-61468\" style=\"width: 800px\" class=\"wp-caption alignnone\"><img loading=\"lazy\" decoding=\"async\" class=\"size-full wp-image-61468\" src=\"https:\/\/vocesparalelas.com.ar\/sitio\/wp-content\/uploads\/2023\/07\/AUDITORIO-EDIFICIO.jpg\" alt=\"\" width=\"800\" height=\"533\" srcset=\"https:\/\/vocesparalelas.com.ar\/sitio\/wp-content\/uploads\/2023\/07\/AUDITORIO-EDIFICIO.jpg 800w, https:\/\/vocesparalelas.com.ar\/sitio\/wp-content\/uploads\/2023\/07\/AUDITORIO-EDIFICIO-300x200.jpg 300w, https:\/\/vocesparalelas.com.ar\/sitio\/wp-content\/uploads\/2023\/07\/AUDITORIO-EDIFICIO-768x512.jpg 768w\" sizes=\"auto, (max-width: 800px) 100vw, 800px\" \/><figcaption id=\"caption-attachment-61468\" class=\"wp-caption-text\">Auditorio Ing. Juan Victoria, Departamento Capital, Provincia San Juan, Rep\u00fablica Argentita<\/figcaption><\/figure>\n","protected":false},"excerpt":{"rendered":"<p>En la sala del Auditorio Ing. Juan Victoria fue el punto de encuentro\u00a0 para conocer lo que significa los 55\u00b0<\/p>\n","protected":false},"author":3,"featured_media":89040,"comment_status":"closed","ping_status":"closed","sticky":false,"template":"","format":"standard","meta":{"_acf_changed":false,"_seopress_robots_primary_cat":"none","_seopress_titles_title":"","_seopress_titles_desc":"","_seopress_robots_index":"","colormag_page_container_layout":"default_layout","colormag_page_sidebar_layout":"default_layout","footnotes":""},"categories":[10,7],"tags":[],"class_list":["post-89036","post","type-post","status-publish","format-standard","has-post-thumbnail","hentry","category-opiniones","category-videos"],"acf":[],"_links":{"self":[{"href":"https:\/\/vocesparalelas.com.ar\/sitio\/wp-json\/wp\/v2\/posts\/89036","targetHints":{"allow":["GET"]}}],"collection":[{"href":"https:\/\/vocesparalelas.com.ar\/sitio\/wp-json\/wp\/v2\/posts"}],"about":[{"href":"https:\/\/vocesparalelas.com.ar\/sitio\/wp-json\/wp\/v2\/types\/post"}],"author":[{"embeddable":true,"href":"https:\/\/vocesparalelas.com.ar\/sitio\/wp-json\/wp\/v2\/users\/3"}],"replies":[{"embeddable":true,"href":"https:\/\/vocesparalelas.com.ar\/sitio\/wp-json\/wp\/v2\/comments?post=89036"}],"version-history":[{"count":1,"href":"https:\/\/vocesparalelas.com.ar\/sitio\/wp-json\/wp\/v2\/posts\/89036\/revisions"}],"predecessor-version":[{"id":89042,"href":"https:\/\/vocesparalelas.com.ar\/sitio\/wp-json\/wp\/v2\/posts\/89036\/revisions\/89042"}],"wp:featuredmedia":[{"embeddable":true,"href":"https:\/\/vocesparalelas.com.ar\/sitio\/wp-json\/wp\/v2\/media\/89040"}],"wp:attachment":[{"href":"https:\/\/vocesparalelas.com.ar\/sitio\/wp-json\/wp\/v2\/media?parent=89036"}],"wp:term":[{"taxonomy":"category","embeddable":true,"href":"https:\/\/vocesparalelas.com.ar\/sitio\/wp-json\/wp\/v2\/categories?post=89036"},{"taxonomy":"post_tag","embeddable":true,"href":"https:\/\/vocesparalelas.com.ar\/sitio\/wp-json\/wp\/v2\/tags?post=89036"}],"curies":[{"name":"wp","href":"https:\/\/api.w.org\/{rel}","templated":true}]}}