{"id":89032,"date":"2025-07-21T21:53:06","date_gmt":"2025-07-22T00:53:06","guid":{"rendered":"https:\/\/vocesparalelas.com.ar\/sitio\/?p=89032"},"modified":"2025-07-22T23:48:04","modified_gmt":"2025-07-23T02:48:04","slug":"maraton-internacional-de-san-juan-2025-y-kids-run","status":"publish","type":"post","link":"https:\/\/vocesparalelas.com.ar\/sitio\/maraton-internacional-de-san-juan-2025-y-kids-run\/","title":{"rendered":"Marat\u00f3n Internacional de San Juan 2025\u00a0y \u201cKids Run\u201d"},"content":{"rendered":"<p>La\u00a0Marat\u00f3n Internacional de San Juan 2025\u00a0no solo est\u00e1 pensada para los grandes corredores, sino que tambi\u00e9n abre un espacio especial para los m\u00e1s peque\u00f1os: la\u00a0\u201cKids Run\u201d. Esta propuesta busca incentivar a ni\u00f1as y ni\u00f1os de entre 2 y 13 a\u00f1os en la pr\u00e1ctica del deporte, mediante una jornada l\u00fadica, recreativa y al aire libre.<\/p>\n<p>El evento, organizado por Adventure Pro y con el acompa\u00f1amiento del Gobierno de San Juan y la marca deportiva Saucony, se realiza el Domingo, 27 de Julio, con punto de encuentro en la\u00a0Plaza del Bicentenario\u00a0desde las\u00a011:30 hs.<\/p>\n<p>Bajo un formato participativo y sin car\u00e1cter competitivo, la Kids Run ofrecer\u00e1 un entorno seguro y estimulante para que los chicos disfruten corriendo, jugando y compartiendo.<\/p>\n<p>La inscripci\u00f3n incluye una\u00a0remera oficial, medalla, cuellito, refrigerio, seguro, bolsa kit\u00a0y acceso a una serie de actividades complementarias como juegos precompetitivos, t\u00e9cnicas atl\u00e9ticas, entrada en calor grupal y juegos de iniciaci\u00f3n deportiva. Adem\u00e1s, quienes se inscriban en\u00a0Rustik Aventura\u00a0acceder\u00e1n a un\u00a010% de descuento.<\/p>\n<p>Con esta iniciativa, la Marat\u00f3n Internacional de San Juan contin\u00faa fortaleciendo su perfil integrador, apostando a que el deporte y el movimiento sean una parte fundamental en la vida de los m\u00e1s chicos.<\/p>\n<p>Una jornada ideal para disfrutar en familia y dar los primeros pasos en el mundo del atletismo.<\/p>\n<p><img loading=\"lazy\" decoding=\"async\" class=\"alignnone size-full wp-image-70984\" src=\"https:\/\/vocesparalelas.com.ar\/sitio\/wp-content\/uploads\/2024\/04\/IROMAN-KITS.jpg\" alt=\"\" width=\"800\" height=\"450\" srcset=\"https:\/\/vocesparalelas.com.ar\/sitio\/wp-content\/uploads\/2024\/04\/IROMAN-KITS.jpg 800w, https:\/\/vocesparalelas.com.ar\/sitio\/wp-content\/uploads\/2024\/04\/IROMAN-KITS-300x169.jpg 300w, https:\/\/vocesparalelas.com.ar\/sitio\/wp-content\/uploads\/2024\/04\/IROMAN-KITS-768x432.jpg 768w\" sizes=\"auto, (max-width: 800px) 100vw, 800px\" \/><\/p>\n","protected":false},"excerpt":{"rendered":"<p>La\u00a0Marat\u00f3n Internacional de San Juan 2025\u00a0no solo est\u00e1 pensada para los grandes corredores, sino que tambi\u00e9n abre un espacio especial<\/p>\n","protected":false},"author":3,"featured_media":84704,"comment_status":"closed","ping_status":"closed","sticky":false,"template":"","format":"standard","meta":{"_acf_changed":false,"_seopress_robots_primary_cat":"none","_seopress_titles_title":"","_seopress_titles_desc":"","_seopress_robots_index":"","colormag_page_container_layout":"default_layout","colormag_page_sidebar_layout":"default_layout","footnotes":""},"categories":[2],"tags":[],"class_list":["post-89032","post","type-post","status-publish","format-standard","has-post-thumbnail","hentry","category-convocatorias"],"acf":[],"_links":{"self":[{"href":"https:\/\/vocesparalelas.com.ar\/sitio\/wp-json\/wp\/v2\/posts\/89032","targetHints":{"allow":["GET"]}}],"collection":[{"href":"https:\/\/vocesparalelas.com.ar\/sitio\/wp-json\/wp\/v2\/posts"}],"about":[{"href":"https:\/\/vocesparalelas.com.ar\/sitio\/wp-json\/wp\/v2\/types\/post"}],"author":[{"embeddable":true,"href":"https:\/\/vocesparalelas.com.ar\/sitio\/wp-json\/wp\/v2\/users\/3"}],"replies":[{"embeddable":true,"href":"https:\/\/vocesparalelas.com.ar\/sitio\/wp-json\/wp\/v2\/comments?post=89032"}],"version-history":[{"count":1,"href":"https:\/\/vocesparalelas.com.ar\/sitio\/wp-json\/wp\/v2\/posts\/89032\/revisions"}],"predecessor-version":[{"id":89035,"href":"https:\/\/vocesparalelas.com.ar\/sitio\/wp-json\/wp\/v2\/posts\/89032\/revisions\/89035"}],"wp:featuredmedia":[{"embeddable":true,"href":"https:\/\/vocesparalelas.com.ar\/sitio\/wp-json\/wp\/v2\/media\/84704"}],"wp:attachment":[{"href":"https:\/\/vocesparalelas.com.ar\/sitio\/wp-json\/wp\/v2\/media?parent=89032"}],"wp:term":[{"taxonomy":"category","embeddable":true,"href":"https:\/\/vocesparalelas.com.ar\/sitio\/wp-json\/wp\/v2\/categories?post=89032"},{"taxonomy":"post_tag","embeddable":true,"href":"https:\/\/vocesparalelas.com.ar\/sitio\/wp-json\/wp\/v2\/tags?post=89032"}],"curies":[{"name":"wp","href":"https:\/\/api.w.org\/{rel}","templated":true}]}}