{"id":89018,"date":"2025-07-21T20:10:40","date_gmt":"2025-07-21T23:10:40","guid":{"rendered":"https:\/\/vocesparalelas.com.ar\/sitio\/?p=89018"},"modified":"2025-07-22T23:29:22","modified_gmt":"2025-07-23T02:29:22","slug":"concierto-de-gala-por-el-55-aniversario-del-auditorio-ing-juan-victoria-de-san-juan","status":"publish","type":"post","link":"https:\/\/vocesparalelas.com.ar\/sitio\/concierto-de-gala-por-el-55-aniversario-del-auditorio-ing-juan-victoria-de-san-juan\/","title":{"rendered":"Concierto de Gala por el 55\u00b0 aniversario del Auditorio Ing. Juan Victoria de San Juan"},"content":{"rendered":"<p>La Orquesta Sinf\u00f3nica de la Universidad Nacional de San Juan brinda el concierto de Gala por el 55\u00b0aniversario del Auditorio Ing. Juan Victoria, con entrada gratuita. el Viernes, 25 de Julio, a las 21.30 hs.; en la Sala del Auditorio.<\/p>\n<p>En esta ocasi\u00f3n el maestro titular Wolfgang Wengenroth dirige \u201cSinfon\u00eda N\u00b05\u201d, de Piotr I. Tchaikovsky, y \u201cPoem\u00e9\u201d, de Ernest Chausson, con \u00c1ngel Gonz\u00e1lez como violinista solista. Se trata de dos construcciones nacidas para demostrar valor.<\/p>\n<p><span style=\"color: #ff6600;\"><b>Condenado al exilio t\u00e1cito<\/b><\/span><\/p>\n<p>La \u201cSinfon\u00eda N\u00b05\u201d es la m\u00e1s celebre de Tchaikovsky es parte de un proceso de seis sinfonismos que se dividen en dos grupos: uno, orientado m\u00e1s al encanto mel\u00f3dico y estudio estructural, y el otro, considerado por muchos como un gran tr\u00edptico de cierre. El maestro vivi\u00f3 para demostrar el amor por su tierra y hacer la contra ante los desprecios que sufr\u00eda por parte de ciertos sectores.<\/p>\n<p>Pero, como dice el refr\u00e1n b\u00edblico, \u201cnadie es profeta en su tierra\u201d. Con \u00e9xitos rotundos en el extranjero, siempre comentaba apenado que nadie le\u00eda sobre \u00e9l en los peri\u00f3dicos de Rusia. Este problema fue una constante, acompa\u00f1ado por una neurastenia cr\u00f3nica que no permit\u00eda festejar demasiado sus logros.<\/p>\n<p>Tchaikovsky result\u00f3 en uno de los protegidos de la mecena clave de la historia de la m\u00fasica, Nadezhda von Meck, con quien manten\u00eda una relaci\u00f3n viva y alegre mediante mensajer\u00eda y que nunca escal\u00f3 a una interacci\u00f3n cara a cara.<\/p>\n<p><span style=\"color: #ff6600;\"><b>La excelencia tras el proceso<\/b><\/span><\/p>\n<p>\u201cPoem\u00e9\u201dentr\u00f3 en un largo proceso de gestaci\u00f3n luego de treinta cartas de correspondencia, tres versiones diferentes y una dedicatoria a pedido de otro gran compositor como lo es Ysaye, quien adem\u00e1s de ser un \u00edntimo amigo de\u00a0Chausson era un habilidoso violinista. El germen esencial para el resultado final es la interpretaci\u00f3n de Chausson sobre una historia corta del novelista ruso Ivan Turgenev, un poema que fue en un principio el nombre de esta obra: \u201cLa canci\u00f3n del amor triunfante\u201d.<\/p>\n<p>A su vez, las creaciones de Wagner conformaron una de las fuentes principales de inspiraci\u00f3n en cuanto a lo t\u00e9cnico. Ysaye y Chausson compart\u00edan una fascinaci\u00f3n musical por aqu\u00e9l. Una prueba de esto son las similitudes con ciertas partes de \u201cTrist\u00e1n e Isolda\u201d, un drama musical ic\u00f3nico del Holand\u00e9s Errante.<\/p>\n<p>\u201cPoema\u201d es comprendida como un fragmento de la b\u00fasqueda\u00a0del compositor,\u00a0tras ser elegido como\u00a0secretario de la Sociedad Nacional para la M\u00fasica Francesa, para cambiar su imagen de amateur a alguien maduro en sus producciones al incluir obras m\u00e1s dram\u00e1ticas y sustanciales.<\/p>\n<figure id=\"attachment_61468\" aria-describedby=\"caption-attachment-61468\" style=\"width: 800px\" class=\"wp-caption alignnone\"><img loading=\"lazy\" decoding=\"async\" class=\"size-full wp-image-61468\" src=\"https:\/\/vocesparalelas.com.ar\/sitio\/wp-content\/uploads\/2023\/07\/AUDITORIO-EDIFICIO.jpg\" alt=\"\" width=\"800\" height=\"533\" srcset=\"https:\/\/vocesparalelas.com.ar\/sitio\/wp-content\/uploads\/2023\/07\/AUDITORIO-EDIFICIO.jpg 800w, https:\/\/vocesparalelas.com.ar\/sitio\/wp-content\/uploads\/2023\/07\/AUDITORIO-EDIFICIO-300x200.jpg 300w, https:\/\/vocesparalelas.com.ar\/sitio\/wp-content\/uploads\/2023\/07\/AUDITORIO-EDIFICIO-768x512.jpg 768w\" sizes=\"auto, (max-width: 800px) 100vw, 800px\" \/><figcaption id=\"caption-attachment-61468\" class=\"wp-caption-text\">Auditorio Ing. Juan Victoria, Departamento Capital, Provincia San Juan, Rep\u00fablica Argentita<\/figcaption><\/figure>\n","protected":false},"excerpt":{"rendered":"<p>La Orquesta Sinf\u00f3nica de la Universidad Nacional de San Juan brinda el concierto de Gala por el 55\u00b0aniversario del Auditorio<\/p>\n","protected":false},"author":3,"featured_media":59915,"comment_status":"closed","ping_status":"closed","sticky":false,"template":"","format":"standard","meta":{"_acf_changed":false,"_seopress_robots_primary_cat":"none","_seopress_titles_title":"","_seopress_titles_desc":"","_seopress_robots_index":"","colormag_page_container_layout":"default_layout","colormag_page_sidebar_layout":"default_layout","footnotes":""},"categories":[20],"tags":[],"class_list":["post-89018","post","type-post","status-publish","format-standard","has-post-thumbnail","hentry","category-cartelera"],"acf":[],"_links":{"self":[{"href":"https:\/\/vocesparalelas.com.ar\/sitio\/wp-json\/wp\/v2\/posts\/89018","targetHints":{"allow":["GET"]}}],"collection":[{"href":"https:\/\/vocesparalelas.com.ar\/sitio\/wp-json\/wp\/v2\/posts"}],"about":[{"href":"https:\/\/vocesparalelas.com.ar\/sitio\/wp-json\/wp\/v2\/types\/post"}],"author":[{"embeddable":true,"href":"https:\/\/vocesparalelas.com.ar\/sitio\/wp-json\/wp\/v2\/users\/3"}],"replies":[{"embeddable":true,"href":"https:\/\/vocesparalelas.com.ar\/sitio\/wp-json\/wp\/v2\/comments?post=89018"}],"version-history":[{"count":1,"href":"https:\/\/vocesparalelas.com.ar\/sitio\/wp-json\/wp\/v2\/posts\/89018\/revisions"}],"predecessor-version":[{"id":89021,"href":"https:\/\/vocesparalelas.com.ar\/sitio\/wp-json\/wp\/v2\/posts\/89018\/revisions\/89021"}],"wp:featuredmedia":[{"embeddable":true,"href":"https:\/\/vocesparalelas.com.ar\/sitio\/wp-json\/wp\/v2\/media\/59915"}],"wp:attachment":[{"href":"https:\/\/vocesparalelas.com.ar\/sitio\/wp-json\/wp\/v2\/media?parent=89018"}],"wp:term":[{"taxonomy":"category","embeddable":true,"href":"https:\/\/vocesparalelas.com.ar\/sitio\/wp-json\/wp\/v2\/categories?post=89018"},{"taxonomy":"post_tag","embeddable":true,"href":"https:\/\/vocesparalelas.com.ar\/sitio\/wp-json\/wp\/v2\/tags?post=89018"}],"curies":[{"name":"wp","href":"https:\/\/api.w.org\/{rel}","templated":true}]}}