{"id":89012,"date":"2025-07-21T16:59:46","date_gmt":"2025-07-21T19:59:46","guid":{"rendered":"https:\/\/vocesparalelas.com.ar\/sitio\/?p=89012"},"modified":"2025-07-22T00:29:51","modified_gmt":"2025-07-22T03:29:51","slug":"estallo-la-felicidad-de-los-ninos-en-las-vacaciones-en-la-legislatura-2025-de-san-juan","status":"publish","type":"post","link":"https:\/\/vocesparalelas.com.ar\/sitio\/estallo-la-felicidad-de-los-ninos-en-las-vacaciones-en-la-legislatura-2025-de-san-juan\/","title":{"rendered":"Estall\u00f3 la felicidad de los ni\u00f1os en las \u201cVacaciones en la Legislatura 2025\u201d de San Juan"},"content":{"rendered":"<p>Durante el receso invernal, la Casa de Todos abri\u00f3 sus puertas a ni\u00f1os y adolescentes con una amplia variedad de actividades pensadas para estimular la creatividad y el aprendizaje a trav\u00e9s del juego.<\/p>\n<p>En el transcurso de dos semanas, los participantes disfrutaron de funciones de t\u00edteres, talleres de ciencia y slime, escritura creativa, K-pop, dibujo de c\u00f3mics y manga, y t\u00e9cnicas de acuarela, entre otras propuestas.<\/p>\n<p><strong><span style=\"color: #800080;\">Cierre del Programa<\/span><\/strong><\/p>\n<p>El viernes 18 de julio se realiz\u00f3 el gran cierre del programa con un espect\u00e1culo lleno de magia e imaginaci\u00f3n que cont\u00f3 con los trucos del Mago Mauricio; las historias fant\u00e1sticas del \u201cingeniero en cuentos\u201d, Pablo Montemurro, que sorprendieron y encantaron a todos los presentes y la recepci\u00f3n del mimo que sac\u00f3 una sonrisa a grandes y peque\u00f1os.<\/p>\n<p>Con\u00a0m\u00e1s de 1.400 asistentes, el programa tuvo una convocatoria excepcional.\u00a0La iniciativa busc\u00f3 ofrecer un espacio donde el arte y lo educativo se integren, promoviendo la participaci\u00f3n activa, el juego compartido y el desarrollo creativo de los m\u00e1s chicos.<\/p>\n<p><img loading=\"lazy\" decoding=\"async\" class=\"alignnone size-full wp-image-88657\" src=\"https:\/\/vocesparalelas.com.ar\/sitio\/wp-content\/uploads\/2025\/07\/CDSJ-CIENCIA-01.jpg\" alt=\"\" width=\"800\" height=\"534\" srcset=\"https:\/\/vocesparalelas.com.ar\/sitio\/wp-content\/uploads\/2025\/07\/CDSJ-CIENCIA-01.jpg 800w, https:\/\/vocesparalelas.com.ar\/sitio\/wp-content\/uploads\/2025\/07\/CDSJ-CIENCIA-01-300x200.jpg 300w, https:\/\/vocesparalelas.com.ar\/sitio\/wp-content\/uploads\/2025\/07\/CDSJ-CIENCIA-01-768x513.jpg 768w\" sizes=\"auto, (max-width: 800px) 100vw, 800px\" \/><\/p>\n<p>&nbsp;<\/p>\n<p>&nbsp;<\/p>\n","protected":false},"excerpt":{"rendered":"<p>Durante el receso invernal, la Casa de Todos abri\u00f3 sus puertas a ni\u00f1os y adolescentes con una amplia variedad de<\/p>\n","protected":false},"author":3,"featured_media":89016,"comment_status":"closed","ping_status":"closed","sticky":false,"template":"","format":"standard","meta":{"_acf_changed":false,"_seopress_robots_primary_cat":"none","_seopress_titles_title":"","_seopress_titles_desc":"","_seopress_robots_index":"","colormag_page_container_layout":"default_layout","colormag_page_sidebar_layout":"default_layout","footnotes":""},"categories":[6],"tags":[],"class_list":["post-89012","post","type-post","status-publish","format-standard","has-post-thumbnail","hentry","category-eventos"],"acf":[],"_links":{"self":[{"href":"https:\/\/vocesparalelas.com.ar\/sitio\/wp-json\/wp\/v2\/posts\/89012","targetHints":{"allow":["GET"]}}],"collection":[{"href":"https:\/\/vocesparalelas.com.ar\/sitio\/wp-json\/wp\/v2\/posts"}],"about":[{"href":"https:\/\/vocesparalelas.com.ar\/sitio\/wp-json\/wp\/v2\/types\/post"}],"author":[{"embeddable":true,"href":"https:\/\/vocesparalelas.com.ar\/sitio\/wp-json\/wp\/v2\/users\/3"}],"replies":[{"embeddable":true,"href":"https:\/\/vocesparalelas.com.ar\/sitio\/wp-json\/wp\/v2\/comments?post=89012"}],"version-history":[{"count":1,"href":"https:\/\/vocesparalelas.com.ar\/sitio\/wp-json\/wp\/v2\/posts\/89012\/revisions"}],"predecessor-version":[{"id":89017,"href":"https:\/\/vocesparalelas.com.ar\/sitio\/wp-json\/wp\/v2\/posts\/89012\/revisions\/89017"}],"wp:featuredmedia":[{"embeddable":true,"href":"https:\/\/vocesparalelas.com.ar\/sitio\/wp-json\/wp\/v2\/media\/89016"}],"wp:attachment":[{"href":"https:\/\/vocesparalelas.com.ar\/sitio\/wp-json\/wp\/v2\/media?parent=89012"}],"wp:term":[{"taxonomy":"category","embeddable":true,"href":"https:\/\/vocesparalelas.com.ar\/sitio\/wp-json\/wp\/v2\/categories?post=89012"},{"taxonomy":"post_tag","embeddable":true,"href":"https:\/\/vocesparalelas.com.ar\/sitio\/wp-json\/wp\/v2\/tags?post=89012"}],"curies":[{"name":"wp","href":"https:\/\/api.w.org\/{rel}","templated":true}]}}