{"id":89007,"date":"2025-07-21T16:52:11","date_gmt":"2025-07-21T19:52:11","guid":{"rendered":"https:\/\/vocesparalelas.com.ar\/sitio\/?p=89007"},"modified":"2025-07-21T16:52:11","modified_gmt":"2025-07-21T19:52:11","slug":"se-reunio-la-comision-de-obras-y-servicios-publicos-de-la-camara-de-diputados-de-san-juan","status":"publish","type":"post","link":"https:\/\/vocesparalelas.com.ar\/sitio\/se-reunio-la-comision-de-obras-y-servicios-publicos-de-la-camara-de-diputados-de-san-juan\/","title":{"rendered":"Se reuni\u00f3 la Comisi\u00f3n de Obras y Servicios P\u00fablicos de la C\u00e1mara de Diputados de San Juan"},"content":{"rendered":"<p>El Lunes, 21 de Julio, los legisladores que integran la Comisi\u00f3n de Obras y Servicios P\u00fablicos de la C\u00e1mara de Diputados de San Juan se reunieron para analizar y debatir los distintos proyectos que fueron presentados.<\/p>\n<p>Durante el encuentro, se emiti\u00f3 despacho favorable a un proyecto de Ley enviado por el Poder Ejecutivo, que propone ratificar la Adenda III al convenio suscripto entre el Ministerio de Transporte de la Naci\u00f3n y la Provincia de San Juan, de fecha del 28 de febrero de 2023.<\/p>\n<p>Este acuerdo tiene como objetivo dar continuidad a la asistencia financiera destinada al Transporte P\u00fablico Automotor Urbano, mediante el denominado Fondo Compensador.<\/p>\n<figure id=\"attachment_37951\" aria-describedby=\"caption-attachment-37951\" style=\"width: 800px\" class=\"wp-caption alignnone\"><img loading=\"lazy\" decoding=\"async\" class=\"size-full wp-image-37951\" src=\"https:\/\/vocesparalelas.com.ar\/sitio\/wp-content\/uploads\/2021\/05\/CAMARA-EDIFICIO.jpg\" alt=\"\" width=\"800\" height=\"515\" srcset=\"https:\/\/vocesparalelas.com.ar\/sitio\/wp-content\/uploads\/2021\/05\/CAMARA-EDIFICIO.jpg 800w, https:\/\/vocesparalelas.com.ar\/sitio\/wp-content\/uploads\/2021\/05\/CAMARA-EDIFICIO-300x193.jpg 300w, https:\/\/vocesparalelas.com.ar\/sitio\/wp-content\/uploads\/2021\/05\/CAMARA-EDIFICIO-768x494.jpg 768w\" sizes=\"auto, (max-width: 800px) 100vw, 800px\" \/><figcaption id=\"caption-attachment-37951\" class=\"wp-caption-text\">Legislatura Provincial de San Juan, Rep\u00fablica Argentina<\/figcaption><\/figure>\n","protected":false},"excerpt":{"rendered":"<p>El Lunes, 21 de Julio, los legisladores que integran la Comisi\u00f3n de Obras y Servicios P\u00fablicos de la C\u00e1mara de<\/p>\n","protected":false},"author":3,"featured_media":89010,"comment_status":"closed","ping_status":"closed","sticky":false,"template":"","format":"standard","meta":{"_acf_changed":false,"_seopress_robots_primary_cat":"none","_seopress_titles_title":"","_seopress_titles_desc":"","_seopress_robots_index":"","colormag_page_container_layout":"default_layout","colormag_page_sidebar_layout":"default_layout","footnotes":""},"categories":[1],"tags":[],"class_list":["post-89007","post","type-post","status-publish","format-standard","has-post-thumbnail","hentry","category-destacadas"],"acf":[],"_links":{"self":[{"href":"https:\/\/vocesparalelas.com.ar\/sitio\/wp-json\/wp\/v2\/posts\/89007","targetHints":{"allow":["GET"]}}],"collection":[{"href":"https:\/\/vocesparalelas.com.ar\/sitio\/wp-json\/wp\/v2\/posts"}],"about":[{"href":"https:\/\/vocesparalelas.com.ar\/sitio\/wp-json\/wp\/v2\/types\/post"}],"author":[{"embeddable":true,"href":"https:\/\/vocesparalelas.com.ar\/sitio\/wp-json\/wp\/v2\/users\/3"}],"replies":[{"embeddable":true,"href":"https:\/\/vocesparalelas.com.ar\/sitio\/wp-json\/wp\/v2\/comments?post=89007"}],"version-history":[{"count":1,"href":"https:\/\/vocesparalelas.com.ar\/sitio\/wp-json\/wp\/v2\/posts\/89007\/revisions"}],"predecessor-version":[{"id":89011,"href":"https:\/\/vocesparalelas.com.ar\/sitio\/wp-json\/wp\/v2\/posts\/89007\/revisions\/89011"}],"wp:featuredmedia":[{"embeddable":true,"href":"https:\/\/vocesparalelas.com.ar\/sitio\/wp-json\/wp\/v2\/media\/89010"}],"wp:attachment":[{"href":"https:\/\/vocesparalelas.com.ar\/sitio\/wp-json\/wp\/v2\/media?parent=89007"}],"wp:term":[{"taxonomy":"category","embeddable":true,"href":"https:\/\/vocesparalelas.com.ar\/sitio\/wp-json\/wp\/v2\/categories?post=89007"},{"taxonomy":"post_tag","embeddable":true,"href":"https:\/\/vocesparalelas.com.ar\/sitio\/wp-json\/wp\/v2\/tags?post=89007"}],"curies":[{"name":"wp","href":"https:\/\/api.w.org\/{rel}","templated":true}]}}