{"id":88984,"date":"2025-07-21T12:09:26","date_gmt":"2025-07-21T15:09:26","guid":{"rendered":"https:\/\/vocesparalelas.com.ar\/sitio\/?p=88984"},"modified":"2025-07-21T22:01:44","modified_gmt":"2025-07-22T01:01:44","slug":"se-reactiva-el-servicio-de-boleto-escolar-y-docente-gratuito-en-san-juan","status":"publish","type":"post","link":"https:\/\/vocesparalelas.com.ar\/sitio\/se-reactiva-el-servicio-de-boleto-escolar-y-docente-gratuito-en-san-juan\/","title":{"rendered":"Se reactiva el servicio de Boleto Escolar y Docente Gratuito en San Juan"},"content":{"rendered":"<p>El Ministerio de Gobierno de San Juan informa a la comunidad educativa que, a partir del Lunes, 21 de Julio de 2025, se reactiva el servicio de Boleto Escolar y Docente Gratuito en todas las l\u00edneas de transporte p\u00fablico de pasajeros.<\/p>\n<p>El beneficio se extiende hasta la finalizaci\u00f3n del Ciclo Lectivo 2025, para continuar con la medida adoptada por el Gobierno de San Juan.<\/p>\n<p>Con el objetivo de facilitar el acceso y agilizar el uso del servicio, se establece que los estudiantes que porten su uniforme escolar o guardapolvo no necesitar\u00e1n presentar la credencial para acceder al boleto gratuito.<\/p>\n<p>El beneficio del boleto gratuito est\u00e1 dirigido a todos los estudiantes de los niveles inicial, primario y secundario, terciario y universitario, as\u00ed como a los docentes de todas las modalidades y niveles educativos, tanto de instituciones p\u00fablicas como privadas de la provincia.<\/p>\n<p><img loading=\"lazy\" decoding=\"async\" class=\"alignnone size-full wp-image-74417\" src=\"https:\/\/vocesparalelas.com.ar\/sitio\/wp-content\/uploads\/2024\/07\/REDTULUM-LOGO.jpg\" alt=\"\" width=\"800\" height=\"600\" srcset=\"https:\/\/vocesparalelas.com.ar\/sitio\/wp-content\/uploads\/2024\/07\/REDTULUM-LOGO.jpg 800w, https:\/\/vocesparalelas.com.ar\/sitio\/wp-content\/uploads\/2024\/07\/REDTULUM-LOGO-300x225.jpg 300w, https:\/\/vocesparalelas.com.ar\/sitio\/wp-content\/uploads\/2024\/07\/REDTULUM-LOGO-768x576.jpg 768w\" sizes=\"auto, (max-width: 800px) 100vw, 800px\" \/><\/p>\n<p>&nbsp;<\/p>\n","protected":false},"excerpt":{"rendered":"<p>El Ministerio de Gobierno de San Juan informa a la comunidad educativa que, a partir del Lunes, 21 de Julio<\/p>\n","protected":false},"author":3,"featured_media":83510,"comment_status":"closed","ping_status":"closed","sticky":false,"template":"","format":"standard","meta":{"_acf_changed":false,"_seopress_robots_primary_cat":"none","_seopress_titles_title":"","_seopress_titles_desc":"","_seopress_robots_index":"","colormag_page_container_layout":"default_layout","colormag_page_sidebar_layout":"default_layout","footnotes":""},"categories":[5],"tags":[],"class_list":["post-88984","post","type-post","status-publish","format-standard","has-post-thumbnail","hentry","category-ofrecimientos"],"acf":[],"_links":{"self":[{"href":"https:\/\/vocesparalelas.com.ar\/sitio\/wp-json\/wp\/v2\/posts\/88984","targetHints":{"allow":["GET"]}}],"collection":[{"href":"https:\/\/vocesparalelas.com.ar\/sitio\/wp-json\/wp\/v2\/posts"}],"about":[{"href":"https:\/\/vocesparalelas.com.ar\/sitio\/wp-json\/wp\/v2\/types\/post"}],"author":[{"embeddable":true,"href":"https:\/\/vocesparalelas.com.ar\/sitio\/wp-json\/wp\/v2\/users\/3"}],"replies":[{"embeddable":true,"href":"https:\/\/vocesparalelas.com.ar\/sitio\/wp-json\/wp\/v2\/comments?post=88984"}],"version-history":[{"count":1,"href":"https:\/\/vocesparalelas.com.ar\/sitio\/wp-json\/wp\/v2\/posts\/88984\/revisions"}],"predecessor-version":[{"id":88987,"href":"https:\/\/vocesparalelas.com.ar\/sitio\/wp-json\/wp\/v2\/posts\/88984\/revisions\/88987"}],"wp:featuredmedia":[{"embeddable":true,"href":"https:\/\/vocesparalelas.com.ar\/sitio\/wp-json\/wp\/v2\/media\/83510"}],"wp:attachment":[{"href":"https:\/\/vocesparalelas.com.ar\/sitio\/wp-json\/wp\/v2\/media?parent=88984"}],"wp:term":[{"taxonomy":"category","embeddable":true,"href":"https:\/\/vocesparalelas.com.ar\/sitio\/wp-json\/wp\/v2\/categories?post=88984"},{"taxonomy":"post_tag","embeddable":true,"href":"https:\/\/vocesparalelas.com.ar\/sitio\/wp-json\/wp\/v2\/tags?post=88984"}],"curies":[{"name":"wp","href":"https:\/\/api.w.org\/{rel}","templated":true}]}}