{"id":88975,"date":"2025-07-20T20:40:02","date_gmt":"2025-07-20T23:40:02","guid":{"rendered":"https:\/\/vocesparalelas.com.ar\/sitio\/?p=88975"},"modified":"2025-07-21T22:02:27","modified_gmt":"2025-07-22T01:02:27","slug":"los-docentes-pueden-realizar-tramites-a-traves-de-cidi-san-juan","status":"publish","type":"post","link":"https:\/\/vocesparalelas.com.ar\/sitio\/los-docentes-pueden-realizar-tramites-a-traves-de-cidi-san-juan\/","title":{"rendered":"Los docentes pueden realizar tr\u00e1mites a trav\u00e9s de CIDI San Juan"},"content":{"rendered":"<p>En el marco del Plan de Modernizaci\u00f3n del Estado que lleva adelante el Gobierno de San Juan, el Ministerio de Educaci\u00f3n avanza en la digitalizaci\u00f3n de servicios, facilitando a los docentes el acceso a tr\u00e1mites laborales esenciales a trav\u00e9s de Mi Educaci\u00f3n, una secci\u00f3n dentro de la plataforma Ciudadano Digital &#8211; CIDI.<\/p>\n<p><img loading=\"lazy\" decoding=\"async\" class=\"alignnone size-full wp-image-81074 aligncenter\" src=\"https:\/\/vocesparalelas.com.ar\/sitio\/wp-content\/uploads\/2024\/12\/GSJ-CIDI-APP-NUEVA.png\" alt=\"\" width=\"300\" height=\"250\" \/><\/p>\n<p>Sin necesidad de trasladarse al Centro C\u00edvico ni hacer filas, se puede obtener desde la celular documentaci\u00f3n como:<\/p>\n<ul>\n<li><span style=\"color: #ff6600;\"><strong>Foja de servicio<\/strong>:<\/span> refleja el historial laboral del docente vinculado al Ministerio de Educaci\u00f3n.<\/li>\n<li><span style=\"color: #ff6600;\"><strong>Situaci\u00f3n de revista<\/strong>:<\/span> permite visualizar los cargos u horas c\u00e1tedras vigentes, licencias o afectaciones.<\/li>\n<li><span style=\"color: #ff6600;\"><strong>Declaraci\u00f3n jurada de cargos y horas c\u00e1tedra<\/strong>:<\/span> documento oficial que puede presentarse ante organismos p\u00fablicos o privados.<\/li>\n<\/ul>\n<p>Estos tr\u00e1mites, que hasta hace poco requer\u00edan la gesti\u00f3n presencial en oficinas del Ministerio de Educaci\u00f3n o Escuelas con acceso al SIGE, ahora pueden descargarse directamente desde cualquier dispositivo m\u00f3vil, sin necesidad de firma ni validaciones adicionales. Tambi\u00e9n pueden imprimirse en cualquier momento.<\/p>\n<p>Esta transformaci\u00f3n digital, impulsada por el Gobierno de San Juan, tiene como objetivo optimizar el tiempo de los trabajadores de la educaci\u00f3n, reduciendo traslados, esperas y tr\u00e1mites. S\u00f3lo en los casos en que la Foja de servicio est\u00e9 desactualizada o contenga errores, es necesario acercarse a la Oficina de Personal Docente en el Ministerio de Educaci\u00f3n.<\/p>\n<p>En tanto, el Ministerio de Educaci\u00f3n del Gobierno de San Juan, tambi\u00e9n pone a disposici\u00f3n la Mesa de Ayuda, su servicio de asistencia telef\u00f3nica al 430 7908, para resolver cuestiones vinculadas al Sistema Integral de Gesti\u00f3n Educativa, reclamos o dudas. La Mesa de Ayuda brinda adem\u00e1s soporte a diferentes \u00e1reas del Ministerio de Educaci\u00f3n en el Centro C\u00edvico, a las unidades de gesti\u00f3n, a las Juntas de Clasificaci\u00f3n Docente y a las escuelas.<\/p>\n<p>&nbsp;<\/p>\n<p><strong><span style=\"color: #ff6600;\">\u00bfQu\u00e9 es Ciudadano Digital (CIDI)?<\/span><\/strong><\/p>\n<p>Es una plataforma de autogesti\u00f3n que permite acceder a documentaci\u00f3n, tr\u00e1mites y consultas personales de manera \u00e1gil y segura. A trav\u00e9s de una \u00fanica cuenta, los ciudadanos pueden vincularse digitalmente con diferentes \u00e1reas del Gobierno provincial.<\/p>\n<p>Obtener una cuenta en Ciudadano Digital es muy simple: s\u00f3lo hay que descargar la aplicaci\u00f3n desde App Store o Google Play Store.<\/p>\n<p>&nbsp;<\/p>\n<p><img loading=\"lazy\" decoding=\"async\" class=\"alignnone size-full wp-image-28629\" src=\"https:\/\/vocesparalelas.com.ar\/sitio\/wp-content\/uploads\/2020\/05\/MINISTERIO-EDUCACION-SJ.jpg\" alt=\"\" width=\"800\" height=\"533\" srcset=\"https:\/\/vocesparalelas.com.ar\/sitio\/wp-content\/uploads\/2020\/05\/MINISTERIO-EDUCACION-SJ.jpg 800w, https:\/\/vocesparalelas.com.ar\/sitio\/wp-content\/uploads\/2020\/05\/MINISTERIO-EDUCACION-SJ-300x200.jpg 300w, https:\/\/vocesparalelas.com.ar\/sitio\/wp-content\/uploads\/2020\/05\/MINISTERIO-EDUCACION-SJ-768x512.jpg 768w\" sizes=\"auto, (max-width: 800px) 100vw, 800px\" \/><\/p>\n","protected":false},"excerpt":{"rendered":"<p>En el marco del Plan de Modernizaci\u00f3n del Estado que lleva adelante el Gobierno de San Juan, el Ministerio de<\/p>\n","protected":false},"author":3,"featured_media":35071,"comment_status":"closed","ping_status":"closed","sticky":false,"template":"","format":"standard","meta":{"_acf_changed":false,"_seopress_robots_primary_cat":"none","_seopress_titles_title":"","_seopress_titles_desc":"","_seopress_robots_index":"","colormag_page_container_layout":"default_layout","colormag_page_sidebar_layout":"default_layout","footnotes":""},"categories":[5],"tags":[],"class_list":["post-88975","post","type-post","status-publish","format-standard","has-post-thumbnail","hentry","category-ofrecimientos"],"acf":[],"_links":{"self":[{"href":"https:\/\/vocesparalelas.com.ar\/sitio\/wp-json\/wp\/v2\/posts\/88975","targetHints":{"allow":["GET"]}}],"collection":[{"href":"https:\/\/vocesparalelas.com.ar\/sitio\/wp-json\/wp\/v2\/posts"}],"about":[{"href":"https:\/\/vocesparalelas.com.ar\/sitio\/wp-json\/wp\/v2\/types\/post"}],"author":[{"embeddable":true,"href":"https:\/\/vocesparalelas.com.ar\/sitio\/wp-json\/wp\/v2\/users\/3"}],"replies":[{"embeddable":true,"href":"https:\/\/vocesparalelas.com.ar\/sitio\/wp-json\/wp\/v2\/comments?post=88975"}],"version-history":[{"count":1,"href":"https:\/\/vocesparalelas.com.ar\/sitio\/wp-json\/wp\/v2\/posts\/88975\/revisions"}],"predecessor-version":[{"id":88978,"href":"https:\/\/vocesparalelas.com.ar\/sitio\/wp-json\/wp\/v2\/posts\/88975\/revisions\/88978"}],"wp:featuredmedia":[{"embeddable":true,"href":"https:\/\/vocesparalelas.com.ar\/sitio\/wp-json\/wp\/v2\/media\/35071"}],"wp:attachment":[{"href":"https:\/\/vocesparalelas.com.ar\/sitio\/wp-json\/wp\/v2\/media?parent=88975"}],"wp:term":[{"taxonomy":"category","embeddable":true,"href":"https:\/\/vocesparalelas.com.ar\/sitio\/wp-json\/wp\/v2\/categories?post=88975"},{"taxonomy":"post_tag","embeddable":true,"href":"https:\/\/vocesparalelas.com.ar\/sitio\/wp-json\/wp\/v2\/tags?post=88975"}],"curies":[{"name":"wp","href":"https:\/\/api.w.org\/{rel}","templated":true}]}}