{"id":88971,"date":"2025-07-20T19:58:52","date_gmt":"2025-07-20T22:58:52","guid":{"rendered":"https:\/\/vocesparalelas.com.ar\/sitio\/?p=88971"},"modified":"2025-07-21T17:02:04","modified_gmt":"2025-07-21T20:02:04","slug":"ocho-empresas-presentaron-ofertas-para-la-construccion-de-dos-nuevos-miradores-en-punta-negra-de-san-juan","status":"publish","type":"post","link":"https:\/\/vocesparalelas.com.ar\/sitio\/ocho-empresas-presentaron-ofertas-para-la-construccion-de-dos-nuevos-miradores-en-punta-negra-de-san-juan\/","title":{"rendered":"Ocho Empresas presentaron ofertas para la construcci\u00f3n de dos nuevos miradores en Punta Negra de San Juan"},"content":{"rendered":"<p>El Ministerio de Infraestructura, Agua y Energ\u00eda avanza con el proceso licitatorio para la construcci\u00f3n de los miradores N.\u00ba 3 y 4 en el Dique Punta Negra, departamento Zonda. El proyecto contempla una superficie total de 4.717 m\u00b2 e incluye la creaci\u00f3n de espacios modernos, equipados y accesibles que permitir\u00e1n fortalecer la oferta tur\u00edstica y recreativa de la zona. Con una ubicaci\u00f3n estrat\u00e9gica sobre la Ruta Provincial N\u00ba 12, la intervenci\u00f3n busca brindar un entorno seguro y confortable para vecinos y visitantes, promoviendo el disfrute responsable del paisaje natural.<\/p>\n<p><img loading=\"lazy\" decoding=\"async\" class=\"alignnone size-full wp-image-56116\" src=\"https:\/\/vocesparalelas.com.ar\/sitio\/wp-content\/uploads\/2023\/01\/EMBALSE-PUNTA-NEGRA.jpg\" alt=\"\" width=\"800\" height=\"450\" srcset=\"https:\/\/vocesparalelas.com.ar\/sitio\/wp-content\/uploads\/2023\/01\/EMBALSE-PUNTA-NEGRA.jpg 800w, https:\/\/vocesparalelas.com.ar\/sitio\/wp-content\/uploads\/2023\/01\/EMBALSE-PUNTA-NEGRA-300x169.jpg 300w, https:\/\/vocesparalelas.com.ar\/sitio\/wp-content\/uploads\/2023\/01\/EMBALSE-PUNTA-NEGRA-768x432.jpg 768w\" sizes=\"auto, (max-width: 800px) 100vw, 800px\" \/><\/p>\n<p>Los nuevos miradores contar\u00e1n con equipamiento urbano, como mesas, bancos, basureros y puntos de selfies, espacios especialmente se\u00f1alizados y acondicionados para la toma de fotograf\u00edas con vistas panor\u00e1micas. Tambi\u00e9n se incorporar\u00e1n estaciones solares para carga de celulares, infladores solares y sectores de estacionamiento pavimentado para veh\u00edculos y bicicletas, con accesos vehiculares correctamente se\u00f1alizados. La obra contempla la colocaci\u00f3n de barandas de seguridad, carteler\u00eda vial, pavimentaci\u00f3n con carpeta asf\u00e1ltica y desag\u00fces pluviales.<\/p>\n<p>Con infraestructura moderna y funcional, este proyecto tiene como objetivo mejorar la experiencia de quienes visitan Punta Negra, generando un entorno cuidado para la recreaci\u00f3n y el disfrute del paisaje.<\/p>\n<p><span style=\"color: #ff6600;\"><strong>Ocho empresas presentaron ofertas<\/strong><\/span><\/p>\n<p>La apertura de sobres correspondiente a la Licitaci\u00f3n P\u00fablica N.\u00ba 11\/2025 se realiz\u00f3 en la Sala de Licitaciones del Ministerio de Hacienda, ubicada en el segundo piso del N\u00facleo 6 del Centro C\u00edvico. El acto cont\u00f3 con la participaci\u00f3n de la subsecretaria de Obras P\u00fablicas, Andrea Fern\u00e1ndez; la directora de Planificaci\u00f3n y Proyecto, Mar\u00eda Guadalupe Ariza; la subjefa del Departamento Contable de Obras, Sandra Tomio; y el jefe del Departamento Compras, Maximiliano Heras. Tambi\u00e9n asisti\u00f3 el auditor t\u00e9cnico Roberto Tello, en representaci\u00f3n de la Contadur\u00eda General de la Provincia. La supervisi\u00f3n del procedimiento estuvo a cargo de la escribana adscripta del Registro Notarial Especial del Estado Provincial, Florencia Denise Menechelli.<\/p>\n<p><strong><span style=\"color: #ff6600;\">En total, se recibieron ocho propuestas presentadas por las siguientes empresas: <\/span><\/strong><\/p>\n<ul>\n<li>Redescom SRL,<\/li>\n<li>Macro Construcciones SRL,<\/li>\n<li>Bilbao Construcciones SRL,<\/li>\n<li>Senco SRL,<\/li>\n<li>Pedernal Construcciones SRL,<\/li>\n<li>PM Construcciones SRL,<\/li>\n<li>Conycom SRL y<\/li>\n<li>Constructora GB y Asociados SRL<\/li>\n<\/ul>\n<p>Todas las ofertas fueron consideradas admisibles por la mesa de apertura.<\/p>\n<p>El proceso continuar\u00e1 con la etapa de evaluaci\u00f3n t\u00e9cnica y econ\u00f3mica de las propuestas, conforme a la normativa vigente, para avanzar hacia la adjudicaci\u00f3n del contrato.<\/p>\n<p><img loading=\"lazy\" decoding=\"async\" class=\"alignnone size-large wp-image-77198\" src=\"https:\/\/vocesparalelas.com.ar\/sitio\/wp-content\/uploads\/2024\/09\/PUNTA-NEGRA-MEJORAS-01-800x450.jpg\" alt=\"\" width=\"800\" height=\"450\" srcset=\"https:\/\/vocesparalelas.com.ar\/sitio\/wp-content\/uploads\/2024\/09\/PUNTA-NEGRA-MEJORAS-01-800x450.jpg 800w, https:\/\/vocesparalelas.com.ar\/sitio\/wp-content\/uploads\/2024\/09\/PUNTA-NEGRA-MEJORAS-01-300x169.jpg 300w, https:\/\/vocesparalelas.com.ar\/sitio\/wp-content\/uploads\/2024\/09\/PUNTA-NEGRA-MEJORAS-01-768x432.jpg 768w, https:\/\/vocesparalelas.com.ar\/sitio\/wp-content\/uploads\/2024\/09\/PUNTA-NEGRA-MEJORAS-01.jpg 1024w\" sizes=\"auto, (max-width: 800px) 100vw, 800px\" \/><\/p>\n<p>&nbsp;<\/p>\n","protected":false},"excerpt":{"rendered":"<p>El Ministerio de Infraestructura, Agua y Energ\u00eda avanza con el proceso licitatorio para la construcci\u00f3n de los miradores N.\u00ba 3<\/p>\n","protected":false},"author":3,"featured_media":77198,"comment_status":"closed","ping_status":"closed","sticky":false,"template":"","format":"standard","meta":{"_acf_changed":false,"_seopress_robots_primary_cat":"none","_seopress_titles_title":"","_seopress_titles_desc":"","_seopress_robots_index":"","colormag_page_container_layout":"default_layout","colormag_page_sidebar_layout":"default_layout","footnotes":""},"categories":[8],"tags":[],"class_list":["post-88971","post","type-post","status-publish","format-standard","has-post-thumbnail","hentry","category-concursos"],"acf":[],"_links":{"self":[{"href":"https:\/\/vocesparalelas.com.ar\/sitio\/wp-json\/wp\/v2\/posts\/88971","targetHints":{"allow":["GET"]}}],"collection":[{"href":"https:\/\/vocesparalelas.com.ar\/sitio\/wp-json\/wp\/v2\/posts"}],"about":[{"href":"https:\/\/vocesparalelas.com.ar\/sitio\/wp-json\/wp\/v2\/types\/post"}],"author":[{"embeddable":true,"href":"https:\/\/vocesparalelas.com.ar\/sitio\/wp-json\/wp\/v2\/users\/3"}],"replies":[{"embeddable":true,"href":"https:\/\/vocesparalelas.com.ar\/sitio\/wp-json\/wp\/v2\/comments?post=88971"}],"version-history":[{"count":1,"href":"https:\/\/vocesparalelas.com.ar\/sitio\/wp-json\/wp\/v2\/posts\/88971\/revisions"}],"predecessor-version":[{"id":88974,"href":"https:\/\/vocesparalelas.com.ar\/sitio\/wp-json\/wp\/v2\/posts\/88971\/revisions\/88974"}],"wp:featuredmedia":[{"embeddable":true,"href":"https:\/\/vocesparalelas.com.ar\/sitio\/wp-json\/wp\/v2\/media\/77198"}],"wp:attachment":[{"href":"https:\/\/vocesparalelas.com.ar\/sitio\/wp-json\/wp\/v2\/media?parent=88971"}],"wp:term":[{"taxonomy":"category","embeddable":true,"href":"https:\/\/vocesparalelas.com.ar\/sitio\/wp-json\/wp\/v2\/categories?post=88971"},{"taxonomy":"post_tag","embeddable":true,"href":"https:\/\/vocesparalelas.com.ar\/sitio\/wp-json\/wp\/v2\/tags?post=88971"}],"curies":[{"name":"wp","href":"https:\/\/api.w.org\/{rel}","templated":true}]}}