{"id":88965,"date":"2025-07-20T19:51:21","date_gmt":"2025-07-20T22:51:21","guid":{"rendered":"https:\/\/vocesparalelas.com.ar\/sitio\/?p=88965"},"modified":"2025-07-21T17:02:52","modified_gmt":"2025-07-21T20:02:52","slug":"los-tramites-de-construccion-se-hacen-por-cidi-san-juan","status":"publish","type":"post","link":"https:\/\/vocesparalelas.com.ar\/sitio\/los-tramites-de-construccion-se-hacen-por-cidi-san-juan\/","title":{"rendered":"Los tr\u00e1mites de construcci\u00f3n se hacen por Cidi San Juan"},"content":{"rendered":"<p>La Direcci\u00f3n de Planeamiento y Desarrollo Urbano informa que, a partir del mi\u00e9rcoles 16 de julio de 2025, el ingreso a la plataforma de gesti\u00f3n de tr\u00e1mites GOP se realiza a trav\u00e9s del sistema Ciudadano Digital (CiDi). Esta medida implica que todos los profesionales que deban iniciar o continuar gestiones ante la Direcci\u00f3n deber\u00e1n contar con clave y usuario actualizados de CiDi.<\/p>\n<p>Desde la DPDU explicaron que el objetivo es garantizar una\u00a0operatoria segura y eficiente en el entorno digital,\u00a0centralizando el acceso a trav\u00e9s del portal oficial gop.sanjuan.gov.ar. Debido a esto, desde el \u00e1rea t\u00e9cnica se recomienda revisar con anticipaci\u00f3n la informaci\u00f3n disponible en la ventana de inicio de la plataforma GOP, donde se detallan documentos \u00fatiles en la secci\u00f3n \u201cDescargas\u201d y los medios de contacto del equipo de DPDU.<\/p>\n<p>La implementaci\u00f3n de esta medida refuerza la estrategia de digitalizaci\u00f3n de tr\u00e1mites impulsada por el\u00a0Ministerio de Infraestructura, Agua y Energ\u00eda del Gobierno de San Juan,\u00a0orientada a mejorar los servicios ofrecidos a los profesionales del sector y a modernizar la gesti\u00f3n p\u00fablica.<\/p>\n<p><img loading=\"lazy\" decoding=\"async\" class=\"alignnone size-full wp-image-65642\" src=\"https:\/\/vocesparalelas.com.ar\/sitio\/wp-content\/uploads\/2023\/11\/GOBIERNO-SAN-JUAN.jpg\" alt=\"\" width=\"800\" height=\"600\" srcset=\"https:\/\/vocesparalelas.com.ar\/sitio\/wp-content\/uploads\/2023\/11\/GOBIERNO-SAN-JUAN.jpg 800w, https:\/\/vocesparalelas.com.ar\/sitio\/wp-content\/uploads\/2023\/11\/GOBIERNO-SAN-JUAN-300x225.jpg 300w, https:\/\/vocesparalelas.com.ar\/sitio\/wp-content\/uploads\/2023\/11\/GOBIERNO-SAN-JUAN-768x576.jpg 768w\" sizes=\"auto, (max-width: 800px) 100vw, 800px\" \/><\/p>\n","protected":false},"excerpt":{"rendered":"<p>La Direcci\u00f3n de Planeamiento y Desarrollo Urbano informa que, a partir del mi\u00e9rcoles 16 de julio de 2025, el ingreso<\/p>\n","protected":false},"author":3,"featured_media":81074,"comment_status":"closed","ping_status":"closed","sticky":false,"template":"","format":"standard","meta":{"_acf_changed":false,"_seopress_robots_primary_cat":"none","_seopress_titles_title":"","_seopress_titles_desc":"","_seopress_robots_index":"","colormag_page_container_layout":"default_layout","colormag_page_sidebar_layout":"default_layout","footnotes":""},"categories":[2],"tags":[],"class_list":["post-88965","post","type-post","status-publish","format-standard","has-post-thumbnail","hentry","category-convocatorias"],"acf":[],"_links":{"self":[{"href":"https:\/\/vocesparalelas.com.ar\/sitio\/wp-json\/wp\/v2\/posts\/88965","targetHints":{"allow":["GET"]}}],"collection":[{"href":"https:\/\/vocesparalelas.com.ar\/sitio\/wp-json\/wp\/v2\/posts"}],"about":[{"href":"https:\/\/vocesparalelas.com.ar\/sitio\/wp-json\/wp\/v2\/types\/post"}],"author":[{"embeddable":true,"href":"https:\/\/vocesparalelas.com.ar\/sitio\/wp-json\/wp\/v2\/users\/3"}],"replies":[{"embeddable":true,"href":"https:\/\/vocesparalelas.com.ar\/sitio\/wp-json\/wp\/v2\/comments?post=88965"}],"version-history":[{"count":3,"href":"https:\/\/vocesparalelas.com.ar\/sitio\/wp-json\/wp\/v2\/posts\/88965\/revisions"}],"predecessor-version":[{"id":88970,"href":"https:\/\/vocesparalelas.com.ar\/sitio\/wp-json\/wp\/v2\/posts\/88965\/revisions\/88970"}],"wp:featuredmedia":[{"embeddable":true,"href":"https:\/\/vocesparalelas.com.ar\/sitio\/wp-json\/wp\/v2\/media\/81074"}],"wp:attachment":[{"href":"https:\/\/vocesparalelas.com.ar\/sitio\/wp-json\/wp\/v2\/media?parent=88965"}],"wp:term":[{"taxonomy":"category","embeddable":true,"href":"https:\/\/vocesparalelas.com.ar\/sitio\/wp-json\/wp\/v2\/categories?post=88965"},{"taxonomy":"post_tag","embeddable":true,"href":"https:\/\/vocesparalelas.com.ar\/sitio\/wp-json\/wp\/v2\/tags?post=88965"}],"curies":[{"name":"wp","href":"https:\/\/api.w.org\/{rel}","templated":true}]}}