{"id":88957,"date":"2025-07-20T11:26:02","date_gmt":"2025-07-20T14:26:02","guid":{"rendered":"https:\/\/vocesparalelas.com.ar\/sitio\/?p=88957"},"modified":"2025-07-21T12:42:59","modified_gmt":"2025-07-21T15:42:59","slug":"el-regalo-de-la-amistad","status":"publish","type":"post","link":"https:\/\/vocesparalelas.com.ar\/sitio\/el-regalo-de-la-amistad\/","title":{"rendered":"El regalo de la amistad"},"content":{"rendered":"<p>Por el Arzobispo de San Juan de Cuyo, Monse\u00f1or Jorge Lozano<\/p>\n<p>Cinco letras son suficientes. Alcanzan para empezar a denominar una realidad tan honda como la vida misma. Amigo, amiga. Un regalo profundo, silencioso, vital. Para vivir necesitamos del aire, el agua, los alimentos, el abrigo y cobijo para no quedar a la intemperie. Sin ellos morimos. Si son escasos, se deteriora nuestra salud, y tambi\u00e9n somos empujados a la muerte.<\/p>\n<p>Pero aun teniendo esas necesidades garantizadas, la vida no es plena sin los afectos. Varias veces hemos escuchado decir que alguien \u201cse muri\u00f3 de tristeza\u201d; yo he conocido unas cuantas situaciones as\u00ed.<\/p>\n<p>Cada 20 de julio celebramos el \u201cD\u00eda del Amigo\u201d, una fecha que no deber\u00eda pasar como un simple saludo en redes sociales.<\/p>\n<p>El amigo y la amiga nos regalan una presencia que no se impone pero sostiene, que no exige pero acompa\u00f1a. Es una de las formas m\u00e1s humanas \u2014y tambi\u00e9n m\u00e1s espirituales\u2014 de amar.<\/p>\n<p>Los amigos verdaderos son como la otra cara de uno mismo: no son iguales, pero tampoco ajenos. Saben abrirnos el coraz\u00f3n sin obligarnos a salir de nosotros mismos. Con ellos compartimos las diferencias sin miedo, sabiendo que lo esencial est\u00e1 intacto. Podemos tener gustos distintos en m\u00fasica, en ropa, en deportes o en pol\u00edtica, pero vibramos juntos frente a lo verdaderamente importante: la injusticia, la belleza, el dolor ajeno, la alegr\u00eda sencilla.<\/p>\n<p>La amistad verdadera no necesita definirse, sino vivirse. No se basa en la utilidad, sino en la gratuidad. \u201cLa amistad es un alma que habita en dos cuerpos; un coraz\u00f3n que habita en dos almas\u201d, dec\u00eda el fil\u00f3sofo Arist\u00f3teles. Expresa esa dimensi\u00f3n invisible que hace que dos personas se entiendan con una mirada, que se busquen aunque la vida los lleve por caminos distintos.<\/p>\n<p>En otras palabras, el amigo es ese testigo silencioso de nuestras mejores versiones y las derrotas m\u00e1s estridentes. Nos ayudan a recordar qui\u00e9nes somos y de d\u00f3nde venimos cuando lo olvidamos. Nos sostienen cuando flaqueamos y tambi\u00e9n nos despiertan cuando nos adormece la rutina o la indiferencia.<\/p>\n<p>La vida no fue pensada para ser vivida en soledad. Los amigos \u2014los de verdad\u2014 son los que nos caminan al lado, no para indicarnos el rumbo, sino para acompa\u00f1arnos en los desv\u00edos, en las b\u00fasquedas, en las ca\u00eddas.<\/p>\n<p>Nos necesitamos unos a otros para sobrellevar las heridas del esp\u00edritu, los cansancios del coraz\u00f3n, las batallas que cada quien libra por dentro. Podemos quedar con el alma desnuda sin avergonzarnos demasiado.<\/p>\n<p>Un amigo no siempre tiene las palabras justas, pero sabe cu\u00e1ndo callar y poner la mano en el hombro. No siempre soluciona los problemas, pero los vuelve m\u00e1s llevaderos. No siempre est\u00e1 cerca f\u00edsicamente, pero nos habita de un modo que desaf\u00eda el tiempo y la distancia. Sabe entrar con la puerta apenas entreabierta y con los pies descalzos, sin hacer ruido, sin distraer\u2026<\/p>\n<p>Por eso, este D\u00eda del Amigo no es solo una oportunidad para decir \u201cgracias\u201d, sino tambi\u00e9n para volver a jugarnos por los v\u00ednculos verdaderos, por las relaciones que no se compran ni se venden, que no dependen de modas ni algoritmos. Porque la amistad aut\u00e9ntica no envejece, no necesita <em>likes<\/em>, no exige explicaciones. Solo pide presencia, escucha, cuidado.<\/p>\n<p>Hoy m\u00e1s que nunca, en tiempos de individualismo y conexi\u00f3n virtual, la amistad es un acto de resistencia, rebeld\u00eda y esperanza. Porque sigue demostrando que hay v\u00ednculos que no se rompen, que hay personas que no se olvidan, que hay abrazos \u2014reales o simb\u00f3licos\u2014 que nos reconstruyen desde dentro. Nos devuelve la fe en los otros, en la ternura, en la confianza desinteresada. Nos invita a cuidar sin poseer, a ofrecer sin esperar, a compartir sin condiciones.<\/p>\n<p>Celebremos a los amigos. A los que est\u00e1n y a los que la vida nos llev\u00f3 lejos. A los que conocemos desde siempre y a los que aparecieron en la adultez con la fuerza de lo inesperado. A los que no vemos todos los d\u00edas, pero llevamos en el alma.<\/p>\n<p>Jes\u00fas en la \u00daltima Cena dijo a sus disc\u00edpulos \u201ca ustedes los llamo amigos, porque les revel\u00e9 todo lo que o\u00ed de mi Padre\u201d (Juan 15). \u00c9l nos abri\u00f3 el coraz\u00f3n y \u201cnos dijo todo\u201d, como hacemos con los amigos, aunque a veces nos lleve tiempo. Jes\u00fas siempre tiene disponibilidad para recibirnos y acogernos con las heridas del camino. Aunque lo olvidemos, \u00c9l siempre est\u00e1. Es modelo de amistad.<\/p>\n<p>Te invito a ampliar la mirada, para que seamos capaces de anhelar \u201cun nuevo sue\u00f1o de fraternidad y amistad social\u201d (Papa Francisco) capaz de abrazar a la humanidad entera.<\/p>\n<p><iframe loading=\"lazy\" title=\"SAN JUAN MONSE\u00d1OR JORGE LOZANO \" width=\"800\" height=\"450\" src=\"https:\/\/www.youtube.com\/embed\/bt-zLfC8ggc?feature=oembed\" frameborder=\"0\" allow=\"accelerometer; autoplay; clipboard-write; encrypted-media; gyroscope; picture-in-picture; web-share\" referrerpolicy=\"strict-origin-when-cross-origin\" allowfullscreen><\/iframe><\/p>\n<p>&nbsp;<\/p>\n<p>&nbsp;<\/p>\n<p><img loading=\"lazy\" decoding=\"async\" class=\"alignnone size-full wp-image-61416\" src=\"https:\/\/vocesparalelas.com.ar\/sitio\/wp-content\/uploads\/2023\/07\/ARZOBISPADO-EDIFICIO.jpg\" alt=\"\" width=\"800\" height=\"600\" srcset=\"https:\/\/vocesparalelas.com.ar\/sitio\/wp-content\/uploads\/2023\/07\/ARZOBISPADO-EDIFICIO.jpg 800w, https:\/\/vocesparalelas.com.ar\/sitio\/wp-content\/uploads\/2023\/07\/ARZOBISPADO-EDIFICIO-300x225.jpg 300w, https:\/\/vocesparalelas.com.ar\/sitio\/wp-content\/uploads\/2023\/07\/ARZOBISPADO-EDIFICIO-768x576.jpg 768w\" sizes=\"auto, (max-width: 800px) 100vw, 800px\" \/><\/p>\n","protected":false},"excerpt":{"rendered":"<p>Por el Arzobispo de San Juan de Cuyo, Monse\u00f1or Jorge Lozano Cinco letras son suficientes. Alcanzan para empezar a denominar<\/p>\n","protected":false},"author":3,"featured_media":81112,"comment_status":"closed","ping_status":"closed","sticky":false,"template":"","format":"standard","meta":{"_acf_changed":false,"_seopress_robots_primary_cat":"none","_seopress_titles_title":"","_seopress_titles_desc":"","_seopress_robots_index":"","colormag_page_container_layout":"default_layout","colormag_page_sidebar_layout":"default_layout","footnotes":""},"categories":[10,7],"tags":[],"class_list":["post-88957","post","type-post","status-publish","format-standard","has-post-thumbnail","hentry","category-opiniones","category-videos"],"acf":[],"_links":{"self":[{"href":"https:\/\/vocesparalelas.com.ar\/sitio\/wp-json\/wp\/v2\/posts\/88957","targetHints":{"allow":["GET"]}}],"collection":[{"href":"https:\/\/vocesparalelas.com.ar\/sitio\/wp-json\/wp\/v2\/posts"}],"about":[{"href":"https:\/\/vocesparalelas.com.ar\/sitio\/wp-json\/wp\/v2\/types\/post"}],"author":[{"embeddable":true,"href":"https:\/\/vocesparalelas.com.ar\/sitio\/wp-json\/wp\/v2\/users\/3"}],"replies":[{"embeddable":true,"href":"https:\/\/vocesparalelas.com.ar\/sitio\/wp-json\/wp\/v2\/comments?post=88957"}],"version-history":[{"count":1,"href":"https:\/\/vocesparalelas.com.ar\/sitio\/wp-json\/wp\/v2\/posts\/88957\/revisions"}],"predecessor-version":[{"id":88960,"href":"https:\/\/vocesparalelas.com.ar\/sitio\/wp-json\/wp\/v2\/posts\/88957\/revisions\/88960"}],"wp:featuredmedia":[{"embeddable":true,"href":"https:\/\/vocesparalelas.com.ar\/sitio\/wp-json\/wp\/v2\/media\/81112"}],"wp:attachment":[{"href":"https:\/\/vocesparalelas.com.ar\/sitio\/wp-json\/wp\/v2\/media?parent=88957"}],"wp:term":[{"taxonomy":"category","embeddable":true,"href":"https:\/\/vocesparalelas.com.ar\/sitio\/wp-json\/wp\/v2\/categories?post=88957"},{"taxonomy":"post_tag","embeddable":true,"href":"https:\/\/vocesparalelas.com.ar\/sitio\/wp-json\/wp\/v2\/tags?post=88957"}],"curies":[{"name":"wp","href":"https:\/\/api.w.org\/{rel}","templated":true}]}}