{"id":88922,"date":"2025-07-18T21:27:39","date_gmt":"2025-07-19T00:27:39","guid":{"rendered":"https:\/\/vocesparalelas.com.ar\/sitio\/?p=88922"},"modified":"2025-07-18T21:27:39","modified_gmt":"2025-07-19T00:27:39","slug":"la-pizza-deleito-a-los-interesados-en-la-casas-de-san-juan-en-buenos-aires","status":"publish","type":"post","link":"https:\/\/vocesparalelas.com.ar\/sitio\/la-pizza-deleito-a-los-interesados-en-la-casas-de-san-juan-en-buenos-aires\/","title":{"rendered":"La Pizza deleit\u00f3 a los interesados en la Casas de San Juan en Buenos Aires"},"content":{"rendered":"<p>Cientos de personas visitaron la Casa de San Juan en Buenos Aires para degustar la amplia oferta gastron\u00f3mica propuesta por productores y cocineros, donde la materia prima de la provincia fue la gran protagonista de la noche.<\/p>\n<p>El encuentro se desarroll\u00f3 el Jueves, 17 de Julio, con la II Edici\u00f3n de La Noche de la Pizza Sanjuanina, que tuvo lugar en la Casa de San Juan en Buenos Aires. Cientos de personas pudieron disfrutar de la gastronom\u00eda gracias a la presencia de cocineros y productores de San Juan, quienes tuvieron la oportunidad de promocionar productos sanjuaninos en el mercado m\u00e1s grande del pa\u00eds.<\/p>\n<p><img loading=\"lazy\" decoding=\"async\" class=\"alignnone size-full wp-image-88926\" src=\"https:\/\/vocesparalelas.com.ar\/sitio\/wp-content\/uploads\/2025\/07\/CASA-SAN-JUAN-PIZZA-02.jpg\" alt=\"\" width=\"800\" height=\"471\" srcset=\"https:\/\/vocesparalelas.com.ar\/sitio\/wp-content\/uploads\/2025\/07\/CASA-SAN-JUAN-PIZZA-02.jpg 800w, https:\/\/vocesparalelas.com.ar\/sitio\/wp-content\/uploads\/2025\/07\/CASA-SAN-JUAN-PIZZA-02-300x177.jpg 300w, https:\/\/vocesparalelas.com.ar\/sitio\/wp-content\/uploads\/2025\/07\/CASA-SAN-JUAN-PIZZA-02-768x452.jpg 768w\" sizes=\"auto, (max-width: 800px) 100vw, 800px\" \/><\/p>\n<p>Este evento forma parte de un acuerdo estrat\u00e9gico que ya integra productos sanjuaninos en miles de pizzer\u00edas del pa\u00eds, con la participaci\u00f3n de miembros de la Asociaci\u00f3n de Pizzer\u00edas y Casas de Empanadas (APYCE).<\/p>\n<p>Esta iniciativa, organizada por el Gobierno de San Juan y la APYCE, agrupa a 6.000 empresas a nivel nacional, y busca consolidar la presencia de ingredientes sanjuaninos como salsas de tomate, aceites de oliva y tomates desecados en las cartas de men\u00fa de todo el pa\u00eds.<\/p>\n<p>Asimismo, este evento sirvi\u00f3 para promover el intercambio entre productores y empresarios, destacando la calidad de los insumos sanjuaninos y explorando nuevas oportunidades comerciales para la provincia.<\/p>\n<p>Este acuerdo, iniciado en 2023, ya permiti\u00f3 incluir productos sanjuaninos en el banco de datos de APYCE, realizar capacitaciones y eventos conjuntos, como as\u00ed tambi\u00e9n ampliar el mercado para 30 empresas locales, que participaron activamente en encuentros con la Comisi\u00f3n Directiva de la asociaci\u00f3n.<\/p>\n<p><img loading=\"lazy\" decoding=\"async\" class=\"alignnone size-full wp-image-63056\" src=\"https:\/\/vocesparalelas.com.ar\/sitio\/wp-content\/uploads\/2023\/09\/CASA-SAN-JUAN-BUENOS-AIRES.jpg\" alt=\"\" width=\"800\" height=\"504\" srcset=\"https:\/\/vocesparalelas.com.ar\/sitio\/wp-content\/uploads\/2023\/09\/CASA-SAN-JUAN-BUENOS-AIRES.jpg 800w, https:\/\/vocesparalelas.com.ar\/sitio\/wp-content\/uploads\/2023\/09\/CASA-SAN-JUAN-BUENOS-AIRES-300x189.jpg 300w, https:\/\/vocesparalelas.com.ar\/sitio\/wp-content\/uploads\/2023\/09\/CASA-SAN-JUAN-BUENOS-AIRES-768x484.jpg 768w\" sizes=\"auto, (max-width: 800px) 100vw, 800px\" \/><\/p>\n<p>&nbsp;<\/p>\n","protected":false},"excerpt":{"rendered":"<p>Cientos de personas visitaron la Casa de San Juan en Buenos Aires para degustar la amplia oferta gastron\u00f3mica propuesta por<\/p>\n","protected":false},"author":3,"featured_media":88925,"comment_status":"closed","ping_status":"closed","sticky":false,"template":"","format":"standard","meta":{"_acf_changed":false,"_seopress_robots_primary_cat":"none","_seopress_titles_title":"","_seopress_titles_desc":"","_seopress_robots_index":"","colormag_page_container_layout":"default_layout","colormag_page_sidebar_layout":"default_layout","footnotes":""},"categories":[1],"tags":[],"class_list":["post-88922","post","type-post","status-publish","format-standard","has-post-thumbnail","hentry","category-destacadas"],"acf":[],"_links":{"self":[{"href":"https:\/\/vocesparalelas.com.ar\/sitio\/wp-json\/wp\/v2\/posts\/88922","targetHints":{"allow":["GET"]}}],"collection":[{"href":"https:\/\/vocesparalelas.com.ar\/sitio\/wp-json\/wp\/v2\/posts"}],"about":[{"href":"https:\/\/vocesparalelas.com.ar\/sitio\/wp-json\/wp\/v2\/types\/post"}],"author":[{"embeddable":true,"href":"https:\/\/vocesparalelas.com.ar\/sitio\/wp-json\/wp\/v2\/users\/3"}],"replies":[{"embeddable":true,"href":"https:\/\/vocesparalelas.com.ar\/sitio\/wp-json\/wp\/v2\/comments?post=88922"}],"version-history":[{"count":1,"href":"https:\/\/vocesparalelas.com.ar\/sitio\/wp-json\/wp\/v2\/posts\/88922\/revisions"}],"predecessor-version":[{"id":88927,"href":"https:\/\/vocesparalelas.com.ar\/sitio\/wp-json\/wp\/v2\/posts\/88922\/revisions\/88927"}],"wp:featuredmedia":[{"embeddable":true,"href":"https:\/\/vocesparalelas.com.ar\/sitio\/wp-json\/wp\/v2\/media\/88925"}],"wp:attachment":[{"href":"https:\/\/vocesparalelas.com.ar\/sitio\/wp-json\/wp\/v2\/media?parent=88922"}],"wp:term":[{"taxonomy":"category","embeddable":true,"href":"https:\/\/vocesparalelas.com.ar\/sitio\/wp-json\/wp\/v2\/categories?post=88922"},{"taxonomy":"post_tag","embeddable":true,"href":"https:\/\/vocesparalelas.com.ar\/sitio\/wp-json\/wp\/v2\/tags?post=88922"}],"curies":[{"name":"wp","href":"https:\/\/api.w.org\/{rel}","templated":true}]}}