{"id":88863,"date":"2025-07-17T13:53:11","date_gmt":"2025-07-17T16:53:11","guid":{"rendered":"https:\/\/vocesparalelas.com.ar\/sitio\/?p=88863"},"modified":"2025-07-18T23:15:11","modified_gmt":"2025-07-19T02:15:11","slug":"concurso-mencion-honor-maestro-mario-perez-de-la-camara-de-diputados-de-san-juan","status":"publish","type":"post","link":"https:\/\/vocesparalelas.com.ar\/sitio\/concurso-mencion-honor-maestro-mario-perez-de-la-camara-de-diputados-de-san-juan\/","title":{"rendered":"Concurso \u00abMenci\u00f3n Honor Maestro Mario P\u00e9rez\u00bb de la C\u00e1mara de Diputados de San Juan"},"content":{"rendered":"<p>La C\u00e1mara de Diputados de San Juan recuerda que contin\u00faa abierta la convocatoria para participar en una nueva edici\u00f3n de la Menci\u00f3n de Honor Maestro Mario P\u00e9rez, una iniciativa que busca reconocer y visibilizar el talento de artistas pl\u00e1sticos y fot\u00f3grafos de la provincia y las obras pueden presentarse hasta el 1 de Agosto de 2025.<\/p>\n<p>Esta propuesta, enmarcada en la\u00a0Ley N\u00ba 1984-P, busca honrar el legado del reconocido artista sanjuanino Mario P\u00e9rez. El prop\u00f3sito del concurso es promover la creatividad art\u00edstica y el talento en las artes, tanto de los artistas con una trayectoria y reconocimiento destacados, como as\u00ed tambi\u00e9n aquellos artistas emergentes; y en fotograf\u00eda destacar la diversidad y vitalidad de las fotos.<\/p>\n<p>En las tres categor\u00edas se valorar\u00e1 la pluralidad de expresiones art\u00edsticas, multiplicidad de herramientas, formatos, t\u00e9cnicas y po\u00e9ticas del arte en el \u00e1mbito provincial, que han transformado y reconfigurado la ontolog\u00eda en las disciplinas mencionadas precedentemente.<\/p>\n<p>La convocatoria est\u00e1 abierta a todos aquellos artistas y fot\u00f3grafos con trayectoria en dichas disciplinas como as\u00ed tambi\u00e9n aquellos que est\u00e9n inici\u00e1ndose en estas actividades art\u00edsticas conforme a las siguientes categor\u00edas:<\/p>\n<ul>\n<li><strong><span style=\"color: #800080;\">1\u00b0 ARTES PL\u00c1STICAS<\/span><\/strong> (Con reconocimiento al m\u00e9rito y trayectoria).<\/li>\n<li><strong><span style=\"color: #800080;\">2\u00b0 ARTES PL\u00c1STICAS \u201cAMATEUR\u201d<\/span> <\/strong>(artistas emergentes).<\/li>\n<li><span style=\"color: #800080;\"><strong>3\u00b0 FOTOGRAF\u00cdA.<\/strong><\/span><\/li>\n<\/ul>\n<p>Cabe se\u00f1alar que la tem\u00e1tica de la obra o fotograf\u00eda es de libre elecci\u00f3n del artista. Las obras de las \u201cartes pl\u00e1sticas\u201d categor\u00edas 1o y 2o deben ser de car\u00e1cter bidimensional.<\/p>\n<p>En referencia a la premiaci\u00f3n, las obras y fotograf\u00eda que resulten ganadoras del concurso recibir\u00e1n un premio adquisici\u00f3n acompa\u00f1ado de un diploma que acredita al artista distinguido con la Menci\u00f3n de Honor Maestro Mario P\u00e9rez Edici\u00f3n N\u00ba 4 \u2013 San Juan 2025. \u00a0Los montos establecidos para cada categor\u00eda son:<\/p>\n<ul>\n<li><span style=\"color: #800080;\"><strong>CATEGOR\u00cdA 1\u00ba: ARTES PL\u00c1STICAS (<\/strong><\/span>Con reconocimiento al m\u00e9rito y trayectoria): cuyo monto ascender\u00e1 a pesos un mill\u00f3n cien mil ($1.100.000).<\/li>\n<li><strong><span style=\"color: #800080;\">CATEGOR\u00cdA 2\u00ba ARTES PL\u00c1STICAS \u201cAMATEUR\u201d<\/span><\/strong> (artistas emergentes): cuyo monto ascender\u00e1 a pesos ochocientos cincuenta mil ($850.000).<\/li>\n<li><strong><span style=\"color: #800080;\">CATEGOR\u00cdA 3\u00ba FOTOGRAF\u00cdA:<\/span> <\/strong>cuyo monto ascender\u00e1 a pesos ochocientos cincuenta mil ($850.000).<\/li>\n<\/ul>\n<p>Asimismo, jurado otorgar\u00e1\u00a0dos Menciones Honor\u00edficas por categor\u00eda, a aquellas obras que obtengan un puntaje destacado, seg\u00fan lo establecido en el art\u00edculo 9 del reglamento.<\/p>\n<p>Adem\u00e1s, conforme al art\u00edculo 3\u00ba de la Ley 1984-P, las obras premiadas ser\u00e1n expuestas p\u00fablicamente en la\u00a0C\u00e1mara de Diputados\u00a0o en una\u00a0galer\u00eda de relevancia cultural\u00a0de la provincia, seg\u00fan disponga la Presidencia.<\/p>\n<p>Todas las obras participantes tendr\u00e1n una\u00a0exhibici\u00f3n virtual\u00a0en la p\u00e1gina web y redes sociales del Poder Legislativo, salvo que el autor manifieste su negativa de forma expresa.<\/p>\n<p><strong><span style=\"color: #800080;\">Para conocer todos los detalles, accede a las bases y condiciones, y completar los formularios de inscripci\u00f3n<\/span><\/strong><\/p>\n<p><a href=\"https:\/\/diputadossanjuan.gob.ar\/mencion-de-honor-maestro-mario-perez-2025#g-mainbottom\">https:\/\/diputadossanjuan.gob.ar\/mencion-de-honor-maestro-mario-perez-2025#g-mainbottom<\/a><\/p>\n<p>&nbsp;<\/p>\n<figure id=\"attachment_37951\" aria-describedby=\"caption-attachment-37951\" style=\"width: 800px\" class=\"wp-caption alignnone\"><img loading=\"lazy\" decoding=\"async\" class=\"size-full wp-image-37951\" src=\"https:\/\/vocesparalelas.com.ar\/sitio\/wp-content\/uploads\/2021\/05\/CAMARA-EDIFICIO.jpg\" alt=\"\" width=\"800\" height=\"515\" srcset=\"https:\/\/vocesparalelas.com.ar\/sitio\/wp-content\/uploads\/2021\/05\/CAMARA-EDIFICIO.jpg 800w, https:\/\/vocesparalelas.com.ar\/sitio\/wp-content\/uploads\/2021\/05\/CAMARA-EDIFICIO-300x193.jpg 300w, https:\/\/vocesparalelas.com.ar\/sitio\/wp-content\/uploads\/2021\/05\/CAMARA-EDIFICIO-768x494.jpg 768w\" sizes=\"auto, (max-width: 800px) 100vw, 800px\" \/><figcaption id=\"caption-attachment-37951\" class=\"wp-caption-text\">Legislatura Provincial de San Juan, Rep\u00fablica Argentina<\/figcaption><\/figure>\n","protected":false},"excerpt":{"rendered":"<p>La C\u00e1mara de Diputados de San Juan recuerda que contin\u00faa abierta la convocatoria para participar en una nueva edici\u00f3n de<\/p>\n","protected":false},"author":3,"featured_media":88866,"comment_status":"closed","ping_status":"closed","sticky":false,"template":"","format":"standard","meta":{"_acf_changed":false,"_seopress_robots_primary_cat":"none","_seopress_titles_title":"","_seopress_titles_desc":"","_seopress_robots_index":"","colormag_page_container_layout":"default_layout","colormag_page_sidebar_layout":"default_layout","footnotes":""},"categories":[8],"tags":[],"class_list":["post-88863","post","type-post","status-publish","format-standard","has-post-thumbnail","hentry","category-concursos"],"acf":[],"_links":{"self":[{"href":"https:\/\/vocesparalelas.com.ar\/sitio\/wp-json\/wp\/v2\/posts\/88863","targetHints":{"allow":["GET"]}}],"collection":[{"href":"https:\/\/vocesparalelas.com.ar\/sitio\/wp-json\/wp\/v2\/posts"}],"about":[{"href":"https:\/\/vocesparalelas.com.ar\/sitio\/wp-json\/wp\/v2\/types\/post"}],"author":[{"embeddable":true,"href":"https:\/\/vocesparalelas.com.ar\/sitio\/wp-json\/wp\/v2\/users\/3"}],"replies":[{"embeddable":true,"href":"https:\/\/vocesparalelas.com.ar\/sitio\/wp-json\/wp\/v2\/comments?post=88863"}],"version-history":[{"count":1,"href":"https:\/\/vocesparalelas.com.ar\/sitio\/wp-json\/wp\/v2\/posts\/88863\/revisions"}],"predecessor-version":[{"id":88867,"href":"https:\/\/vocesparalelas.com.ar\/sitio\/wp-json\/wp\/v2\/posts\/88863\/revisions\/88867"}],"wp:featuredmedia":[{"embeddable":true,"href":"https:\/\/vocesparalelas.com.ar\/sitio\/wp-json\/wp\/v2\/media\/88866"}],"wp:attachment":[{"href":"https:\/\/vocesparalelas.com.ar\/sitio\/wp-json\/wp\/v2\/media?parent=88863"}],"wp:term":[{"taxonomy":"category","embeddable":true,"href":"https:\/\/vocesparalelas.com.ar\/sitio\/wp-json\/wp\/v2\/categories?post=88863"},{"taxonomy":"post_tag","embeddable":true,"href":"https:\/\/vocesparalelas.com.ar\/sitio\/wp-json\/wp\/v2\/tags?post=88863"}],"curies":[{"name":"wp","href":"https:\/\/api.w.org\/{rel}","templated":true}]}}