{"id":88829,"date":"2025-07-16T21:06:05","date_gmt":"2025-07-17T00:06:05","guid":{"rendered":"https:\/\/vocesparalelas.com.ar\/sitio\/?p=88829"},"modified":"2025-07-17T21:09:57","modified_gmt":"2025-07-18T00:09:57","slug":"el-pase-libre-del-transporte-publico-urbano-para-personas-con-discapacidad-de-san-juan-son-validas-hasta-el-13-de-octubre-inclusive","status":"publish","type":"post","link":"https:\/\/vocesparalelas.com.ar\/sitio\/el-pase-libre-del-transporte-publico-urbano-para-personas-con-discapacidad-de-san-juan-son-validas-hasta-el-13-de-octubre-inclusive\/","title":{"rendered":"El \u201cpase libre\u201d del transporte p\u00fablico urbano para personas con discapacidad de San Juan son v\u00e1lidas hasta el 13 de Octubre, inclusive"},"content":{"rendered":"<p>La Direcci\u00f3n de Personas con Discapacidad del Ministerio de Familia y Desarrollo Humano del Gobierno de San Juan informa que las credenciales que habilitan el \u201cpase libre\u201d para el uso del transporte p\u00fablico urbano para personas con discapacidad, y en algunos casos tambi\u00e9n para un acompa\u00f1ante, que est\u00e9n vencidas a la fecha, van a seguir vigentes desde este 16 de Julio y por el plazo de 90 d\u00edas. Son v\u00e1lidas hasta el 13 de Octubre, inclusive.<\/p>\n<p>Esta medida responde a una pol\u00edtica del Gobierno de San Juan que pretende facilitar la realizaci\u00f3n de tr\u00e1mites, en este caso, especialmente en la poblaci\u00f3n discapacitada, que alcanza a unas 29.000 personas aproximadamente en toda la provincia, aunque no todas solicitan este beneficio de transporte.<\/p>\n<p><img loading=\"lazy\" decoding=\"async\" class=\"alignnone size-full wp-image-83510\" src=\"https:\/\/vocesparalelas.com.ar\/sitio\/wp-content\/uploads\/2025\/03\/REDTULUM-PASAJEROS.jpg\" alt=\"\" width=\"800\" height=\"533\" srcset=\"https:\/\/vocesparalelas.com.ar\/sitio\/wp-content\/uploads\/2025\/03\/REDTULUM-PASAJEROS.jpg 800w, https:\/\/vocesparalelas.com.ar\/sitio\/wp-content\/uploads\/2025\/03\/REDTULUM-PASAJEROS-300x200.jpg 300w, https:\/\/vocesparalelas.com.ar\/sitio\/wp-content\/uploads\/2025\/03\/REDTULUM-PASAJEROS-768x512.jpg 768w\" sizes=\"auto, (max-width: 800px) 100vw, 800px\" \/><\/p>\n<p>Actualmente, autoridades y equipos t\u00e9cnicos del Ministerio de Familia y Desarrollo Humano -a trav\u00e9s de la Direcci\u00f3n de Personas con Discapacidad- est\u00e1n trabajando con la colaboraci\u00f3n del Ministerio de Gobierno -mediante la Secretar\u00eda de Tr\u00e1nsito y Transporte- para cambiar el sistema de obtenci\u00f3n de este derecho.<\/p>\n<p>Vale consignar que la Ley Provincial 814 A en su art\u00edculo 22 inciso 10 (D), establece que las personas con discapacidad y su acompa\u00f1ante -seg\u00fan el caso- tienen derecho a viajar en forma gratuita en el transporte p\u00fablico de pasajeros. El \u201cpase libre\u201d es de uso personal, intransferible, que tiene fecha de vigencia relacionada a la validez del Certificado \u00danico de Discapacidad (que vence en distintos plazos seg\u00fan cada caso) y fundamentalmente es un derecho para las personas discapacitadas de todas las edades, para el uso que necesiten, inclusive recreativo.<\/p>\n<p><img loading=\"lazy\" decoding=\"async\" class=\"alignnone size-full wp-image-65642\" src=\"https:\/\/vocesparalelas.com.ar\/sitio\/wp-content\/uploads\/2023\/11\/GOBIERNO-SAN-JUAN.jpg\" alt=\"\" width=\"800\" height=\"600\" srcset=\"https:\/\/vocesparalelas.com.ar\/sitio\/wp-content\/uploads\/2023\/11\/GOBIERNO-SAN-JUAN.jpg 800w, https:\/\/vocesparalelas.com.ar\/sitio\/wp-content\/uploads\/2023\/11\/GOBIERNO-SAN-JUAN-300x225.jpg 300w, https:\/\/vocesparalelas.com.ar\/sitio\/wp-content\/uploads\/2023\/11\/GOBIERNO-SAN-JUAN-768x576.jpg 768w\" sizes=\"auto, (max-width: 800px) 100vw, 800px\" \/><\/p>\n","protected":false},"excerpt":{"rendered":"<p>La Direcci\u00f3n de Personas con Discapacidad del Ministerio de Familia y Desarrollo Humano del Gobierno de San Juan informa que<\/p>\n","protected":false},"author":3,"featured_media":48977,"comment_status":"closed","ping_status":"closed","sticky":false,"template":"","format":"standard","meta":{"_acf_changed":false,"_seopress_robots_primary_cat":"none","_seopress_titles_title":"","_seopress_titles_desc":"","_seopress_robots_index":"","colormag_page_container_layout":"default_layout","colormag_page_sidebar_layout":"default_layout","footnotes":""},"categories":[5],"tags":[],"class_list":["post-88829","post","type-post","status-publish","format-standard","has-post-thumbnail","hentry","category-ofrecimientos"],"acf":[],"_links":{"self":[{"href":"https:\/\/vocesparalelas.com.ar\/sitio\/wp-json\/wp\/v2\/posts\/88829","targetHints":{"allow":["GET"]}}],"collection":[{"href":"https:\/\/vocesparalelas.com.ar\/sitio\/wp-json\/wp\/v2\/posts"}],"about":[{"href":"https:\/\/vocesparalelas.com.ar\/sitio\/wp-json\/wp\/v2\/types\/post"}],"author":[{"embeddable":true,"href":"https:\/\/vocesparalelas.com.ar\/sitio\/wp-json\/wp\/v2\/users\/3"}],"replies":[{"embeddable":true,"href":"https:\/\/vocesparalelas.com.ar\/sitio\/wp-json\/wp\/v2\/comments?post=88829"}],"version-history":[{"count":1,"href":"https:\/\/vocesparalelas.com.ar\/sitio\/wp-json\/wp\/v2\/posts\/88829\/revisions"}],"predecessor-version":[{"id":88832,"href":"https:\/\/vocesparalelas.com.ar\/sitio\/wp-json\/wp\/v2\/posts\/88829\/revisions\/88832"}],"wp:featuredmedia":[{"embeddable":true,"href":"https:\/\/vocesparalelas.com.ar\/sitio\/wp-json\/wp\/v2\/media\/48977"}],"wp:attachment":[{"href":"https:\/\/vocesparalelas.com.ar\/sitio\/wp-json\/wp\/v2\/media?parent=88829"}],"wp:term":[{"taxonomy":"category","embeddable":true,"href":"https:\/\/vocesparalelas.com.ar\/sitio\/wp-json\/wp\/v2\/categories?post=88829"},{"taxonomy":"post_tag","embeddable":true,"href":"https:\/\/vocesparalelas.com.ar\/sitio\/wp-json\/wp\/v2\/tags?post=88829"}],"curies":[{"name":"wp","href":"https:\/\/api.w.org\/{rel}","templated":true}]}}