{"id":88825,"date":"2025-07-21T09:49:11","date_gmt":"2025-07-21T12:49:11","guid":{"rendered":"https:\/\/vocesparalelas.com.ar\/sitio\/?p=88825"},"modified":"2025-07-21T12:11:41","modified_gmt":"2025-07-21T15:11:41","slug":"conferencia-historia-de-la-casa-de-la-musica-en-san-juan","status":"publish","type":"post","link":"https:\/\/vocesparalelas.com.ar\/sitio\/conferencia-historia-de-la-casa-de-la-musica-en-san-juan\/","title":{"rendered":"Conferencia \u00abHistoria de la casa de la M\u00fasica en San Juan\u00bb"},"content":{"rendered":"<p>El Lunes, 21 de Julio. a las 19 hs.; en el Auditorio Ing. Juan Victoria se desarrolla la conferencia \u00abHistoria de la casa de la M\u00fasica en San Juan\u00bb a cargo del Arq. Jorge Mart\u00edn en el marco del 55\u00ba Aniversario del Complejo Cultural Auditorio Ing. Juan Victoria. La entrada es libre y gratuita.<\/p>\n<p><img loading=\"lazy\" decoding=\"async\" class=\"alignnone size-large wp-image-4322\" src=\"https:\/\/vocesparalelas.com.ar\/sitio\/wp-content\/uploads\/2017\/08\/SALA-AUDITORIO-3-800x600.jpg\" alt=\"\" width=\"800\" height=\"600\" srcset=\"https:\/\/vocesparalelas.com.ar\/sitio\/wp-content\/uploads\/2017\/08\/SALA-AUDITORIO-3-800x600.jpg 800w, https:\/\/vocesparalelas.com.ar\/sitio\/wp-content\/uploads\/2017\/08\/SALA-AUDITORIO-3-300x225.jpg 300w, https:\/\/vocesparalelas.com.ar\/sitio\/wp-content\/uploads\/2017\/08\/SALA-AUDITORIO-3-768x576.jpg 768w, https:\/\/vocesparalelas.com.ar\/sitio\/wp-content\/uploads\/2017\/08\/SALA-AUDITORIO-3.jpg 1024w\" sizes=\"auto, (max-width: 800px) 100vw, 800px\" \/><\/p>\n<p>&nbsp;<\/p>\n<p><strong><span style=\"color: #ff6600;\">Sala del Auditorio Ing. Juan Victoria<\/span><\/strong><\/p>\n<p><iframe loading=\"lazy\" title=\"ORGANO AUDITORIO ING JUAN VICTORIA EN SAN JUAN\" width=\"800\" height=\"450\" src=\"https:\/\/www.youtube.com\/embed\/c39gqoVJem4?feature=oembed\" frameborder=\"0\" allow=\"accelerometer; autoplay; clipboard-write; encrypted-media; gyroscope; picture-in-picture; web-share\" referrerpolicy=\"strict-origin-when-cross-origin\" allowfullscreen><\/iframe><\/p>\n<p><strong><span style=\"color: #ff6600;\">Temario<\/span><\/strong><\/p>\n<ul>\n<li>Efectos del Terremoto de 1944 en espacios para la m\u00fasica<\/li>\n<li>Amantes de la m\u00fasica y promotores de su desarrollo. El Ingeniero Juan Victoria<\/li>\n<li>Concepci\u00f3n y G\u00e9nesis de la Escuela Superior de M\u00fasica y Auditorio de San Juan<\/li>\n<li>Sus proyectistas. Ingeniero \u00c1lvarez, Arquitecto Mario Pra Baldi. Participaci\u00f3n de la Arquitecta Carmen Renard Otros participantes en el desarrollo del Proyecto y la Obra<\/li>\n<li>Referentes arquitect\u00f3nicos en otras partes del mundo<\/li>\n<li>Caracter\u00edsticas del proyecto<\/li>\n<li>Caracter\u00edsticas de la Sala<\/li>\n<li>La gema y su perfecto engarce. El \u00d3rgano, protagonista del espacio<\/li>\n<li>Inauguraci\u00f3n, su trayectoria, su 50 Aniversario en contexto de Pandemia, su celebraci\u00f3n y disfrute virtual<\/li>\n<li>El Terremoto de 2021, sus efectos<\/li>\n<\/ul>\n<p>&nbsp;<\/p>\n<p><img loading=\"lazy\" decoding=\"async\" class=\"size-full wp-image-61468\" src=\"https:\/\/vocesparalelas.com.ar\/sitio\/wp-content\/uploads\/2023\/07\/AUDITORIO-EDIFICIO.jpg\" alt=\"\" width=\"800\" height=\"533\" srcset=\"https:\/\/vocesparalelas.com.ar\/sitio\/wp-content\/uploads\/2023\/07\/AUDITORIO-EDIFICIO.jpg 800w, https:\/\/vocesparalelas.com.ar\/sitio\/wp-content\/uploads\/2023\/07\/AUDITORIO-EDIFICIO-300x200.jpg 300w, https:\/\/vocesparalelas.com.ar\/sitio\/wp-content\/uploads\/2023\/07\/AUDITORIO-EDIFICIO-768x512.jpg 768w\" sizes=\"auto, (max-width: 800px) 100vw, 800px\" \/><\/p>\n<p>Auditorio Ing. Juan Victoria, Departamento Capital, Provincia San Juan, Rep\u00fablica Argentita<\/p>\n","protected":false},"excerpt":{"rendered":"<p>El Lunes, 21 de Julio. a las 19 hs.; en el Auditorio Ing. Juan Victoria se desarrolla la conferencia \u00abHistoria<\/p>\n","protected":false},"author":3,"featured_media":61465,"comment_status":"closed","ping_status":"closed","sticky":false,"template":"","format":"standard","meta":{"_acf_changed":false,"_seopress_robots_primary_cat":"none","_seopress_titles_title":"","_seopress_titles_desc":"","_seopress_robots_index":"","colormag_page_container_layout":"default_layout","colormag_page_sidebar_layout":"default_layout","footnotes":""},"categories":[1,7],"tags":[],"class_list":["post-88825","post","type-post","status-publish","format-standard","has-post-thumbnail","hentry","category-destacadas","category-videos"],"acf":[],"_links":{"self":[{"href":"https:\/\/vocesparalelas.com.ar\/sitio\/wp-json\/wp\/v2\/posts\/88825","targetHints":{"allow":["GET"]}}],"collection":[{"href":"https:\/\/vocesparalelas.com.ar\/sitio\/wp-json\/wp\/v2\/posts"}],"about":[{"href":"https:\/\/vocesparalelas.com.ar\/sitio\/wp-json\/wp\/v2\/types\/post"}],"author":[{"embeddable":true,"href":"https:\/\/vocesparalelas.com.ar\/sitio\/wp-json\/wp\/v2\/users\/3"}],"replies":[{"embeddable":true,"href":"https:\/\/vocesparalelas.com.ar\/sitio\/wp-json\/wp\/v2\/comments?post=88825"}],"version-history":[{"count":1,"href":"https:\/\/vocesparalelas.com.ar\/sitio\/wp-json\/wp\/v2\/posts\/88825\/revisions"}],"predecessor-version":[{"id":88828,"href":"https:\/\/vocesparalelas.com.ar\/sitio\/wp-json\/wp\/v2\/posts\/88825\/revisions\/88828"}],"wp:featuredmedia":[{"embeddable":true,"href":"https:\/\/vocesparalelas.com.ar\/sitio\/wp-json\/wp\/v2\/media\/61465"}],"wp:attachment":[{"href":"https:\/\/vocesparalelas.com.ar\/sitio\/wp-json\/wp\/v2\/media?parent=88825"}],"wp:term":[{"taxonomy":"category","embeddable":true,"href":"https:\/\/vocesparalelas.com.ar\/sitio\/wp-json\/wp\/v2\/categories?post=88825"},{"taxonomy":"post_tag","embeddable":true,"href":"https:\/\/vocesparalelas.com.ar\/sitio\/wp-json\/wp\/v2\/tags?post=88825"}],"curies":[{"name":"wp","href":"https:\/\/api.w.org\/{rel}","templated":true}]}}