{"id":88813,"date":"2025-07-16T20:03:55","date_gmt":"2025-07-16T23:03:55","guid":{"rendered":"https:\/\/vocesparalelas.com.ar\/sitio\/?p=88813"},"modified":"2025-07-17T14:26:35","modified_gmt":"2025-07-17T17:26:35","slug":"el-proyecto-minero-josemaria-amplia-su-vida-util-de-19-a-25-anos-de-explotacion-en-san-juan","status":"publish","type":"post","link":"https:\/\/vocesparalelas.com.ar\/sitio\/el-proyecto-minero-josemaria-amplia-su-vida-util-de-19-a-25-anos-de-explotacion-en-san-juan\/","title":{"rendered":"El Proyecto Minero Josemar\u00eda ampl\u00eda su vida \u00fatil de 19 a 25 a\u00f1os de explotaci\u00f3n en San Juan"},"content":{"rendered":"<p data-start=\"243\" data-end=\"592\">La empresa minera Vicu\u00f1a present\u00f3 ante las autoridades del Gobierno de San Juan, la segunda actualizaci\u00f3n del Informe de Impacto Ambiental &#8211; IIA &#8211; del proyecto Josemar\u00eda. Entre las principales novedades, se destaca la ampliaci\u00f3n de su vida \u00fatil de 19 a 25 a\u00f1os, gracias al aumento de recursos explotables y a un dise\u00f1o optimizado para el desarrollo del yacimiento.<\/p>\n<p data-start=\"594\" data-end=\"886\">La actualizaci\u00f3n incorpora importantes mejoras t\u00e9cnicas, como el aumento en la tasa de procesamiento de mineral, que alcanzar\u00e1 las 175.000 toneladas por d\u00eda. Adem\u00e1s, se mejor\u00f3 la ley de corte del mineral, es decir, su concentraci\u00f3n en la roca, tanto para el cobre como para el oro y la plata.<\/p>\n<p data-start=\"888\" data-end=\"1419\">En materia ambiental, el informe propone un nuevo dise\u00f1o h\u00eddrico multifuente que permitir\u00e1 reducir el impacto sobre los acu\u00edferos locales, respondiendo al incremento en la demanda de agua que implica la extensi\u00f3n del proyecto.<\/p>\n<p data-start=\"888\" data-end=\"1419\">Se utilizar\u00e1 un nuevo campo de pozos y se contempla, a futuro, el uso de agua desalinizada del oc\u00e9ano Pac\u00edfico. Con estas medidas, se estima que ser\u00e1 posible reutilizar el 73% del agua de proceso, lo que refuerza el compromiso de la compa\u00f1\u00eda con una gesti\u00f3n sustentable del recurso h\u00eddrico.<\/p>\n<p data-start=\"1421\" data-end=\"1689\">Las obras de infraestructura contempladas en esta nueva etapa tambi\u00e9n implicar\u00e1n un fuerte impacto en el empleo, con un incremento significativo en la demanda de mano de obra directa e indirecta, especialmente durante los picos de actividad en la fase de construcci\u00f3n.<\/p>\n<p data-start=\"1691\" data-end=\"2148\">Los resultados de esta actualizaci\u00f3n est\u00e1n siendo compartidos esta semana con las comunidades de los Departamentos Iglesia y J\u00e1chal, a trav\u00e9s de charlas informativas en las que participan autoridades locales, periodistas y vecinos.<\/p>\n<p data-start=\"1691\" data-end=\"2148\">Durante estos encuentros se abordan temas como la nueva infraestructura, los contratos de grandes servicios, el plan de capacitaciones para fortalecer la contrataci\u00f3n local y la estimaci\u00f3n de recursos de los dep\u00f3sitos Josemar\u00eda y Filo del Sol.<\/p>\n<p data-start=\"2150\" data-end=\"2172\"><span style=\"color: #ff6600;\"><strong data-start=\"2150\" data-end=\"2172\">Sobre Vicu\u00f1a<\/strong><\/span><\/p>\n<p data-start=\"2174\" data-end=\"2663\">Vicu\u00f1a Corp. es una empresa conjunta entre BHP y Lundin Mining, creada para desarrollar dos importantes dep\u00f3sitos minerales: Josemar\u00eda, ubicado en la provincia de San Juan, Argentina, y Filo del Sol, ubicado en San Juan y en la adyacente III Regi\u00f3n de Chile.<\/p>\n<p data-start=\"2174\" data-end=\"2663\">Actualmente, la compa\u00f1\u00eda trabaja en la elaboraci\u00f3n de un informe t\u00e9cnico que propondr\u00e1 un proyecto integrado entre ambos yacimientos, estableciendo as\u00ed las bases para su sanci\u00f3n, financiamiento, permisos y cronograma de ejecuci\u00f3n.<\/p>\n<p data-start=\"2174\" data-end=\"2663\"><img loading=\"lazy\" decoding=\"async\" class=\"alignnone size-full wp-image-75215\" src=\"https:\/\/vocesparalelas.com.ar\/sitio\/wp-content\/uploads\/2024\/07\/MINERIA-JOSEMARIA.jpg\" alt=\"\" width=\"800\" height=\"600\" srcset=\"https:\/\/vocesparalelas.com.ar\/sitio\/wp-content\/uploads\/2024\/07\/MINERIA-JOSEMARIA.jpg 800w, https:\/\/vocesparalelas.com.ar\/sitio\/wp-content\/uploads\/2024\/07\/MINERIA-JOSEMARIA-300x225.jpg 300w, https:\/\/vocesparalelas.com.ar\/sitio\/wp-content\/uploads\/2024\/07\/MINERIA-JOSEMARIA-768x576.jpg 768w\" sizes=\"auto, (max-width: 800px) 100vw, 800px\" \/><\/p>\n<p data-start=\"2174\" data-end=\"2663\">\n","protected":false},"excerpt":{"rendered":"<p>La empresa minera Vicu\u00f1a present\u00f3 ante las autoridades del Gobierno de San Juan, la segunda actualizaci\u00f3n del Informe de Impacto<\/p>\n","protected":false},"author":3,"featured_media":88816,"comment_status":"closed","ping_status":"closed","sticky":false,"template":"","format":"standard","meta":{"_acf_changed":false,"_seopress_robots_primary_cat":"none","_seopress_titles_title":"","_seopress_titles_desc":"","_seopress_robots_index":"","colormag_page_container_layout":"default_layout","colormag_page_sidebar_layout":"default_layout","footnotes":""},"categories":[2],"tags":[],"class_list":["post-88813","post","type-post","status-publish","format-standard","has-post-thumbnail","hentry","category-convocatorias"],"acf":[],"_links":{"self":[{"href":"https:\/\/vocesparalelas.com.ar\/sitio\/wp-json\/wp\/v2\/posts\/88813","targetHints":{"allow":["GET"]}}],"collection":[{"href":"https:\/\/vocesparalelas.com.ar\/sitio\/wp-json\/wp\/v2\/posts"}],"about":[{"href":"https:\/\/vocesparalelas.com.ar\/sitio\/wp-json\/wp\/v2\/types\/post"}],"author":[{"embeddable":true,"href":"https:\/\/vocesparalelas.com.ar\/sitio\/wp-json\/wp\/v2\/users\/3"}],"replies":[{"embeddable":true,"href":"https:\/\/vocesparalelas.com.ar\/sitio\/wp-json\/wp\/v2\/comments?post=88813"}],"version-history":[{"count":1,"href":"https:\/\/vocesparalelas.com.ar\/sitio\/wp-json\/wp\/v2\/posts\/88813\/revisions"}],"predecessor-version":[{"id":88817,"href":"https:\/\/vocesparalelas.com.ar\/sitio\/wp-json\/wp\/v2\/posts\/88813\/revisions\/88817"}],"wp:featuredmedia":[{"embeddable":true,"href":"https:\/\/vocesparalelas.com.ar\/sitio\/wp-json\/wp\/v2\/media\/88816"}],"wp:attachment":[{"href":"https:\/\/vocesparalelas.com.ar\/sitio\/wp-json\/wp\/v2\/media?parent=88813"}],"wp:term":[{"taxonomy":"category","embeddable":true,"href":"https:\/\/vocesparalelas.com.ar\/sitio\/wp-json\/wp\/v2\/categories?post=88813"},{"taxonomy":"post_tag","embeddable":true,"href":"https:\/\/vocesparalelas.com.ar\/sitio\/wp-json\/wp\/v2\/tags?post=88813"}],"curies":[{"name":"wp","href":"https:\/\/api.w.org\/{rel}","templated":true}]}}