{"id":88790,"date":"2025-07-16T13:21:19","date_gmt":"2025-07-16T16:21:19","guid":{"rendered":"https:\/\/vocesparalelas.com.ar\/sitio\/?p=88790"},"modified":"2025-07-16T13:21:19","modified_gmt":"2025-07-16T16:21:19","slug":"obras-sanitarias-sociedad-del-estado-de-san-juan-adquirio-maquinaria-y-movilidades-al-servicio-de-los-vecinos","status":"publish","type":"post","link":"https:\/\/vocesparalelas.com.ar\/sitio\/obras-sanitarias-sociedad-del-estado-de-san-juan-adquirio-maquinaria-y-movilidades-al-servicio-de-los-vecinos\/","title":{"rendered":"Obras Sanitarias Sociedad del Estado de San Juan adquiri\u00f3 maquinaria y movilidades al servicio de los vecinos"},"content":{"rendered":"<p>El Gobierno de San Juan sigue trabajando para fortalecer Obras Sanitarias Sociedad del Estado para mejorar con maquinaria y movilidades que permite optimizar el servicio de agua y cloaca para beneficiar a los vecinos distintas zonas de la provincia.<\/p>\n<p><iframe loading=\"lazy\" title=\"SAN JUAN OSSE MOVILIDADES\" width=\"800\" height=\"450\" src=\"https:\/\/www.youtube.com\/embed\/J1kF05GTrqk?feature=oembed\" frameborder=\"0\" allow=\"accelerometer; autoplay; clipboard-write; encrypted-media; gyroscope; picture-in-picture; web-share\" referrerpolicy=\"strict-origin-when-cross-origin\" allowfullscreen><\/iframe><\/p>\n<p>El acto oficial se realiz\u00f3 el Martes, 15 de Julio de 2025, en la explanada del Teatro del Bicentenario, donde el gobernador de San Juan, Dr. Marcelo Orrego entreg\u00f3 10 movilidades y m\u00e1quinas destinadas para Obras Sanitarias Sociedad del Estado, que permite ampliar la capacidad de respuesta de este esencial servicio para los vecinos.<\/p>\n<p>El gobernador encabez\u00f3 el acto acompa\u00f1ado por el diputado Enzo Cornejo; ministro de Infraestructura, Agua y Energ\u00eda, Fernando Perea;\u00a0 y dem\u00e1s funcionarios.<\/p>\n<p>En este contexto, el presidente de Obras Sanitarias\u00a0 Sociedad del Estado, Ing. Jos\u00e9 Luis Beltr\u00e1n describi\u00f3 que \u00abestos logros son necesario para fortalecer el trabajo que realiza la empresa en servicios de agua potable y cloaca para los habitantes de San Juan y permitir que nuestros trabajadores optimicen su labor\u00bb.<\/p>\n<p><iframe loading=\"lazy\" title=\"SAN JUAN OSSE ING. JOS\u00c9 LUIS BELTRAN\" width=\"800\" height=\"450\" src=\"https:\/\/www.youtube.com\/embed\/w4tqNeSkaoU?feature=oembed\" frameborder=\"0\" allow=\"accelerometer; autoplay; clipboard-write; encrypted-media; gyroscope; picture-in-picture; web-share\" referrerpolicy=\"strict-origin-when-cross-origin\" allowfullscreen><\/iframe><\/p>\n<p>&nbsp;<\/p>\n<p>Posteriormente, el gobernador de San Juan, Dr. Marcelo Orrego\u00a0 manifest\u00f3 que \u00abestas 10 m\u00e1quinas no son solo herramientas de trabajo, son oportunidades concretas para fortalecer a Obras Sanitarias y brindar soluciones reales a los sanjuaninos. En un contexto de crisis y con menos recursos que gestiones anteriores, apostamos al valor del recurso humano y al compromiso de esta gran familia. Vamos a poner en valor esta empresa, porque creemos en su capacidad para llevar adelante obras esenciales, como las de agua y cloacas, que mejoran la calidad de vida de todos. Y lo vamos a hacer juntos, hombro con hombro, porque si estamos unidos, no hay obst\u00e1culo que San Juan no pueda superar\u00bb.<\/p>\n<p><iframe loading=\"lazy\" title=\"SAN JUAN OSSE GOBERNADOR DR MARCELO ORREGO \" width=\"800\" height=\"450\" src=\"https:\/\/www.youtube.com\/embed\/VRGCMWTweoU?feature=oembed\" frameborder=\"0\" allow=\"accelerometer; autoplay; clipboard-write; encrypted-media; gyroscope; picture-in-picture; web-share\" referrerpolicy=\"strict-origin-when-cross-origin\" allowfullscreen><\/iframe><\/p>\n<p>&nbsp;<\/p>\n<p>Finalmente, el Gobernador de San Juan, Dr. Marcelo Orrego entreg\u00f3 las llaves a los conductores de OSSE<\/p>\n<p><img loading=\"lazy\" decoding=\"async\" class=\"alignnone size-full wp-image-88796\" src=\"https:\/\/vocesparalelas.com.ar\/sitio\/wp-content\/uploads\/2025\/07\/OSSE-SAN-JUAN-04.jpg\" alt=\"\" width=\"800\" height=\"533\" srcset=\"https:\/\/vocesparalelas.com.ar\/sitio\/wp-content\/uploads\/2025\/07\/OSSE-SAN-JUAN-04.jpg 800w, https:\/\/vocesparalelas.com.ar\/sitio\/wp-content\/uploads\/2025\/07\/OSSE-SAN-JUAN-04-300x200.jpg 300w, https:\/\/vocesparalelas.com.ar\/sitio\/wp-content\/uploads\/2025\/07\/OSSE-SAN-JUAN-04-768x512.jpg 768w\" sizes=\"auto, (max-width: 800px) 100vw, 800px\" \/><\/p>\n<p>Obras Sanitarias, mediante un leasing con Banco San Juan, logr\u00f3 adquirir el derecho de uso de un conjunto de m\u00e1quinas y camiones que permitir\u00e1n llevar adelante m\u00e1s obras de agua potable y saneamiento en la provincia.<\/p>\n<p>Es as\u00ed como en el marco de una pol\u00edtica de gesti\u00f3n autosuficiente, Obras Sanitarias firm\u00f3 un contrato financiero con el Banco San Juan para adquirir el derecho de uso de 6 camiones y 4 m\u00e1quinas que permiten a la empresa realizar m\u00e1s obras por administraci\u00f3n (con personal y equipos propios), generando un importante ahorro econ\u00f3mico y optimizando el tiempo de ejecuci\u00f3n de obras o reparaciones, mejorando ampliamente la asistencia al usuario.<\/p>\n<p>Personal especializado de la empresa realiz\u00f3 un detalle minucioso de necesidades y proveedores para presentar al Banco San Juan, quien fue responsable de negociar con la empresa proveedora y pagar el canon correspondiente.<\/p>\n<p>De esta manera el Banco San Juan adquiere la propiedad pero cede el derecho a Obras Sanitarias Sociedad del Estado otorgando patente y tarjeta verde a nombre de la empresa estatal.<\/p>\n<p><span style=\"color: #ff6600;\"><strong>Movilidades y m\u00e1quinas<\/strong><\/span><\/p>\n<ul>\n<li>2 camiones volcadores<\/li>\n<li>2 camiones tipo planchadas<\/li>\n<li>1 cami\u00f3n taller<\/li>\n<li>3 m\u00e1quinas retroexcavadoras<\/li>\n<li>2 veh\u00edculos minicargadores<\/li>\n<\/ul>\n<p>Se trata de un gran hito para la empresa, ya que la incorporaci\u00f3n de estas m\u00e1quinas permite realizar mayor cantidad de tareas, con el fin de agilizar respuestas, minimizar tiempos, optimizar recursos y alcanzar una mayor eficiencia operativa, en beneficio de las distintas zonas de la comunidad de San Juan.<\/p>\n<p>&nbsp;<\/p>\n<p><img loading=\"lazy\" decoding=\"async\" class=\"alignnone size-full wp-image-88795\" src=\"https:\/\/vocesparalelas.com.ar\/sitio\/wp-content\/uploads\/2025\/07\/OSSE-SAN-JUAN-02.jpg\" alt=\"\" width=\"800\" height=\"533\" srcset=\"https:\/\/vocesparalelas.com.ar\/sitio\/wp-content\/uploads\/2025\/07\/OSSE-SAN-JUAN-02.jpg 800w, https:\/\/vocesparalelas.com.ar\/sitio\/wp-content\/uploads\/2025\/07\/OSSE-SAN-JUAN-02-300x200.jpg 300w, https:\/\/vocesparalelas.com.ar\/sitio\/wp-content\/uploads\/2025\/07\/OSSE-SAN-JUAN-02-768x512.jpg 768w\" sizes=\"auto, (max-width: 800px) 100vw, 800px\" \/><\/p>\n<p>&nbsp;<\/p>\n<p><img loading=\"lazy\" decoding=\"async\" class=\"alignnone size-full wp-image-87993\" src=\"https:\/\/vocesparalelas.com.ar\/sitio\/wp-content\/uploads\/2025\/06\/OSSE-LOGO-ULTIMO.jpg\" alt=\"\" width=\"800\" height=\"446\" srcset=\"https:\/\/vocesparalelas.com.ar\/sitio\/wp-content\/uploads\/2025\/06\/OSSE-LOGO-ULTIMO.jpg 800w, https:\/\/vocesparalelas.com.ar\/sitio\/wp-content\/uploads\/2025\/06\/OSSE-LOGO-ULTIMO-300x167.jpg 300w, https:\/\/vocesparalelas.com.ar\/sitio\/wp-content\/uploads\/2025\/06\/OSSE-LOGO-ULTIMO-768x428.jpg 768w\" sizes=\"auto, (max-width: 800px) 100vw, 800px\" \/><\/p>\n","protected":false},"excerpt":{"rendered":"<p>El Gobierno de San Juan sigue trabajando para fortalecer Obras Sanitarias Sociedad del Estado para mejorar con maquinaria y movilidades<\/p>\n","protected":false},"author":3,"featured_media":88793,"comment_status":"closed","ping_status":"closed","sticky":false,"template":"","format":"standard","meta":{"_acf_changed":false,"_seopress_robots_primary_cat":"none","_seopress_titles_title":"","_seopress_titles_desc":"","_seopress_robots_index":"","colormag_page_container_layout":"default_layout","colormag_page_sidebar_layout":"default_layout","footnotes":""},"categories":[1,7],"tags":[],"class_list":["post-88790","post","type-post","status-publish","format-standard","has-post-thumbnail","hentry","category-destacadas","category-videos"],"acf":[],"_links":{"self":[{"href":"https:\/\/vocesparalelas.com.ar\/sitio\/wp-json\/wp\/v2\/posts\/88790","targetHints":{"allow":["GET"]}}],"collection":[{"href":"https:\/\/vocesparalelas.com.ar\/sitio\/wp-json\/wp\/v2\/posts"}],"about":[{"href":"https:\/\/vocesparalelas.com.ar\/sitio\/wp-json\/wp\/v2\/types\/post"}],"author":[{"embeddable":true,"href":"https:\/\/vocesparalelas.com.ar\/sitio\/wp-json\/wp\/v2\/users\/3"}],"replies":[{"embeddable":true,"href":"https:\/\/vocesparalelas.com.ar\/sitio\/wp-json\/wp\/v2\/comments?post=88790"}],"version-history":[{"count":1,"href":"https:\/\/vocesparalelas.com.ar\/sitio\/wp-json\/wp\/v2\/posts\/88790\/revisions"}],"predecessor-version":[{"id":88797,"href":"https:\/\/vocesparalelas.com.ar\/sitio\/wp-json\/wp\/v2\/posts\/88790\/revisions\/88797"}],"wp:featuredmedia":[{"embeddable":true,"href":"https:\/\/vocesparalelas.com.ar\/sitio\/wp-json\/wp\/v2\/media\/88793"}],"wp:attachment":[{"href":"https:\/\/vocesparalelas.com.ar\/sitio\/wp-json\/wp\/v2\/media?parent=88790"}],"wp:term":[{"taxonomy":"category","embeddable":true,"href":"https:\/\/vocesparalelas.com.ar\/sitio\/wp-json\/wp\/v2\/categories?post=88790"},{"taxonomy":"post_tag","embeddable":true,"href":"https:\/\/vocesparalelas.com.ar\/sitio\/wp-json\/wp\/v2\/tags?post=88790"}],"curies":[{"name":"wp","href":"https:\/\/api.w.org\/{rel}","templated":true}]}}