{"id":88784,"date":"2025-07-15T22:34:09","date_gmt":"2025-07-16T01:34:09","guid":{"rendered":"https:\/\/vocesparalelas.com.ar\/sitio\/?p=88784"},"modified":"2025-07-15T22:34:09","modified_gmt":"2025-07-16T01:34:09","slug":"se-viene-el-primer-open-mall-de-san-juan","status":"publish","type":"post","link":"https:\/\/vocesparalelas.com.ar\/sitio\/se-viene-el-primer-open-mall-de-san-juan\/","title":{"rendered":"Se viene el primer Open Mall de San Juan"},"content":{"rendered":"<p>El gobernador de San Juan, Dr. Marcelo Orrego recibi\u00f3 a Fernando y Mario Lucero, representantes de la firma que est\u00e1 desarrollando el primer Open Mall de San Juan, que se trata de \u201cHola Tulum\u201d, emplazado en lateral de Avenida Circunvalaci\u00f3n y Escalabrini Ortiz, en la Sala Eloy Camus de Casa de Gobierno<\/p>\n<p>Adem\u00e1s, y estuvo presente el ministro de Econom\u00eda, Hacienda y Finanzas del Gobierno de San Juan, CPN Roberto Guti\u00e9rrez.<\/p>\n<p>El proyecto contempla en sus etapas de desarrollo una diversificaci\u00f3n comercial con la incorporaci\u00f3n de 33 locales comerciales dedicados a gastronom\u00eda, cuidado personal, servicios, moda, deporte y tecnolog\u00eda.<\/p>\n<p>Por otra parte, apuesta al turismo con el desarrollo de un hotel de 7 niveles que transformar\u00e1 el complejo en un destino clave para el turismo, los negocios y los eventos corporativos, elevando el perfil de la ciudad y su infraestructura de servicios.<\/p>\n<p>Al salir del encuentro, el representantes de la firma que est\u00e1 desarrollando el primer Open Mall de San Juan, Fernando Lucero manifest\u00f3 que \u201cel proyecto est\u00e1 conexo a lo que son establecimientos ya consolidados, como son Easy, Hiper Libertad y Cinema Center, y nos va a permitir poder utilizar m\u00e1s de 2000 cocheras en com\u00fan. Es un punto estrat\u00e9gico, donde de cualquier punto de la ciudad van a poder llegar r\u00e1pidamente. Es una construcci\u00f3n innovadora, pensada para que sanjuaninos y visitantes puedan venir a disfrutar, relajarse y pasear en familia o con amigos\u201d.<\/p>\n<p>\u201cEn un futuro cercano vamos a apostar al turismo con la construcci\u00f3n de un hotel de 7 niveles y creemos que es una gran inversi\u00f3n para San Juan y que va a atraer muchos visitantes a la provincia\u201d.<\/p>\n<p>\u00abLa verdad que el Gobernador nos ha atendido muy bien, y sobre todo es muy importante este tipo de reuniones porque si bien la inversi\u00f3n es completamente privada, necesitamos el apoyo del gobierno. La idea es inaugurar la primer parte de este proyecto a fin de 2025\u201d.<\/p>\n<p>\u00abNosotros pertenecemos a Moto Lucero, una empresa que tiene 67 a\u00f1os en San Juan y ahora estamos apostando a este nuevo proyecto que es innovador para la provincia pero que adem\u00e1s genera m\u00e1s de 500 puestos de trabajo directos y unos 1000 trabajos indirectos. Nos parece una gran apuesta y creemos que va a ser algo muy lindo para todos los sanjuaninos\u201d &#8211; sintetiz\u00f3 el representantes de la firma que est\u00e1 desarrollando el primer Open Mall de San Juan, Fernando Lucero.<\/p>\n<p><img loading=\"lazy\" decoding=\"async\" class=\"alignnone size-full wp-image-65642\" src=\"https:\/\/vocesparalelas.com.ar\/sitio\/wp-content\/uploads\/2023\/11\/GOBIERNO-SAN-JUAN.jpg\" alt=\"\" width=\"800\" height=\"600\" srcset=\"https:\/\/vocesparalelas.com.ar\/sitio\/wp-content\/uploads\/2023\/11\/GOBIERNO-SAN-JUAN.jpg 800w, https:\/\/vocesparalelas.com.ar\/sitio\/wp-content\/uploads\/2023\/11\/GOBIERNO-SAN-JUAN-300x225.jpg 300w, https:\/\/vocesparalelas.com.ar\/sitio\/wp-content\/uploads\/2023\/11\/GOBIERNO-SAN-JUAN-768x576.jpg 768w\" sizes=\"auto, (max-width: 800px) 100vw, 800px\" \/><\/p>\n","protected":false},"excerpt":{"rendered":"<p>El gobernador de San Juan, Dr. Marcelo Orrego recibi\u00f3 a Fernando y Mario Lucero, representantes de la firma que est\u00e1<\/p>\n","protected":false},"author":3,"featured_media":88787,"comment_status":"closed","ping_status":"closed","sticky":false,"template":"","format":"standard","meta":{"_acf_changed":false,"_seopress_robots_primary_cat":"none","_seopress_titles_title":"","_seopress_titles_desc":"","_seopress_robots_index":"","colormag_page_container_layout":"default_layout","colormag_page_sidebar_layout":"default_layout","footnotes":""},"categories":[1],"tags":[],"class_list":["post-88784","post","type-post","status-publish","format-standard","has-post-thumbnail","hentry","category-destacadas"],"acf":[],"_links":{"self":[{"href":"https:\/\/vocesparalelas.com.ar\/sitio\/wp-json\/wp\/v2\/posts\/88784","targetHints":{"allow":["GET"]}}],"collection":[{"href":"https:\/\/vocesparalelas.com.ar\/sitio\/wp-json\/wp\/v2\/posts"}],"about":[{"href":"https:\/\/vocesparalelas.com.ar\/sitio\/wp-json\/wp\/v2\/types\/post"}],"author":[{"embeddable":true,"href":"https:\/\/vocesparalelas.com.ar\/sitio\/wp-json\/wp\/v2\/users\/3"}],"replies":[{"embeddable":true,"href":"https:\/\/vocesparalelas.com.ar\/sitio\/wp-json\/wp\/v2\/comments?post=88784"}],"version-history":[{"count":1,"href":"https:\/\/vocesparalelas.com.ar\/sitio\/wp-json\/wp\/v2\/posts\/88784\/revisions"}],"predecessor-version":[{"id":88788,"href":"https:\/\/vocesparalelas.com.ar\/sitio\/wp-json\/wp\/v2\/posts\/88784\/revisions\/88788"}],"wp:featuredmedia":[{"embeddable":true,"href":"https:\/\/vocesparalelas.com.ar\/sitio\/wp-json\/wp\/v2\/media\/88787"}],"wp:attachment":[{"href":"https:\/\/vocesparalelas.com.ar\/sitio\/wp-json\/wp\/v2\/media?parent=88784"}],"wp:term":[{"taxonomy":"category","embeddable":true,"href":"https:\/\/vocesparalelas.com.ar\/sitio\/wp-json\/wp\/v2\/categories?post=88784"},{"taxonomy":"post_tag","embeddable":true,"href":"https:\/\/vocesparalelas.com.ar\/sitio\/wp-json\/wp\/v2\/tags?post=88784"}],"curies":[{"name":"wp","href":"https:\/\/api.w.org\/{rel}","templated":true}]}}