{"id":88772,"date":"2025-07-15T14:02:43","date_gmt":"2025-07-15T17:02:43","guid":{"rendered":"https:\/\/vocesparalelas.com.ar\/sitio\/?p=88772"},"modified":"2025-07-16T21:24:35","modified_gmt":"2025-07-17T00:24:35","slug":"opera-carmen-en-san-juan-con-el-ballet-estable-del-teatro-colon-en-el-teatro-del-bicentenario","status":"publish","type":"post","link":"https:\/\/vocesparalelas.com.ar\/sitio\/opera-carmen-en-san-juan-con-el-ballet-estable-del-teatro-colon-en-el-teatro-del-bicentenario\/","title":{"rendered":"Opera \u00abCarmen\u00bb en San Juan con el Ballet Estable del Teatro Col\u00f3n en el Teatro del Bicentenario"},"content":{"rendered":"<p>El Ministerio de Turismo, Cultura y Deporte del Gobierno de San Juan, a trav\u00e9s del Teatro del Bicentenario, recibe al prestigioso Ballet Estable del Teatro Col\u00f3n con la obra Carmen. Esta gira se enmarca en los 100 a\u00f1os de trayectoria del Ballet Estable del Teatro Col\u00f3n, el 15; 16 y 17 de Agosto de 2025.<\/p>\n<p>Desde su creaci\u00f3n en 1925, la compa\u00f1\u00eda ha sido un referente de la danza argentina y latinoamericana, consolid\u00e1ndose como una de las m\u00e1s prestigiosas de la regi\u00f3n.<\/p>\n<p>El anuncio oficial se realiz\u00f3 en conferencia de prensa con la presencia del secretario de Cultura, Eduardo Varela; la directora del Teatro del Bicentenario, Lic. Silvana Moreno y la Prof. Victoria Balanza.<\/p>\n<p><img loading=\"lazy\" decoding=\"async\" class=\"alignnone size-full wp-image-88778\" src=\"https:\/\/vocesparalelas.com.ar\/sitio\/wp-content\/uploads\/2025\/07\/CARMEN-TEATRO-COLON-02.jpg\" alt=\"\" width=\"800\" height=\"500\" srcset=\"https:\/\/vocesparalelas.com.ar\/sitio\/wp-content\/uploads\/2025\/07\/CARMEN-TEATRO-COLON-02.jpg 800w, https:\/\/vocesparalelas.com.ar\/sitio\/wp-content\/uploads\/2025\/07\/CARMEN-TEATRO-COLON-02-300x188.jpg 300w, https:\/\/vocesparalelas.com.ar\/sitio\/wp-content\/uploads\/2025\/07\/CARMEN-TEATRO-COLON-02-768x480.jpg 768w\" sizes=\"auto, (max-width: 800px) 100vw, 800px\" \/><\/p>\n<p>Esta versi\u00f3n de Carmen, con coreograf\u00eda de Marcia Hayd\u00e9e y reposici\u00f3n a cargo del maestro Pablo Aharonian, promete una puesta deslumbrante que combina la fuerza de la danza con la intensidad dram\u00e1tica de la m\u00fasica de Bizet.<\/p>\n<p>La obra, inspirada en la historia de la enigm\u00e1tica cigarrera sevillana, se lleva a cabo el 15; 16 de Agosto, a las 20 hs; y el 17 de Agosto, a las 19 hs, en la Sala Principal del Teatro del Bicentenario.<\/p>\n<p>La escenograf\u00eda y vestuario de esta puesta est\u00e1n a cargo de Pablo N\u00fa\u00f1ez, mientras que la realizaci\u00f3n del vestuario es obra de Carlos P\u00e9rez. La iluminaci\u00f3n, clave para crear la atm\u00f3sfera dram\u00e1tica de la obra, fue dise\u00f1ada por Ricardo Castro, y los arreglos musicales que enriquecen la partitura original de Bizet fueron creados por Albena Dobreva.<\/p>\n<p>Cabe destacar que la llegada del reconocido artista Julio Bocca a San Juan, al frente del Ballet Estable del Teatro Col\u00f3n, reviste una importancia trascendental tanto por su figura emblem\u00e1tica en la danza como por el contexto hist\u00f3rico que la enmarca.<\/p>\n<p>Esta obra fue elegida para inaugurar la Temporada 2025 del Col\u00f3n con diez funciones completamente agotadas, lo que reafirma su jerarqu\u00eda y vigencia.<\/p>\n<p>Esto convierte a esta presentaci\u00f3n en un acontecimiento hist\u00f3rico e imperdible para el p\u00fablico amantes de la danza y la cultura.<\/p>\n<p><span style=\"color: #ff6600;\"><strong>Entradas<\/strong><\/span><\/p>\n<p>Los tickets de $25.000, $35,000; $45,000, $55,000, $65.000, ya se encuentran a la venta en boleter\u00eda del teatro. Para este evento en especial, el Teatro del Bicentenario promueve una preventa exclusiva del 20 % de descuento en ubicaciones preferenciales tanto en boleter\u00eda como online disponible hasta el 31 de Julio inclusive. Adem\u00e1s, los jubilados pueden acceder a un descuento del 20 %\u00a0 s\u00f3lo en boleter\u00eda en diferentes ubicaciones.<\/p>\n<p>Lunes a Viernes, de 9:30 a 14 hs. y de 16 a 20 hs; S\u00e1bados, de 9:30 a 14 hs. Los d\u00edas de funci\u00f3n se pueden adquirir tickets hasta 2 horas antes de la funci\u00f3n el S\u00e1bados, Domingos y Feriados; y de forma online a trav\u00e9s de<\/p>\n<p><a href=\"http:\/\/www.tuentrada.com\">http:\/\/www.tuentrada.com<\/a><\/p>\n<p><span style=\"color: #ff6600;\"><strong>Ficha t\u00e9cnica<\/strong><\/span><\/p>\n<p><span style=\"color: #ff6600;\"><strong>Los roles principales est\u00e1n interpretados por:<\/strong><\/span><\/p>\n<ul>\n<li>Carmen: Natalia Pelayo, Camila Bocca, Ayel\u00e9n S\u00e1nchez, Eliana Figueroa y Victoria Wolf.<\/li>\n<li>Don Jos\u00e9: Valent\u00edn Batista, Federico Fern\u00e1ndez, Facundo Luqui, Jiva Vel\u00e1zquez y Juan Pablo Ledo.<\/li>\n<li>Micaela: Camila Bocca, Roc\u00edo Ag\u00fcero, Ayel\u00e9n S\u00e1nchez y Mora Capasso.<\/li>\n<li>Escamillo: Federico Fern\u00e1ndez, Juan Pablo Ledo, Alan Pereyra y Jiva Vel\u00e1zquez.<\/li>\n<li>Bailarines: Mora Capasso junto a Facundo Luqui bajo la mirada atenta de Marcia Hayd\u00e9e, Africa Guzm\u00e1n y Luis Ortigoza. Ph: Carlos Villamayor.<\/li>\n<\/ul>\n<p><img loading=\"lazy\" decoding=\"async\" class=\"alignnone size-large wp-image-21666\" src=\"https:\/\/vocesparalelas.com.ar\/sitio\/wp-content\/uploads\/2019\/06\/TEATRO-BICENTENARIO-10-800x600.jpg\" alt=\"\" width=\"800\" height=\"600\" srcset=\"https:\/\/vocesparalelas.com.ar\/sitio\/wp-content\/uploads\/2019\/06\/TEATRO-BICENTENARIO-10-800x600.jpg 800w, https:\/\/vocesparalelas.com.ar\/sitio\/wp-content\/uploads\/2019\/06\/TEATRO-BICENTENARIO-10-300x225.jpg 300w, https:\/\/vocesparalelas.com.ar\/sitio\/wp-content\/uploads\/2019\/06\/TEATRO-BICENTENARIO-10-768x576.jpg 768w, https:\/\/vocesparalelas.com.ar\/sitio\/wp-content\/uploads\/2019\/06\/TEATRO-BICENTENARIO-10.jpg 1000w\" sizes=\"auto, (max-width: 800px) 100vw, 800px\" \/><\/p>\n","protected":false},"excerpt":{"rendered":"<p>El Ministerio de Turismo, Cultura y Deporte del Gobierno de San Juan, a trav\u00e9s del Teatro del Bicentenario, recibe al<\/p>\n","protected":false},"author":3,"featured_media":88775,"comment_status":"closed","ping_status":"closed","sticky":false,"template":"","format":"standard","meta":{"_acf_changed":false,"_seopress_robots_primary_cat":"none","_seopress_titles_title":"","_seopress_titles_desc":"","_seopress_robots_index":"","colormag_page_container_layout":"default_layout","colormag_page_sidebar_layout":"default_layout","footnotes":""},"categories":[20],"tags":[],"class_list":["post-88772","post","type-post","status-publish","format-standard","has-post-thumbnail","hentry","category-cartelera"],"acf":[],"_links":{"self":[{"href":"https:\/\/vocesparalelas.com.ar\/sitio\/wp-json\/wp\/v2\/posts\/88772","targetHints":{"allow":["GET"]}}],"collection":[{"href":"https:\/\/vocesparalelas.com.ar\/sitio\/wp-json\/wp\/v2\/posts"}],"about":[{"href":"https:\/\/vocesparalelas.com.ar\/sitio\/wp-json\/wp\/v2\/types\/post"}],"author":[{"embeddable":true,"href":"https:\/\/vocesparalelas.com.ar\/sitio\/wp-json\/wp\/v2\/users\/3"}],"replies":[{"embeddable":true,"href":"https:\/\/vocesparalelas.com.ar\/sitio\/wp-json\/wp\/v2\/comments?post=88772"}],"version-history":[{"count":3,"href":"https:\/\/vocesparalelas.com.ar\/sitio\/wp-json\/wp\/v2\/posts\/88772\/revisions"}],"predecessor-version":[{"id":88779,"href":"https:\/\/vocesparalelas.com.ar\/sitio\/wp-json\/wp\/v2\/posts\/88772\/revisions\/88779"}],"wp:featuredmedia":[{"embeddable":true,"href":"https:\/\/vocesparalelas.com.ar\/sitio\/wp-json\/wp\/v2\/media\/88775"}],"wp:attachment":[{"href":"https:\/\/vocesparalelas.com.ar\/sitio\/wp-json\/wp\/v2\/media?parent=88772"}],"wp:term":[{"taxonomy":"category","embeddable":true,"href":"https:\/\/vocesparalelas.com.ar\/sitio\/wp-json\/wp\/v2\/categories?post=88772"},{"taxonomy":"post_tag","embeddable":true,"href":"https:\/\/vocesparalelas.com.ar\/sitio\/wp-json\/wp\/v2\/tags?post=88772"}],"curies":[{"name":"wp","href":"https:\/\/api.w.org\/{rel}","templated":true}]}}