{"id":88659,"date":"2025-07-11T15:55:35","date_gmt":"2025-07-11T18:55:35","guid":{"rendered":"https:\/\/vocesparalelas.com.ar\/sitio\/?p=88659"},"modified":"2025-07-11T15:55:35","modified_gmt":"2025-07-11T18:55:35","slug":"los-pumas-en-san-juan-y-el-gobernador-dr-marcelo-orrego-recibio-la-camiseta","status":"publish","type":"post","link":"https:\/\/vocesparalelas.com.ar\/sitio\/los-pumas-en-san-juan-y-el-gobernador-dr-marcelo-orrego-recibio-la-camiseta\/","title":{"rendered":"Los Pumas en San Juan y el gobernador, Dr. Marcelo Orrego recibi\u00f3 la camiseta"},"content":{"rendered":"<p>San Juan se prepara para vivir una jornada hist\u00f3rica el S\u00e1bado, 12 de Julio de 2025, cuando Los Pumas disputen su sexto partido oficial en la provincia. El encuentro, que comienza a las 16:40 horas en el estadio San Juan del Bicentenario, enfrenta al seleccionado argentino contra Inglaterra, con arbitraje de Luc Ramos de Francia y transmisi\u00f3n en vivo por ESPN.<\/p>\n<p><img loading=\"lazy\" decoding=\"async\" class=\"alignnone size-large wp-image-11927\" src=\"https:\/\/vocesparalelas.com.ar\/sitio\/wp-content\/uploads\/2018\/06\/LOS-PUMAS-800x553.jpg\" alt=\"\" width=\"800\" height=\"553\" srcset=\"https:\/\/vocesparalelas.com.ar\/sitio\/wp-content\/uploads\/2018\/06\/LOS-PUMAS-800x553.jpg 800w, https:\/\/vocesparalelas.com.ar\/sitio\/wp-content\/uploads\/2018\/06\/LOS-PUMAS-300x207.jpg 300w, https:\/\/vocesparalelas.com.ar\/sitio\/wp-content\/uploads\/2018\/06\/LOS-PUMAS-768x531.jpg 768w, https:\/\/vocesparalelas.com.ar\/sitio\/wp-content\/uploads\/2018\/06\/LOS-PUMAS-392x272.jpg 392w, https:\/\/vocesparalelas.com.ar\/sitio\/wp-content\/uploads\/2018\/06\/LOS-PUMAS-130x90.jpg 130w, https:\/\/vocesparalelas.com.ar\/sitio\/wp-content\/uploads\/2018\/06\/LOS-PUMAS.jpg 1000w\" sizes=\"auto, (max-width: 800px) 100vw, 800px\" \/><\/p>\n<p>En la previa, el gobernador de San Juan, Dr. Marcelo Orrego visit\u00f3 el entrenamiento del equipo nacional y aprovech\u00f3 para saludar y motivar a los jugadores, destacando la importancia de este evento para la provincia:<\/p>\n<p>\u201cEs un placer enorme recibir a estos grandes atletas en San Juan. Contaremos con el equipo titular de Los Pumas en un partido que todos esperamos con entusiasmo, nada menos que ante Inglaterra. Invito a todos los sanjuaninos a acercarse y disfrutar de un espect\u00e1culo de primer nivel que pocas veces se ve en nuestra provincia. Esto demuestra que San Juan est\u00e1 a la altura de los nuevos desaf\u00edos y listo para grandes eventos deportivos\u00bb.<\/p>\n<p>El partido tendr\u00e1 en juego la Copa Visa \u2013 Banco Macro, y es organizado y promovido por el Gobierno de San Juan a trav\u00e9s del Ministerio de Turismo, Cultura y Deporte, en conjunto con la Uni\u00f3n Argentina de Rugby y la Uni\u00f3n Sanjuanina de Rugby.<\/p>\n<p>Se espera una masiva concurrencia para apoyar a Los Pumas en un encuentro de alta competencia que pone nuevamente a San Juan en el mapa del rugby internacional<\/p>\n<p><img loading=\"lazy\" decoding=\"async\" class=\"alignnone size-full wp-image-86086\" src=\"https:\/\/vocesparalelas.com.ar\/sitio\/wp-content\/uploads\/2025\/05\/ESTADIO-VICENTENARIO-LOS-PUMAS.jpg\" alt=\"\" width=\"800\" height=\"450\" srcset=\"https:\/\/vocesparalelas.com.ar\/sitio\/wp-content\/uploads\/2025\/05\/ESTADIO-VICENTENARIO-LOS-PUMAS.jpg 800w, https:\/\/vocesparalelas.com.ar\/sitio\/wp-content\/uploads\/2025\/05\/ESTADIO-VICENTENARIO-LOS-PUMAS-300x169.jpg 300w, https:\/\/vocesparalelas.com.ar\/sitio\/wp-content\/uploads\/2025\/05\/ESTADIO-VICENTENARIO-LOS-PUMAS-768x432.jpg 768w\" sizes=\"auto, (max-width: 800px) 100vw, 800px\" \/><\/p>\n<p>&nbsp;<\/p>\n","protected":false},"excerpt":{"rendered":"<p>San Juan se prepara para vivir una jornada hist\u00f3rica el S\u00e1bado, 12 de Julio de 2025, cuando Los Pumas disputen<\/p>\n","protected":false},"author":3,"featured_media":88662,"comment_status":"closed","ping_status":"closed","sticky":false,"template":"","format":"standard","meta":{"_acf_changed":false,"_seopress_robots_primary_cat":"none","_seopress_titles_title":"","_seopress_titles_desc":"","_seopress_robots_index":"","colormag_page_container_layout":"default_layout","colormag_page_sidebar_layout":"default_layout","footnotes":""},"categories":[1],"tags":[],"class_list":["post-88659","post","type-post","status-publish","format-standard","has-post-thumbnail","hentry","category-destacadas"],"acf":[],"_links":{"self":[{"href":"https:\/\/vocesparalelas.com.ar\/sitio\/wp-json\/wp\/v2\/posts\/88659","targetHints":{"allow":["GET"]}}],"collection":[{"href":"https:\/\/vocesparalelas.com.ar\/sitio\/wp-json\/wp\/v2\/posts"}],"about":[{"href":"https:\/\/vocesparalelas.com.ar\/sitio\/wp-json\/wp\/v2\/types\/post"}],"author":[{"embeddable":true,"href":"https:\/\/vocesparalelas.com.ar\/sitio\/wp-json\/wp\/v2\/users\/3"}],"replies":[{"embeddable":true,"href":"https:\/\/vocesparalelas.com.ar\/sitio\/wp-json\/wp\/v2\/comments?post=88659"}],"version-history":[{"count":1,"href":"https:\/\/vocesparalelas.com.ar\/sitio\/wp-json\/wp\/v2\/posts\/88659\/revisions"}],"predecessor-version":[{"id":88663,"href":"https:\/\/vocesparalelas.com.ar\/sitio\/wp-json\/wp\/v2\/posts\/88659\/revisions\/88663"}],"wp:featuredmedia":[{"embeddable":true,"href":"https:\/\/vocesparalelas.com.ar\/sitio\/wp-json\/wp\/v2\/media\/88662"}],"wp:attachment":[{"href":"https:\/\/vocesparalelas.com.ar\/sitio\/wp-json\/wp\/v2\/media?parent=88659"}],"wp:term":[{"taxonomy":"category","embeddable":true,"href":"https:\/\/vocesparalelas.com.ar\/sitio\/wp-json\/wp\/v2\/categories?post=88659"},{"taxonomy":"post_tag","embeddable":true,"href":"https:\/\/vocesparalelas.com.ar\/sitio\/wp-json\/wp\/v2\/tags?post=88659"}],"curies":[{"name":"wp","href":"https:\/\/api.w.org\/{rel}","templated":true}]}}