{"id":88654,"date":"2025-07-11T15:40:33","date_gmt":"2025-07-11T18:40:33","guid":{"rendered":"https:\/\/vocesparalelas.com.ar\/sitio\/?p=88654"},"modified":"2025-07-11T15:40:33","modified_gmt":"2025-07-11T18:40:33","slug":"exitoso-taller-de-ciencia-comparte-lab-slime-en-las-vacaciones-en-la-legislatura-de-san-juan","status":"publish","type":"post","link":"https:\/\/vocesparalelas.com.ar\/sitio\/exitoso-taller-de-ciencia-comparte-lab-slime-en-las-vacaciones-en-la-legislatura-de-san-juan\/","title":{"rendered":"Exitoso Taller de Ciencia \u201cComparte Lab-Slime\u201d en las Vacaciones en la Legislatura de San Juan"},"content":{"rendered":"<p>El Jueves, 10 de Julio de 2025, las Vacaciones en la Legislatura de San Juan continu\u00f3 su agenda de actividades con una propuesta que despert\u00f3 la curiosidad y el entusiasmo de los ni\u00f1os y los m\u00e1s j\u00f3venes.<\/p>\n<p>En esta ocasi\u00f3n, ni\u00f1os y adolescentes participaron del Taller de Ciencia: \u201cComparte Lab-Slime\u201d, realizado en el edificio Anexo de la Casa de Todos.<\/p>\n<p>Durante la jornada, los participantes se sumergieron en una serie de experimentos din\u00e1micos y sorprendentes que combinaron aprendizaje y diversi\u00f3n. Como cierre del taller, cada uno cre\u00f3 su propio slime, que luego pudo llevarse a casa como recuerdo de una experiencia \u00fanica.<\/p>\n<p>La iniciativa, impulsada por la C\u00e1mara de Diputados de San Juan en el marco del receso escolar de invierno 2025, que est\u00e1 dirigida a ni\u00f1os y adolescentes con el objetivo de fomentar la creatividad, el aprendizaje l\u00fadico y la participaci\u00f3n activa en un espacio donde lo educativo y lo art\u00edstico se encuentran.<\/p>\n<p>Vacaciones en la Legislatura se extiende hasta el Viernes, 18 de Julio, con una programaci\u00f3n variada que incluye espect\u00e1culos, talleres y propuestas recreativas, educativas y art\u00edsticas. Cabe destacar que, debido a la gran convocatoria, los cupos para las actividades ya se encuentran agotados.<\/p>\n<p><img loading=\"lazy\" decoding=\"async\" class=\"alignnone size-full wp-image-44316\" src=\"https:\/\/vocesparalelas.com.ar\/sitio\/wp-content\/uploads\/2021\/11\/CDSJ-ANEXO-10.jpg\" alt=\"\" width=\"736\" height=\"409\" srcset=\"https:\/\/vocesparalelas.com.ar\/sitio\/wp-content\/uploads\/2021\/11\/CDSJ-ANEXO-10.jpg 736w, https:\/\/vocesparalelas.com.ar\/sitio\/wp-content\/uploads\/2021\/11\/CDSJ-ANEXO-10-300x167.jpg 300w\" sizes=\"auto, (max-width: 736px) 100vw, 736px\" \/><\/p>\n","protected":false},"excerpt":{"rendered":"<p>El Jueves, 10 de Julio de 2025, las Vacaciones en la Legislatura de San Juan continu\u00f3 su agenda de actividades<\/p>\n","protected":false},"author":3,"featured_media":88657,"comment_status":"closed","ping_status":"closed","sticky":false,"template":"","format":"standard","meta":{"_acf_changed":false,"_seopress_robots_primary_cat":"none","_seopress_titles_title":"","_seopress_titles_desc":"","_seopress_robots_index":"","colormag_page_container_layout":"default_layout","colormag_page_sidebar_layout":"default_layout","footnotes":""},"categories":[1],"tags":[],"class_list":["post-88654","post","type-post","status-publish","format-standard","has-post-thumbnail","hentry","category-destacadas"],"acf":[],"_links":{"self":[{"href":"https:\/\/vocesparalelas.com.ar\/sitio\/wp-json\/wp\/v2\/posts\/88654","targetHints":{"allow":["GET"]}}],"collection":[{"href":"https:\/\/vocesparalelas.com.ar\/sitio\/wp-json\/wp\/v2\/posts"}],"about":[{"href":"https:\/\/vocesparalelas.com.ar\/sitio\/wp-json\/wp\/v2\/types\/post"}],"author":[{"embeddable":true,"href":"https:\/\/vocesparalelas.com.ar\/sitio\/wp-json\/wp\/v2\/users\/3"}],"replies":[{"embeddable":true,"href":"https:\/\/vocesparalelas.com.ar\/sitio\/wp-json\/wp\/v2\/comments?post=88654"}],"version-history":[{"count":1,"href":"https:\/\/vocesparalelas.com.ar\/sitio\/wp-json\/wp\/v2\/posts\/88654\/revisions"}],"predecessor-version":[{"id":88658,"href":"https:\/\/vocesparalelas.com.ar\/sitio\/wp-json\/wp\/v2\/posts\/88654\/revisions\/88658"}],"wp:featuredmedia":[{"embeddable":true,"href":"https:\/\/vocesparalelas.com.ar\/sitio\/wp-json\/wp\/v2\/media\/88657"}],"wp:attachment":[{"href":"https:\/\/vocesparalelas.com.ar\/sitio\/wp-json\/wp\/v2\/media?parent=88654"}],"wp:term":[{"taxonomy":"category","embeddable":true,"href":"https:\/\/vocesparalelas.com.ar\/sitio\/wp-json\/wp\/v2\/categories?post=88654"},{"taxonomy":"post_tag","embeddable":true,"href":"https:\/\/vocesparalelas.com.ar\/sitio\/wp-json\/wp\/v2\/tags?post=88654"}],"curies":[{"name":"wp","href":"https:\/\/api.w.org\/{rel}","templated":true}]}}