{"id":88644,"date":"2025-07-11T11:43:07","date_gmt":"2025-07-11T14:43:07","guid":{"rendered":"https:\/\/vocesparalelas.com.ar\/sitio\/?p=88644"},"modified":"2025-07-11T11:43:07","modified_gmt":"2025-07-11T14:43:07","slug":"se-realizo-la-asamblea-del-consejo-federal-de-educacion-de-argentina","status":"publish","type":"post","link":"https:\/\/vocesparalelas.com.ar\/sitio\/se-realizo-la-asamblea-del-consejo-federal-de-educacion-de-argentina\/","title":{"rendered":"Se realiz\u00f3 la Asamblea del Consejo Federal de Educaci\u00f3n de Argentina"},"content":{"rendered":"<p>En un nuevo encuentro que reuni\u00f3 a los m\u00e1ximos referentes del sistema educativo argentino, se desarroll\u00f3 en Buenos Aires la Asamblea 143\u00b0 del Consejo Federal de Educaci\u00f3n &#8211; CFE -, presidida por el secretario de Educaci\u00f3n de la Naci\u00f3n, Dr. Carlos Torrendell.<\/p>\n<p>San Juan estuvo representada por la secretaria de Educaci\u00f3n, Lic. Mariela Lueje, quien particip\u00f3 activamente en el debate y an\u00e1lisis de las pol\u00edticas que marcar\u00e1n la hoja de ruta educativa del pa\u00eds en los pr\u00f3ximos meses.<\/p>\n<p><img loading=\"lazy\" decoding=\"async\" class=\"alignnone size-full wp-image-88648\" src=\"https:\/\/vocesparalelas.com.ar\/sitio\/wp-content\/uploads\/2025\/07\/CFE-JULIO-02.jpg\" alt=\"\" width=\"800\" height=\"534\" srcset=\"https:\/\/vocesparalelas.com.ar\/sitio\/wp-content\/uploads\/2025\/07\/CFE-JULIO-02.jpg 800w, https:\/\/vocesparalelas.com.ar\/sitio\/wp-content\/uploads\/2025\/07\/CFE-JULIO-02-300x200.jpg 300w, https:\/\/vocesparalelas.com.ar\/sitio\/wp-content\/uploads\/2025\/07\/CFE-JULIO-02-768x513.jpg 768w\" sizes=\"auto, (max-width: 800px) 100vw, 800px\" \/><\/p>\n<p>Uno de los principales puntos del orden del d\u00eda fue la aprobaci\u00f3n del Plan Nacional de Evaluaci\u00f3n 2025, que busca establecer un marco actualizado, sistem\u00e1tico y federal para generar informaci\u00f3n clave sobre el estado del sistema educativo. Esta herramienta servir\u00e1 de base para dise\u00f1ar pol\u00edticas pedag\u00f3gicas m\u00e1s efectivas y contextualizadas en cada jurisdicci\u00f3n.<\/p>\n<p>Otro eje central de la jornada fue la presentaci\u00f3n de avances del Plan Nacional de Alfabetizaci\u00f3n, con foco en la formaci\u00f3n de supervisores y directores escolares. En este articulado, cabe destacar que San Juan avanza a paso firme con los programas Comprendo y Aprendo y Transformar la Secundaria, buscando ir en direcci\u00f3n del aprendizaje constante de los alumnos.<\/p>\n<p>En el Consejo se destac\u00f3 el alto nivel de participaci\u00f3n en las capacitaciones y se trazaron l\u00edneas de trabajo articuladas entre las distintas \u00e1reas del sistema, incluyendo al Instituto Nacional de Formaci\u00f3n Docente (INFoD), con vistas a fortalecer la ense\u00f1anza de la lectura y la escritura en los primeros a\u00f1os de escolaridad.<\/p>\n<p>Por otra parte se analiz\u00f3 el trabajo conjunto entre los ministerios de Educaci\u00f3n y Salud respecto a la vacunaci\u00f3n en el \u00e1mbito escolar y se abordaron temas en relaci\u00f3n al Relevamiento Nacional del Personal Educativo (ReNPE), a cargo del \u00e1rea de Informaci\u00f3n y Estad\u00edstica Educativa.<\/p>\n<p>Con la participaci\u00f3n de las 24 jurisdicciones, el encuentro reflej\u00f3 la intenci\u00f3n del Gobierno nacional de avanzar en l\u00edneas de acci\u00f3n articuladas y consensuadas con todas las provincias, en un escenario donde la alfabetizaci\u00f3n, la evaluaci\u00f3n y la salud escolar se consolidan como prioridades en materia de lineamientos de la pol\u00edtica educativa federal.<\/p>\n<p><img loading=\"lazy\" decoding=\"async\" class=\"alignnone size-full wp-image-28629\" src=\"https:\/\/vocesparalelas.com.ar\/sitio\/wp-content\/uploads\/2020\/05\/MINISTERIO-EDUCACION-SJ.jpg\" alt=\"\" width=\"800\" height=\"533\" srcset=\"https:\/\/vocesparalelas.com.ar\/sitio\/wp-content\/uploads\/2020\/05\/MINISTERIO-EDUCACION-SJ.jpg 800w, https:\/\/vocesparalelas.com.ar\/sitio\/wp-content\/uploads\/2020\/05\/MINISTERIO-EDUCACION-SJ-300x200.jpg 300w, https:\/\/vocesparalelas.com.ar\/sitio\/wp-content\/uploads\/2020\/05\/MINISTERIO-EDUCACION-SJ-768x512.jpg 768w\" sizes=\"auto, (max-width: 800px) 100vw, 800px\" \/><\/p>\n<p>&nbsp;<\/p>\n","protected":false},"excerpt":{"rendered":"<p>En un nuevo encuentro que reuni\u00f3 a los m\u00e1ximos referentes del sistema educativo argentino, se desarroll\u00f3 en Buenos Aires la<\/p>\n","protected":false},"author":3,"featured_media":88647,"comment_status":"closed","ping_status":"closed","sticky":false,"template":"","format":"standard","meta":{"_acf_changed":false,"_seopress_robots_primary_cat":"none","_seopress_titles_title":"","_seopress_titles_desc":"","_seopress_robots_index":"","colormag_page_container_layout":"default_layout","colormag_page_sidebar_layout":"default_layout","footnotes":""},"categories":[1],"tags":[],"class_list":["post-88644","post","type-post","status-publish","format-standard","has-post-thumbnail","hentry","category-destacadas"],"acf":[],"_links":{"self":[{"href":"https:\/\/vocesparalelas.com.ar\/sitio\/wp-json\/wp\/v2\/posts\/88644","targetHints":{"allow":["GET"]}}],"collection":[{"href":"https:\/\/vocesparalelas.com.ar\/sitio\/wp-json\/wp\/v2\/posts"}],"about":[{"href":"https:\/\/vocesparalelas.com.ar\/sitio\/wp-json\/wp\/v2\/types\/post"}],"author":[{"embeddable":true,"href":"https:\/\/vocesparalelas.com.ar\/sitio\/wp-json\/wp\/v2\/users\/3"}],"replies":[{"embeddable":true,"href":"https:\/\/vocesparalelas.com.ar\/sitio\/wp-json\/wp\/v2\/comments?post=88644"}],"version-history":[{"count":1,"href":"https:\/\/vocesparalelas.com.ar\/sitio\/wp-json\/wp\/v2\/posts\/88644\/revisions"}],"predecessor-version":[{"id":88649,"href":"https:\/\/vocesparalelas.com.ar\/sitio\/wp-json\/wp\/v2\/posts\/88644\/revisions\/88649"}],"wp:featuredmedia":[{"embeddable":true,"href":"https:\/\/vocesparalelas.com.ar\/sitio\/wp-json\/wp\/v2\/media\/88647"}],"wp:attachment":[{"href":"https:\/\/vocesparalelas.com.ar\/sitio\/wp-json\/wp\/v2\/media?parent=88644"}],"wp:term":[{"taxonomy":"category","embeddable":true,"href":"https:\/\/vocesparalelas.com.ar\/sitio\/wp-json\/wp\/v2\/categories?post=88644"},{"taxonomy":"post_tag","embeddable":true,"href":"https:\/\/vocesparalelas.com.ar\/sitio\/wp-json\/wp\/v2\/tags?post=88644"}],"curies":[{"name":"wp","href":"https:\/\/api.w.org\/{rel}","templated":true}]}}