{"id":88640,"date":"2025-07-11T11:34:31","date_gmt":"2025-07-11T14:34:31","guid":{"rendered":"https:\/\/vocesparalelas.com.ar\/sitio\/?p=88640"},"modified":"2025-07-12T22:13:34","modified_gmt":"2025-07-13T01:13:34","slug":"el-personal-contratado-de-zonas-alejadas-debe-asistir-a-firmar-la-adenda-junio-2025-del-ministerio-de-educacion-de-san-juan","status":"publish","type":"post","link":"https:\/\/vocesparalelas.com.ar\/sitio\/el-personal-contratado-de-zonas-alejadas-debe-asistir-a-firmar-la-adenda-junio-2025-del-ministerio-de-educacion-de-san-juan\/","title":{"rendered":"El personal contratado de Zonas Alejadas debe asistir a firmar la Adenda Junio 2025 del Ministerio de Educaci\u00f3n de San Juan"},"content":{"rendered":"<p>El Ministerio de Educaci\u00f3n del Gobierno de San Juan informa que las personas que poseen Contratos Administrativos de Servicios de Colaboraci\u00f3n (Porteros y Administrativos) residentes en departamentos alejados deben concurrir al establecimiento indicado para firmar el anexo correspondiente a Adenda Junio 2025, en los d\u00edas y horarios que se indican a continuaci\u00f3n.<\/p>\n<p>Deben llevar DNI y una lapicera de color azul.<\/p>\n<ul>\n<li><strong>Departamento Iglesia<\/strong>: Martes 15 de Julio de 2025, de 9 a 10,30 hs.; en UGDA Zona L (calle Santo Domingo Albergue Rodeo).<\/li>\n<li><strong>Departamento J\u00e1chal<\/strong>: Martes, 15 de Julio de 2025, de 11,30 a 13,30 hs. en EPET N\u00b01 J\u00e1chal, General Acha y Agust\u00edn G\u00f3mez.<\/li>\n<li><strong>Departamento Calingasta<\/strong>: Mi\u00e9rcoles, 16 de Julio de 2025, de 9 a 11,30 hs.; en la Escuela Batalla de Maip\u00fa (Tamber\u00edas \u2013 Calingasta).<\/li>\n<li><strong>Departamento Valle F\u00e9rtil:<\/strong> Jueves, 17 de Julio de 2025, de 9 a 11,30hs.;\u00a0 en la Escuela Provincia de Formosa, Mitre y General Acha Villa San Agust\u00edn.<\/li>\n<\/ul>\n<p>Las facturas deben ser electr\u00f3nicas y confeccionadas de la siguiente manera:<\/p>\n<p><strong>Fecha de emisi\u00f3n<\/strong>: 11\/07\/2025<\/p>\n<p><strong>Periodo facturado<\/strong>: desde el 01\/06\/2025 hasta el 30\/06\/2025.<\/p>\n<p><strong>Vencimiento<\/strong>: 31\/07\/2025<\/p>\n<p><strong>CUIT Gobierno de la Provincia<\/strong>: 30-99901516-2<\/p>\n<p><strong>Condici\u00f3n frente al IVA<\/strong>: IVA Sujeto Exento<\/p>\n<p><strong>Condici\u00f3n de venta<\/strong>: Otra<\/p>\n<p><strong>Detalle<\/strong>: Pago de honorarios por Contrato Administrativo de Servicio de Colaboraci\u00f3n, aumento decreto N\u00b00723-MEFyH-2025. Retroactivo mes de Junio<\/p>\n<p><strong>Monto a facturar (para porteros)<\/strong>: $45.000,00.-<\/p>\n<p>Conformaci\u00f3n de factura<\/p>\n<p>Al Dorso de la factura (en la parte de atr\u00e1s) deber\u00e1 colocar lo siguiente:<\/p>\n<p>\u201cArt\u00edculos 6\u00b0 y 11\u00ba Ley N\u00ba 793-a. Cl\u00e1usula cuarta del Contrato Administrativo de Servicios de Colaboraci\u00f3n\u201d.<\/p>\n<p>San Juan, 11\/07\/2025. \u2013<\/p>\n<p>Firma y sello del directivo.<\/p>\n<p>&nbsp;<\/p>\n<p><img loading=\"lazy\" decoding=\"async\" class=\"alignnone size-full wp-image-28629\" src=\"https:\/\/vocesparalelas.com.ar\/sitio\/wp-content\/uploads\/2020\/05\/MINISTERIO-EDUCACION-SJ.jpg\" alt=\"\" width=\"800\" height=\"533\" srcset=\"https:\/\/vocesparalelas.com.ar\/sitio\/wp-content\/uploads\/2020\/05\/MINISTERIO-EDUCACION-SJ.jpg 800w, https:\/\/vocesparalelas.com.ar\/sitio\/wp-content\/uploads\/2020\/05\/MINISTERIO-EDUCACION-SJ-300x200.jpg 300w, https:\/\/vocesparalelas.com.ar\/sitio\/wp-content\/uploads\/2020\/05\/MINISTERIO-EDUCACION-SJ-768x512.jpg 768w\" sizes=\"auto, (max-width: 800px) 100vw, 800px\" \/><\/p>\n","protected":false},"excerpt":{"rendered":"<p>El Ministerio de Educaci\u00f3n del Gobierno de San Juan informa que las personas que poseen Contratos Administrativos de Servicios de<\/p>\n","protected":false},"author":3,"featured_media":35535,"comment_status":"closed","ping_status":"closed","sticky":false,"template":"","format":"standard","meta":{"_acf_changed":false,"_seopress_robots_primary_cat":"none","_seopress_titles_title":"","_seopress_titles_desc":"","_seopress_robots_index":"","colormag_page_container_layout":"default_layout","colormag_page_sidebar_layout":"default_layout","footnotes":""},"categories":[2],"tags":[],"class_list":["post-88640","post","type-post","status-publish","format-standard","has-post-thumbnail","hentry","category-convocatorias"],"acf":[],"_links":{"self":[{"href":"https:\/\/vocesparalelas.com.ar\/sitio\/wp-json\/wp\/v2\/posts\/88640","targetHints":{"allow":["GET"]}}],"collection":[{"href":"https:\/\/vocesparalelas.com.ar\/sitio\/wp-json\/wp\/v2\/posts"}],"about":[{"href":"https:\/\/vocesparalelas.com.ar\/sitio\/wp-json\/wp\/v2\/types\/post"}],"author":[{"embeddable":true,"href":"https:\/\/vocesparalelas.com.ar\/sitio\/wp-json\/wp\/v2\/users\/3"}],"replies":[{"embeddable":true,"href":"https:\/\/vocesparalelas.com.ar\/sitio\/wp-json\/wp\/v2\/comments?post=88640"}],"version-history":[{"count":1,"href":"https:\/\/vocesparalelas.com.ar\/sitio\/wp-json\/wp\/v2\/posts\/88640\/revisions"}],"predecessor-version":[{"id":88643,"href":"https:\/\/vocesparalelas.com.ar\/sitio\/wp-json\/wp\/v2\/posts\/88640\/revisions\/88643"}],"wp:featuredmedia":[{"embeddable":true,"href":"https:\/\/vocesparalelas.com.ar\/sitio\/wp-json\/wp\/v2\/media\/35535"}],"wp:attachment":[{"href":"https:\/\/vocesparalelas.com.ar\/sitio\/wp-json\/wp\/v2\/media?parent=88640"}],"wp:term":[{"taxonomy":"category","embeddable":true,"href":"https:\/\/vocesparalelas.com.ar\/sitio\/wp-json\/wp\/v2\/categories?post=88640"},{"taxonomy":"post_tag","embeddable":true,"href":"https:\/\/vocesparalelas.com.ar\/sitio\/wp-json\/wp\/v2\/tags?post=88640"}],"curies":[{"name":"wp","href":"https:\/\/api.w.org\/{rel}","templated":true}]}}