{"id":88635,"date":"2025-07-10T23:24:34","date_gmt":"2025-07-11T02:24:34","guid":{"rendered":"https:\/\/vocesparalelas.com.ar\/sitio\/?p=88635"},"modified":"2025-07-11T21:15:13","modified_gmt":"2025-07-12T00:15:13","slug":"el-vacunatorio-movil-solar-recorre-san-juan","status":"publish","type":"post","link":"https:\/\/vocesparalelas.com.ar\/sitio\/el-vacunatorio-movil-solar-recorre-san-juan\/","title":{"rendered":"El Vacunatorio M\u00f3vil Solar recorre San Juan"},"content":{"rendered":"<p>El Ministerio de Salud del Gobierno de San Juan incorpora un nuevo vacunatorio m\u00f3vil, impulsado por energ\u00eda solar, que garantiza el mantenimiento de la cadena de fr\u00edo en todo momento y permite ampliar la cobertura de vacunaci\u00f3n en la provincia de San Juan.<\/p>\n<p>En el marco del Plan de Modernizaci\u00f3n del Sistema Sanitario Provincial, el Ministerio de Salud, a cargo del Dr.\u00a0 Amilcar Dobladez, present\u00f3 el primer Vacunatorio M\u00f3vil Solar. La iniciativa se concreta a trav\u00e9s del Programa Provincial de Inmunizaciones, dependiente de la Divisi\u00f3n Epidemiolog\u00eda, del Departamento de Medicina Sanitaria y la Secretar\u00eda T\u00e9cnica.<\/p>\n<p>Esta nueva unidad cuenta con un sistema inteligente de autonom\u00eda energ\u00e9tica solar, que permite asegurar la conservaci\u00f3n de las vacunas bajo cualquier circunstancia y llegar a una mayor cantidad de personas.<\/p>\n<p><span style=\"color: #ff0000;\"><strong>Tecnolog\u00eda sustentable<\/strong><\/span><\/p>\n<p>El vacunatorio est\u00e1 equipado con un sistema fotovoltaico inteligente off-grid h\u00edbrido (Smart), compuesto por:<\/p>\n<p><strong><span style=\"color: #ff0000;\">Inversor h\u00edbrido<\/span><\/strong><\/p>\n<ul>\n<li>Bater\u00eda de litio 12V \u2013 100Ah<\/li>\n<li>Paneles solares monocristalinos bifaciales de 580W<\/li>\n<\/ul>\n<p><strong><span style=\"color: #ff0000;\">La unidad genera el doble de la energ\u00eda que necesita para su funcionamiento y dispone de dos fuentes de respaldo<\/span><\/strong><\/p>\n<ul>\n<li>Conexi\u00f3n a red el\u00e9ctrica (220V)<\/li>\n<li>Alternador del motor del veh\u00edculo<\/li>\n<\/ul>\n<p><strong><span style=\"color: #ff0000;\">Equipamiento interior<\/span><\/strong><\/p>\n<ul>\n<li>El interior de la unidad fue dise\u00f1ado para garantizar comodidad y eficiencia en la atenci\u00f3n, e incluye:<\/li>\n<li>Mesa de trabajo adaptable como camilla<\/li>\n<li>Butaca de vacunaci\u00f3n giratoria<\/li>\n<li>Mesa plegable para atenci\u00f3n de beb\u00e9s<\/li>\n<li>Doble sistema de lavamanos para agua limpia y agua sucia<\/li>\n<\/ul>\n<p><strong><span style=\"color: #ff0000;\">Climatizaci\u00f3n e iluminaci\u00f3n<\/span><\/strong><\/p>\n<ul>\n<li>El sistema de climatizaci\u00f3n combina aire acondicionado de techo (12V, 2.200 frigor\u00edas, bajo consumo) y una caldera a gasoil con control inteligente por voz, bluetooth y control remoto. Tambi\u00e9n posee un termostato digital, que permite mantener el confort t\u00e9rmico tanto en verano como en invierno.<\/li>\n<li>La iluminaci\u00f3n interna es 100% LED blanca, del mismo tipo que se utiliza en quir\u00f3fanos, garantizando m\u00e1xima visibilidad y eficiencia energ\u00e9tica.<\/li>\n<\/ul>\n<p><span style=\"color: #ff0000;\"><strong>Cronograma de recorridos<\/strong><\/span><\/p>\n<ul>\n<li>Paseando por el Carrascal, 11; 12; 13; 18; 19; 20; 25 y 26 de Julio,\u00a0 de 9 a 14 hs, Paseo Peatonal Maestro de Am\u00e9rica, Capital<\/li>\n<li>La Noche de las F\u00e1bricas \u2013 2.\u00aa edici\u00f3n, S\u00e1bado, 12 de Julio, de 17 a 00 hs.; en el Chalet Cantoni, Av. Libertador 3339 &#8211; O &#8211; Departamento Rivadavia<\/li>\n<li>Mi Primera Pesca, Domingo, 13 de Julio, de 14 a 17 hs. en el Dique Punta Negra (Ullum \u2013 Zonda)<\/li>\n<li>Viv\u00ed el Punta Negra, 13; 20 y 27 de Julio, de 12 a 18 hs, en Inmediaciones del Dique Punta Negra<\/li>\n<li>San Juan a la Mesa: edici\u00f3n Punta de Espalda, S\u00e1bado, 19 de Julio, de 11 a 17 hs.; en la Cervecer\u00eda El Omb\u00fa, Vidart 1043, Pocito<\/li>\n<li>Cuidemos la Quebrada \u2013 Plogging Familiar, S\u00e1bado, 19 de Julio, de 14 a 18 hs.; Quebrada de Zonda, Rivadavia<\/li>\n<li>Olivida, Jueves, 24 de Julio, de 14 a 18 hs.; Plaza del Bicentenario, Av. Jos\u00e9 Ignacio de la Roza Oeste, Capital<\/li>\n<li>Ra\u00edces San Juan, S\u00e1bado, 26 de Julio, de 12 a 18 hs; en el And\u00e9n de la Estaci\u00f3n San Mart\u00edn, Espa\u00f1a 336 Sur, Capital<\/li>\n<\/ul>\n<p><img loading=\"lazy\" decoding=\"async\" class=\"alignnone size-full wp-image-78348\" src=\"https:\/\/vocesparalelas.com.ar\/sitio\/wp-content\/uploads\/2024\/10\/VACUNACION-03.jpg\" alt=\"\" width=\"800\" height=\"534\" srcset=\"https:\/\/vocesparalelas.com.ar\/sitio\/wp-content\/uploads\/2024\/10\/VACUNACION-03.jpg 800w, https:\/\/vocesparalelas.com.ar\/sitio\/wp-content\/uploads\/2024\/10\/VACUNACION-03-300x200.jpg 300w, https:\/\/vocesparalelas.com.ar\/sitio\/wp-content\/uploads\/2024\/10\/VACUNACION-03-768x513.jpg 768w\" sizes=\"auto, (max-width: 800px) 100vw, 800px\" \/><\/p>\n<p>&nbsp;<\/p>\n","protected":false},"excerpt":{"rendered":"<p>El Ministerio de Salud del Gobierno de San Juan incorpora un nuevo vacunatorio m\u00f3vil, impulsado por energ\u00eda solar, que garantiza<\/p>\n","protected":false},"author":3,"featured_media":88638,"comment_status":"closed","ping_status":"closed","sticky":false,"template":"","format":"standard","meta":{"_acf_changed":false,"_seopress_robots_primary_cat":"none","_seopress_titles_title":"","_seopress_titles_desc":"","_seopress_robots_index":"","colormag_page_container_layout":"default_layout","colormag_page_sidebar_layout":"default_layout","footnotes":""},"categories":[6],"tags":[],"class_list":["post-88635","post","type-post","status-publish","format-standard","has-post-thumbnail","hentry","category-eventos"],"acf":[],"_links":{"self":[{"href":"https:\/\/vocesparalelas.com.ar\/sitio\/wp-json\/wp\/v2\/posts\/88635","targetHints":{"allow":["GET"]}}],"collection":[{"href":"https:\/\/vocesparalelas.com.ar\/sitio\/wp-json\/wp\/v2\/posts"}],"about":[{"href":"https:\/\/vocesparalelas.com.ar\/sitio\/wp-json\/wp\/v2\/types\/post"}],"author":[{"embeddable":true,"href":"https:\/\/vocesparalelas.com.ar\/sitio\/wp-json\/wp\/v2\/users\/3"}],"replies":[{"embeddable":true,"href":"https:\/\/vocesparalelas.com.ar\/sitio\/wp-json\/wp\/v2\/comments?post=88635"}],"version-history":[{"count":1,"href":"https:\/\/vocesparalelas.com.ar\/sitio\/wp-json\/wp\/v2\/posts\/88635\/revisions"}],"predecessor-version":[{"id":88639,"href":"https:\/\/vocesparalelas.com.ar\/sitio\/wp-json\/wp\/v2\/posts\/88635\/revisions\/88639"}],"wp:featuredmedia":[{"embeddable":true,"href":"https:\/\/vocesparalelas.com.ar\/sitio\/wp-json\/wp\/v2\/media\/88638"}],"wp:attachment":[{"href":"https:\/\/vocesparalelas.com.ar\/sitio\/wp-json\/wp\/v2\/media?parent=88635"}],"wp:term":[{"taxonomy":"category","embeddable":true,"href":"https:\/\/vocesparalelas.com.ar\/sitio\/wp-json\/wp\/v2\/categories?post=88635"},{"taxonomy":"post_tag","embeddable":true,"href":"https:\/\/vocesparalelas.com.ar\/sitio\/wp-json\/wp\/v2\/tags?post=88635"}],"curies":[{"name":"wp","href":"https:\/\/api.w.org\/{rel}","templated":true}]}}