{"id":88626,"date":"2025-07-10T22:53:06","date_gmt":"2025-07-11T01:53:06","guid":{"rendered":"https:\/\/vocesparalelas.com.ar\/sitio\/?p=88626"},"modified":"2025-07-11T20:39:02","modified_gmt":"2025-07-11T23:39:02","slug":"un-poyo-rojo-en-la-sala-auditorium-del-tb-de-san-juan","status":"publish","type":"post","link":"https:\/\/vocesparalelas.com.ar\/sitio\/un-poyo-rojo-en-la-sala-auditorium-del-tb-de-san-juan\/","title":{"rendered":"\u00abUn Poyo Rojo\u00bb en la Sala Audit\u00f3rium del TB de San Juan"},"content":{"rendered":"<p>El Domingo, 13 de Julio, a las 20 hs.; en la Sala Audit\u00f3rium del TB, se puede disfrutar una propuesta esc\u00e9nica original, provocadora y profundamente f\u00edsica. Con m\u00e1s de quince a\u00f1os de funciones ininterrumpidas en los escenarios m\u00e1s destacados de Am\u00e9rica y Europa, Un Poyo Rojo llegar\u00e1 a San Juan con una \u00fanica presentaci\u00f3n imperdible.<\/p>\n<p>El espect\u00e1culo apto para mayores de 12 a\u00f1os cuenta con la interpretaci\u00f3n de Luciano Rosso y Alfonso Bar\u00f3n, bajo la direcci\u00f3n de Hermes Gaido. Un Poyo Rojo cruza danza, acrobacia, teatro f\u00edsico y humor en una experiencia perform\u00e1tica que desborda energ\u00eda y creatividad. A trav\u00e9s del cuerpo y el movimiento, la obra explora v\u00ednculos, deseos, tensiones y complicidades en una puesta en escena tan l\u00fadica como intensa.<\/p>\n<p>Con funciones en Par\u00eds, Madrid, Bruselas, Berl\u00edn, Avignon, Montreal y Buenos Aires, entre otras grandes ciudades, la multipremiada obra es considerada como una de las m\u00e1s singulares y celebradas del teatro f\u00edsico contempor\u00e1neo.<\/p>\n<p>Un Poyo Rojo subir\u00e1 al escenario de la Sala Audit\u00f3rium del TB a las 20. Las entradas tienen un valor general de $30.000 y pueden adquirirse en\u00a0<a href=\"https:\/\/www.tuentrada.com\/eventos\/0HuhPDiQIPdG0ET9MQ+9LDUAhtd2SI8inu9x8reeRs1ovs69Ia0n9Ghl69C2pN-m9zbXlS6JYes-fBG9b94cBg==\" target=\"_blank\" rel=\"noopener noreferrer\">TuEntrada.com<\/a>\u00a0y en\u00a0boleter\u00eda del Teatro. Se aplican\u00a0descuentos exclusivos\u00a0del 20% para las primeras 30 compras a trav\u00e9s de Ticket Ya, y para jubilados exclusivamente por boleter\u00eda.<\/p>\n<p>&nbsp;<\/p>\n<p><img loading=\"lazy\" decoding=\"async\" class=\"alignnone size-large wp-image-21666\" src=\"https:\/\/vocesparalelas.com.ar\/sitio\/wp-content\/uploads\/2019\/06\/TEATRO-BICENTENARIO-10-800x600.jpg\" alt=\"\" width=\"800\" height=\"600\" srcset=\"https:\/\/vocesparalelas.com.ar\/sitio\/wp-content\/uploads\/2019\/06\/TEATRO-BICENTENARIO-10-800x600.jpg 800w, https:\/\/vocesparalelas.com.ar\/sitio\/wp-content\/uploads\/2019\/06\/TEATRO-BICENTENARIO-10-300x225.jpg 300w, https:\/\/vocesparalelas.com.ar\/sitio\/wp-content\/uploads\/2019\/06\/TEATRO-BICENTENARIO-10-768x576.jpg 768w, https:\/\/vocesparalelas.com.ar\/sitio\/wp-content\/uploads\/2019\/06\/TEATRO-BICENTENARIO-10.jpg 1000w\" sizes=\"auto, (max-width: 800px) 100vw, 800px\" \/><\/p>\n","protected":false},"excerpt":{"rendered":"<p>El Domingo, 13 de Julio, a las 20 hs.; en la Sala Audit\u00f3rium del TB, se puede disfrutar una propuesta<\/p>\n","protected":false},"author":3,"featured_media":88629,"comment_status":"closed","ping_status":"closed","sticky":false,"template":"","format":"standard","meta":{"_acf_changed":false,"_seopress_robots_primary_cat":"none","_seopress_titles_title":"","_seopress_titles_desc":"","_seopress_robots_index":"","colormag_page_container_layout":"default_layout","colormag_page_sidebar_layout":"default_layout","footnotes":""},"categories":[20],"tags":[],"class_list":["post-88626","post","type-post","status-publish","format-standard","has-post-thumbnail","hentry","category-cartelera"],"acf":[],"_links":{"self":[{"href":"https:\/\/vocesparalelas.com.ar\/sitio\/wp-json\/wp\/v2\/posts\/88626","targetHints":{"allow":["GET"]}}],"collection":[{"href":"https:\/\/vocesparalelas.com.ar\/sitio\/wp-json\/wp\/v2\/posts"}],"about":[{"href":"https:\/\/vocesparalelas.com.ar\/sitio\/wp-json\/wp\/v2\/types\/post"}],"author":[{"embeddable":true,"href":"https:\/\/vocesparalelas.com.ar\/sitio\/wp-json\/wp\/v2\/users\/3"}],"replies":[{"embeddable":true,"href":"https:\/\/vocesparalelas.com.ar\/sitio\/wp-json\/wp\/v2\/comments?post=88626"}],"version-history":[{"count":1,"href":"https:\/\/vocesparalelas.com.ar\/sitio\/wp-json\/wp\/v2\/posts\/88626\/revisions"}],"predecessor-version":[{"id":88630,"href":"https:\/\/vocesparalelas.com.ar\/sitio\/wp-json\/wp\/v2\/posts\/88626\/revisions\/88630"}],"wp:featuredmedia":[{"embeddable":true,"href":"https:\/\/vocesparalelas.com.ar\/sitio\/wp-json\/wp\/v2\/media\/88629"}],"wp:attachment":[{"href":"https:\/\/vocesparalelas.com.ar\/sitio\/wp-json\/wp\/v2\/media?parent=88626"}],"wp:term":[{"taxonomy":"category","embeddable":true,"href":"https:\/\/vocesparalelas.com.ar\/sitio\/wp-json\/wp\/v2\/categories?post=88626"},{"taxonomy":"post_tag","embeddable":true,"href":"https:\/\/vocesparalelas.com.ar\/sitio\/wp-json\/wp\/v2\/tags?post=88626"}],"curies":[{"name":"wp","href":"https:\/\/api.w.org\/{rel}","templated":true}]}}