{"id":88621,"date":"2025-07-10T22:39:12","date_gmt":"2025-07-11T01:39:12","guid":{"rendered":"https:\/\/vocesparalelas.com.ar\/sitio\/?p=88621"},"modified":"2025-07-11T21:16:11","modified_gmt":"2025-07-12T00:16:11","slug":"disfruta-las-actividades-en-las-vacaciones-de-invierno-2025-en-san-juan","status":"publish","type":"post","link":"https:\/\/vocesparalelas.com.ar\/sitio\/disfruta-las-actividades-en-las-vacaciones-de-invierno-2025-en-san-juan\/","title":{"rendered":"Disfruta las actividades en las Vacaciones de Invierno 2025 en San Juan"},"content":{"rendered":"<p>Del 10 al 13 de Julio de 2025, el Ministerio de Turismo, Cultura y Deporte del Gobierno de San Juan invita a la comunidad interesada\u00a0 a disfrutar de una variada agenda de actividades recreativas, culturales y tur\u00edsticas para la familia, en el marco de las vacaciones de invierno 2025.<\/p>\n<p>Las propuestas se desarrollan en distintos puntos de la provincia y combinan naturaleza, arte, historia y entretenimiento.<\/p>\n<p>Adem\u00e1s, el trabajo en conjunto entre el Gobierno de San Juan, municipalidades y prestadores tur\u00edsticos, cada departamento cuenta con su propia agenda de actividades.<\/p>\n<p>Para conocer los eventos, lugares, horarios y reservas, se puede consultar la gu\u00eda de actividades de invierno 2025 en <a href=\"http:\/\/www.sanjuan.tur.ar\/\">www.sanjuan.tur.ar<\/a>.<\/p>\n<p>&nbsp;<\/p>\n<p><img loading=\"lazy\" decoding=\"async\" class=\"alignnone size-large wp-image-77198\" src=\"https:\/\/vocesparalelas.com.ar\/sitio\/wp-content\/uploads\/2024\/09\/PUNTA-NEGRA-MEJORAS-01-800x450.jpg\" alt=\"\" width=\"800\" height=\"450\" srcset=\"https:\/\/vocesparalelas.com.ar\/sitio\/wp-content\/uploads\/2024\/09\/PUNTA-NEGRA-MEJORAS-01-800x450.jpg 800w, https:\/\/vocesparalelas.com.ar\/sitio\/wp-content\/uploads\/2024\/09\/PUNTA-NEGRA-MEJORAS-01-300x169.jpg 300w, https:\/\/vocesparalelas.com.ar\/sitio\/wp-content\/uploads\/2024\/09\/PUNTA-NEGRA-MEJORAS-01-768x432.jpg 768w, https:\/\/vocesparalelas.com.ar\/sitio\/wp-content\/uploads\/2024\/09\/PUNTA-NEGRA-MEJORAS-01.jpg 1024w\" sizes=\"auto, (max-width: 800px) 100vw, 800px\" \/><br \/>\nPara este primer fin de semana entre las actividades destacadas, los turistas pueden vivir la experiencia del Dique Punta Negra, a trav\u00e9s de \u201cSan Juan en Movimiento\u201d que ofrece trekking, juegos y paseos en catamar\u00e1n. La propuesta es este 10 al 13 de julio, de 14 a 17. La actividad es gratuita, pero requiere inscripci\u00f3n previa en el lugar. En tanto, el domingo 13 se suma feria de artesanos, m\u00fasica en vivo y gastronom\u00eda local en la propuesta Viv\u00ed Punta Negra, de 12 a 18, con entrada libre y gratuita.<\/p>\n<p><img loading=\"lazy\" decoding=\"async\" class=\"alignnone size-full wp-image-83173\" src=\"https:\/\/vocesparalelas.com.ar\/sitio\/wp-content\/uploads\/2025\/02\/CASA-SARMIENTO-ESTATUA-01.jpg\" alt=\"\" width=\"800\" height=\"533\" srcset=\"https:\/\/vocesparalelas.com.ar\/sitio\/wp-content\/uploads\/2025\/02\/CASA-SARMIENTO-ESTATUA-01.jpg 800w, https:\/\/vocesparalelas.com.ar\/sitio\/wp-content\/uploads\/2025\/02\/CASA-SARMIENTO-ESTATUA-01-300x200.jpg 300w, https:\/\/vocesparalelas.com.ar\/sitio\/wp-content\/uploads\/2025\/02\/CASA-SARMIENTO-ESTATUA-01-768x512.jpg 768w\" sizes=\"auto, (max-width: 800px) 100vw, 800px\" \/><\/p>\n<p>El Paseo Peatonal Maestro de Am\u00e9rica ser\u00e1 uno de los puntos de encuentro para disfrutar el receso invernal. All\u00ed, sanjuaninos y turistas podr\u00e1n sumarse a \u201cPaseando por el Carrascal\u201d. La actividad es libre y gratuita el 9; 11;12 y 13, de 10 a 14 hs. En tanto, el 11 y 12 de Julio, a las 12 hs, se presenta una intervenci\u00f3n art\u00edstica con la figura de Domingo Faustino Sarmiento, quien cuenta a los presentes parte de su historia y su legado en un formato l\u00fadico y educativo, pensado para la familia.<\/p>\n<p><img loading=\"lazy\" decoding=\"async\" class=\"alignnone size-large wp-image-2951\" src=\"https:\/\/vocesparalelas.com.ar\/sitio\/wp-content\/uploads\/2017\/07\/ISCHIGUALASTO-800x531.jpg\" alt=\"\" width=\"800\" height=\"531\" srcset=\"https:\/\/vocesparalelas.com.ar\/sitio\/wp-content\/uploads\/2017\/07\/ISCHIGUALASTO-800x531.jpg 800w, https:\/\/vocesparalelas.com.ar\/sitio\/wp-content\/uploads\/2017\/07\/ISCHIGUALASTO-300x199.jpg 300w, https:\/\/vocesparalelas.com.ar\/sitio\/wp-content\/uploads\/2017\/07\/ISCHIGUALASTO-768x510.jpg 768w, https:\/\/vocesparalelas.com.ar\/sitio\/wp-content\/uploads\/2017\/07\/ISCHIGUALASTO.jpg 1024w\" sizes=\"auto, (max-width: 800px) 100vw, 800px\" \/><\/p>\n<p>Adem\u00e1s, contin\u00faa la experiencia de Luna Llena en Ischigualasto, una oportunidad imperdible para recorrer el Parque Provincial bajo el cielo estrellado. La propuesta est\u00e1 disponible hasta el 11 de Julio. Para m\u00e1s informaci\u00f3n ingresar a: <a href=\"http:\/\/www.ischigualasto.gob.ar\/\">www.ischigualasto.gob.ar<\/a><\/p>\n<p><img loading=\"lazy\" decoding=\"async\" class=\"alignnone size-full wp-image-69557\" src=\"https:\/\/vocesparalelas.com.ar\/sitio\/wp-content\/uploads\/2024\/02\/YOGA-NOCHE.jpg\" alt=\"\" width=\"800\" height=\"533\" srcset=\"https:\/\/vocesparalelas.com.ar\/sitio\/wp-content\/uploads\/2024\/02\/YOGA-NOCHE.jpg 800w, https:\/\/vocesparalelas.com.ar\/sitio\/wp-content\/uploads\/2024\/02\/YOGA-NOCHE-300x200.jpg 300w, https:\/\/vocesparalelas.com.ar\/sitio\/wp-content\/uploads\/2024\/02\/YOGA-NOCHE-768x512.jpg 768w\" sizes=\"auto, (max-width: 800px) 100vw, 800px\" \/><br \/>\nPara quienes buscan actividades de bienestar, se destacan sesiones de yoga entre vi\u00f1edos y olivares, cuencos tibetanos y degustaciones en Vi\u00f1as de Segisa (Pocito) y Campos de Olivos (Rivadavia), los d\u00edas 11 y 12 de julio.<\/p>\n<p><img loading=\"lazy\" decoding=\"async\" class=\"alignnone size-large wp-image-21987\" src=\"https:\/\/vocesparalelas.com.ar\/sitio\/wp-content\/uploads\/2019\/06\/OLIVOS-ACEITUNAS-800x534.jpg\" alt=\"\" width=\"800\" height=\"534\" srcset=\"https:\/\/vocesparalelas.com.ar\/sitio\/wp-content\/uploads\/2019\/06\/OLIVOS-ACEITUNAS-800x534.jpg 800w, https:\/\/vocesparalelas.com.ar\/sitio\/wp-content\/uploads\/2019\/06\/OLIVOS-ACEITUNAS-300x200.jpg 300w, https:\/\/vocesparalelas.com.ar\/sitio\/wp-content\/uploads\/2019\/06\/OLIVOS-ACEITUNAS-768x512.jpg 768w, https:\/\/vocesparalelas.com.ar\/sitio\/wp-content\/uploads\/2019\/06\/OLIVOS-ACEITUNAS.jpg 1000w\" sizes=\"auto, (max-width: 800px) 100vw, 800px\" \/><br \/>\nDepartamento Albard\u00f3n, el 11 de julio se desarrolla Ilusi\u00f3n en la Granja, una propuesta para toda la familia con actividades interactivas en la Granja T\u00eda Nora. Desde las 15, las reservas pueden hacerse al 264436539.<\/p>\n<figure id=\"attachment_46297\" aria-describedby=\"caption-attachment-46297\" style=\"width: 782px\" class=\"wp-caption alignnone\"><img loading=\"lazy\" decoding=\"async\" class=\"size-full wp-image-46297\" src=\"https:\/\/vocesparalelas.com.ar\/sitio\/wp-content\/uploads\/2022\/02\/CHALET-CANTONI.jpg\" alt=\"\" width=\"782\" height=\"440\" srcset=\"https:\/\/vocesparalelas.com.ar\/sitio\/wp-content\/uploads\/2022\/02\/CHALET-CANTONI.jpg 782w, https:\/\/vocesparalelas.com.ar\/sitio\/wp-content\/uploads\/2022\/02\/CHALET-CANTONI-300x169.jpg 300w, https:\/\/vocesparalelas.com.ar\/sitio\/wp-content\/uploads\/2022\/02\/CHALET-CANTONI-768x432.jpg 768w\" sizes=\"auto, (max-width: 782px) 100vw, 782px\" \/><figcaption id=\"caption-attachment-46297\" class=\"wp-caption-text\">Chalet Cantoni, Departamento Rivadavia, Provincia San Juan, Rep\u00fablica Argentita<\/figcaption><\/figure>\n<p>El s\u00e1bado 12 de julio, de 17 a 00, se llevar\u00e1 a cabo la segunda edici\u00f3n de La Noche de las F\u00e1bricas en el Chalet Cantoni. Esta propuesta cultural celebra la producci\u00f3n local de cerveza artesanal en sus distintas variedades, combinando lo mejor de la m\u00fasica en vivo y la gastronom\u00eda regional en una noche pensada para disfrutar con todos los sentidos.<\/p>\n<p><img loading=\"lazy\" decoding=\"async\" class=\"alignnone size-full wp-image-55744\" src=\"https:\/\/vocesparalelas.com.ar\/sitio\/wp-content\/uploads\/2023\/01\/PARQUE-BIODIVERSIDAD.jpg\" alt=\"\" width=\"800\" height=\"451\" srcset=\"https:\/\/vocesparalelas.com.ar\/sitio\/wp-content\/uploads\/2023\/01\/PARQUE-BIODIVERSIDAD.jpg 800w, https:\/\/vocesparalelas.com.ar\/sitio\/wp-content\/uploads\/2023\/01\/PARQUE-BIODIVERSIDAD-300x169.jpg 300w, https:\/\/vocesparalelas.com.ar\/sitio\/wp-content\/uploads\/2023\/01\/PARQUE-BIODIVERSIDAD-768x433.jpg 768w\" sizes=\"auto, (max-width: 800px) 100vw, 800px\" \/><br \/>\nEl mismo d\u00eda, el Parque de la Biodiversidad en Rivadavia ser\u00e1 escenario del Paleoturismo Educativo, una propuesta gratuita pensada para que los m\u00e1s chicos vivan la experiencia de ser paleont\u00f3logos por un d\u00eda. En contacto con la naturaleza, podr\u00e1n explorar, aprender y divertirse en dos turnos disponibles: de 10 a 12 y de 15 a 17. La actividad requiere inscripci\u00f3n previa a trav\u00e9s del enlace:\u00a0<a href=\"https:\/\/bit.ly\/PALEOTURISMO\">https:\/\/bit.ly\/PALEOTURISMO<\/a>.<\/p>\n<p><img loading=\"lazy\" decoding=\"async\" class=\"alignnone size-large wp-image-10258\" src=\"https:\/\/vocesparalelas.com.ar\/sitio\/wp-content\/uploads\/2018\/02\/FNS-DIFUNTA-03-800x534.jpg\" alt=\"\" width=\"800\" height=\"534\" srcset=\"https:\/\/vocesparalelas.com.ar\/sitio\/wp-content\/uploads\/2018\/02\/FNS-DIFUNTA-03-800x534.jpg 800w, https:\/\/vocesparalelas.com.ar\/sitio\/wp-content\/uploads\/2018\/02\/FNS-DIFUNTA-03-300x200.jpg 300w, https:\/\/vocesparalelas.com.ar\/sitio\/wp-content\/uploads\/2018\/02\/FNS-DIFUNTA-03-768x512.jpg 768w, https:\/\/vocesparalelas.com.ar\/sitio\/wp-content\/uploads\/2018\/02\/FNS-DIFUNTA-03.jpg 1000w\" sizes=\"auto, (max-width: 800px) 100vw, 800px\" \/><br \/>\nY para los m\u00e1s chicos, el 13 de julio llega Siestitas de Leyendas Sanjuaninas, en la plaza del Paraje Difunta Correa, con cuentos y relatos para redescubrir la magia del folclore local. La actividad es de 14 a 16.<\/p>\n<figure id=\"attachment_61468\" aria-describedby=\"caption-attachment-61468\" style=\"width: 800px\" class=\"wp-caption alignnone\"><img loading=\"lazy\" decoding=\"async\" class=\"size-full wp-image-61468\" src=\"https:\/\/vocesparalelas.com.ar\/sitio\/wp-content\/uploads\/2023\/07\/AUDITORIO-EDIFICIO.jpg\" alt=\"\" width=\"800\" height=\"533\" srcset=\"https:\/\/vocesparalelas.com.ar\/sitio\/wp-content\/uploads\/2023\/07\/AUDITORIO-EDIFICIO.jpg 800w, https:\/\/vocesparalelas.com.ar\/sitio\/wp-content\/uploads\/2023\/07\/AUDITORIO-EDIFICIO-300x200.jpg 300w, https:\/\/vocesparalelas.com.ar\/sitio\/wp-content\/uploads\/2023\/07\/AUDITORIO-EDIFICIO-768x512.jpg 768w\" sizes=\"auto, (max-width: 800px) 100vw, 800px\" \/><figcaption id=\"caption-attachment-61468\" class=\"wp-caption-text\">Auditorio Ing. Juan Victoria, Departamento Capital, Provincia San Juan, Rep\u00fablica Argentita<\/figcaption><\/figure>\n<p>La oferta cultural tambi\u00e9n est\u00e1 a pleno, en el Auditorio Juan Victoria, el jueves 10 se presentar\u00e1 la Orquesta Escuela, a las 20, con entrada libre y gratuita, mientras que el viernes 11 se rendir\u00e1 homenaje a An\u00edbal Troilo con la Orquesta T\u00edpica San Juan, 21:30. El s\u00e1bado 12, Leo Sujatovich y la Generaci\u00f3n Diamante ofrecer\u00e1n un recorrido musical por la obra de Luis Alberto Spinetta a las 21. La entrada tiene un costo de entrada $7000. Adem\u00e1s, el domingo 13, de 16 a 21, habr\u00e1 una feria de emprendedores y artesanos en los jardines del Auditorio, con entrada libre y gratuita.<\/p>\n<p>&nbsp;<\/p>\n<p><img loading=\"lazy\" decoding=\"async\" class=\"alignnone size-large wp-image-21666\" src=\"https:\/\/vocesparalelas.com.ar\/sitio\/wp-content\/uploads\/2019\/06\/TEATRO-BICENTENARIO-10-800x600.jpg\" alt=\"\" width=\"800\" height=\"600\" srcset=\"https:\/\/vocesparalelas.com.ar\/sitio\/wp-content\/uploads\/2019\/06\/TEATRO-BICENTENARIO-10-800x600.jpg 800w, https:\/\/vocesparalelas.com.ar\/sitio\/wp-content\/uploads\/2019\/06\/TEATRO-BICENTENARIO-10-300x225.jpg 300w, https:\/\/vocesparalelas.com.ar\/sitio\/wp-content\/uploads\/2019\/06\/TEATRO-BICENTENARIO-10-768x576.jpg 768w, https:\/\/vocesparalelas.com.ar\/sitio\/wp-content\/uploads\/2019\/06\/TEATRO-BICENTENARIO-10.jpg 1000w\" sizes=\"auto, (max-width: 800px) 100vw, 800px\" \/><br \/>\nEn el Teatro del Bicentenario, tres destacadas funciones completan el fin de semana: \u201cDeolinda, el musical de la Difunta Correa\u201d; viernes 11, a las 20:30; \u201cLa casa de las hermanas sulfurosas\u201d; s\u00e1bado 12, a las 18:30; \u201cUn Poyo Rojo\u201d; domingo 13, a las 20.Las entradas para cada espect\u00e1culo pueden adquirirse en boleter\u00eda o a trav\u00e9s de TuEntrada.com, con descuentos especiales.<\/p>\n<p>&nbsp;<\/p>\n<p><img loading=\"lazy\" decoding=\"async\" class=\"alignnone size-full wp-image-86392\" src=\"https:\/\/vocesparalelas.com.ar\/sitio\/wp-content\/uploads\/2025\/05\/TEATRO-SARMIENTO-FRENTE-01.jpg\" alt=\"\" width=\"800\" height=\"465\" srcset=\"https:\/\/vocesparalelas.com.ar\/sitio\/wp-content\/uploads\/2025\/05\/TEATRO-SARMIENTO-FRENTE-01.jpg 800w, https:\/\/vocesparalelas.com.ar\/sitio\/wp-content\/uploads\/2025\/05\/TEATRO-SARMIENTO-FRENTE-01-300x174.jpg 300w, https:\/\/vocesparalelas.com.ar\/sitio\/wp-content\/uploads\/2025\/05\/TEATRO-SARMIENTO-FRENTE-01-768x446.jpg 768w\" sizes=\"auto, (max-width: 800px) 100vw, 800px\" \/><br \/>\nEl Teatro Sarmiento tambi\u00e9n ser\u00e1 escenario de grandes propuestas. El s\u00e1bado 12 se presentar\u00e1 \u201cP\u00e1ez\u201d, un homenaje a Fito P\u00e1ez, a cargo de Ale Segovia y Lucio Flores. y el domingo 13 ser\u00e1 el turno de Emanero, con su Tour 2025.<\/p>\n<p>&nbsp;<\/p>\n<p><img loading=\"lazy\" decoding=\"async\" class=\"alignnone size-large wp-image-22173\" src=\"https:\/\/vocesparalelas.com.ar\/sitio\/wp-content\/uploads\/2019\/07\/museo-fr-800x531.jpg\" alt=\"\" width=\"800\" height=\"531\" srcset=\"https:\/\/vocesparalelas.com.ar\/sitio\/wp-content\/uploads\/2019\/07\/museo-fr-800x531.jpg 800w, https:\/\/vocesparalelas.com.ar\/sitio\/wp-content\/uploads\/2019\/07\/museo-fr-300x199.jpg 300w, https:\/\/vocesparalelas.com.ar\/sitio\/wp-content\/uploads\/2019\/07\/museo-fr-768x510.jpg 768w, https:\/\/vocesparalelas.com.ar\/sitio\/wp-content\/uploads\/2019\/07\/museo-fr.jpg 1000w\" sizes=\"auto, (max-width: 800px) 100vw, 800px\" \/><br \/>\nDurante todo el receso, el Museo Provincial de Bellas Artes Franklin Rawson exhibe una muestra de trajes t\u00edpicos de etnias chinas, abierta hasta el 24 de Julio con entrada libre.<\/p>\n<p><img loading=\"lazy\" decoding=\"async\" class=\"alignnone size-full wp-image-70815\" src=\"https:\/\/vocesparalelas.com.ar\/sitio\/wp-content\/uploads\/2024\/03\/TEATRO-TeS-01.jpg\" alt=\"\" width=\"800\" height=\"600\" srcset=\"https:\/\/vocesparalelas.com.ar\/sitio\/wp-content\/uploads\/2024\/03\/TEATRO-TeS-01.jpg 800w, https:\/\/vocesparalelas.com.ar\/sitio\/wp-content\/uploads\/2024\/03\/TEATRO-TeS-01-300x225.jpg 300w, https:\/\/vocesparalelas.com.ar\/sitio\/wp-content\/uploads\/2024\/03\/TEATRO-TeS-01-768x576.jpg 768w\" sizes=\"auto, (max-width: 800px) 100vw, 800px\" \/><\/p>\n<p>En tanto, el Festival Internacional de T\u00edteres y Teatro DivertiTeS se desarrolla del 6 al 20 de julio en el Espacio T\u00edteres en Serio.<\/p>\n<p><img loading=\"lazy\" decoding=\"async\" class=\"alignnone size-full wp-image-31535\" src=\"https:\/\/vocesparalelas.com.ar\/sitio\/wp-content\/uploads\/2020\/10\/FERRO-URBANISTICO.jpg\" alt=\"\" width=\"800\" height=\"450\" srcset=\"https:\/\/vocesparalelas.com.ar\/sitio\/wp-content\/uploads\/2020\/10\/FERRO-URBANISTICO.jpg 800w, https:\/\/vocesparalelas.com.ar\/sitio\/wp-content\/uploads\/2020\/10\/FERRO-URBANISTICO-300x169.jpg 300w, https:\/\/vocesparalelas.com.ar\/sitio\/wp-content\/uploads\/2020\/10\/FERRO-URBANISTICO-768x432.jpg 768w\" sizes=\"auto, (max-width: 800px) 100vw, 800px\" \/><br \/>\nTambi\u00e9n, del 11 al 20 de julio, de 14 a 19 horas, en la explanada y sala de Espacios Compartidos (exFerro Urban\u00edstico), se desarrolla \u201cBarrio Cultural\u201d, un evento con entrada libre y gratuita que reunir\u00e1 actividades art\u00edsticas, cine infantil, shows en vivo, m\u00fasica, danza y una feria de emprendedores y artesanos.<\/p>\n<p>&nbsp;<\/p>\n<p><img loading=\"lazy\" decoding=\"async\" class=\"alignnone size-large wp-image-1815\" src=\"https:\/\/vocesparalelas.com.ar\/sitio\/wp-content\/uploads\/2017\/06\/SAN-JUAN-CIUDAD-01-7-800x531.jpg\" alt=\"\" width=\"800\" height=\"531\" srcset=\"https:\/\/vocesparalelas.com.ar\/sitio\/wp-content\/uploads\/2017\/06\/SAN-JUAN-CIUDAD-01-7.jpg 800w, https:\/\/vocesparalelas.com.ar\/sitio\/wp-content\/uploads\/2017\/06\/SAN-JUAN-CIUDAD-01-7-300x199.jpg 300w, https:\/\/vocesparalelas.com.ar\/sitio\/wp-content\/uploads\/2017\/06\/SAN-JUAN-CIUDAD-01-7-768x510.jpg 768w\" sizes=\"auto, (max-width: 800px) 100vw, 800px\" \/><\/p>\n","protected":false},"excerpt":{"rendered":"<p>Del 10 al 13 de Julio de 2025, el Ministerio de Turismo, Cultura y Deporte del Gobierno de San Juan<\/p>\n","protected":false},"author":3,"featured_media":88624,"comment_status":"closed","ping_status":"closed","sticky":false,"template":"","format":"standard","meta":{"_acf_changed":false,"_seopress_robots_primary_cat":"none","_seopress_titles_title":"","_seopress_titles_desc":"","_seopress_robots_index":"","colormag_page_container_layout":"default_layout","colormag_page_sidebar_layout":"default_layout","footnotes":""},"categories":[6],"tags":[],"class_list":["post-88621","post","type-post","status-publish","format-standard","has-post-thumbnail","hentry","category-eventos"],"acf":[],"_links":{"self":[{"href":"https:\/\/vocesparalelas.com.ar\/sitio\/wp-json\/wp\/v2\/posts\/88621","targetHints":{"allow":["GET"]}}],"collection":[{"href":"https:\/\/vocesparalelas.com.ar\/sitio\/wp-json\/wp\/v2\/posts"}],"about":[{"href":"https:\/\/vocesparalelas.com.ar\/sitio\/wp-json\/wp\/v2\/types\/post"}],"author":[{"embeddable":true,"href":"https:\/\/vocesparalelas.com.ar\/sitio\/wp-json\/wp\/v2\/users\/3"}],"replies":[{"embeddable":true,"href":"https:\/\/vocesparalelas.com.ar\/sitio\/wp-json\/wp\/v2\/comments?post=88621"}],"version-history":[{"count":1,"href":"https:\/\/vocesparalelas.com.ar\/sitio\/wp-json\/wp\/v2\/posts\/88621\/revisions"}],"predecessor-version":[{"id":88625,"href":"https:\/\/vocesparalelas.com.ar\/sitio\/wp-json\/wp\/v2\/posts\/88621\/revisions\/88625"}],"wp:featuredmedia":[{"embeddable":true,"href":"https:\/\/vocesparalelas.com.ar\/sitio\/wp-json\/wp\/v2\/media\/88624"}],"wp:attachment":[{"href":"https:\/\/vocesparalelas.com.ar\/sitio\/wp-json\/wp\/v2\/media?parent=88621"}],"wp:term":[{"taxonomy":"category","embeddable":true,"href":"https:\/\/vocesparalelas.com.ar\/sitio\/wp-json\/wp\/v2\/categories?post=88621"},{"taxonomy":"post_tag","embeddable":true,"href":"https:\/\/vocesparalelas.com.ar\/sitio\/wp-json\/wp\/v2\/tags?post=88621"}],"curies":[{"name":"wp","href":"https:\/\/api.w.org\/{rel}","templated":true}]}}