{"id":88610,"date":"2025-07-10T21:35:37","date_gmt":"2025-07-11T00:35:37","guid":{"rendered":"https:\/\/vocesparalelas.com.ar\/sitio\/?p=88610"},"modified":"2025-07-11T20:38:23","modified_gmt":"2025-07-11T23:38:23","slug":"feria-agroproductiva-en-san-juan-14","status":"publish","type":"post","link":"https:\/\/vocesparalelas.com.ar\/sitio\/feria-agroproductiva-en-san-juan-14\/","title":{"rendered":"Feria Agroproductiva en San Juan"},"content":{"rendered":"<p>La Direcci\u00f3n de Desarrollo Agropecuario del Ministerio Producci\u00f3n, Trabajo e Innovaci\u00f3n del Gobierno de San Juan invita a la comunidad el Viernes, 11 de Julio, de 10 a 13 hs.; en la Plaza Seca del Centro C\u00edvico a disfrutar y a provechar los productos de la Feria Agroproductiva, donde los protagonistas son m\u00e1s de 90 emprendedores locales que ofrecen una amplia variedad de productos frescos y elaborados.<\/p>\n<p>Quienes concurran pueden encontrar desde verduras frescas de cosecha local, huevos, miel y frutos secos, panificaci\u00f3n artesanal y dulces caseros y hasta conservas y productos gourmet.<\/p>\n<p>A las 11 hs.; entregan los carnets a los feriantes que aprobaron la capacitaci\u00f3n obligatoria dictada en Junio de 2025. Este documento es indispensable para garantizar la inocuidad de los alimentos y la calidad de los productos ofrecidos.<\/p>\n<p><img loading=\"lazy\" decoding=\"async\" class=\"alignnone size-full wp-image-65642\" src=\"https:\/\/vocesparalelas.com.ar\/sitio\/wp-content\/uploads\/2023\/11\/GOBIERNO-SAN-JUAN.jpg\" alt=\"\" width=\"800\" height=\"600\" srcset=\"https:\/\/vocesparalelas.com.ar\/sitio\/wp-content\/uploads\/2023\/11\/GOBIERNO-SAN-JUAN.jpg 800w, https:\/\/vocesparalelas.com.ar\/sitio\/wp-content\/uploads\/2023\/11\/GOBIERNO-SAN-JUAN-300x225.jpg 300w, https:\/\/vocesparalelas.com.ar\/sitio\/wp-content\/uploads\/2023\/11\/GOBIERNO-SAN-JUAN-768x576.jpg 768w\" sizes=\"auto, (max-width: 800px) 100vw, 800px\" \/><\/p>\n<p>&nbsp;<\/p>\n","protected":false},"excerpt":{"rendered":"<p>La Direcci\u00f3n de Desarrollo Agropecuario del Ministerio Producci\u00f3n, Trabajo e Innovaci\u00f3n del Gobierno de San Juan invita a la comunidad<\/p>\n","protected":false},"author":3,"featured_media":71556,"comment_status":"closed","ping_status":"closed","sticky":false,"template":"","format":"standard","meta":{"_acf_changed":false,"_seopress_robots_primary_cat":"none","_seopress_titles_title":"","_seopress_titles_desc":"","_seopress_robots_index":"","colormag_page_container_layout":"default_layout","colormag_page_sidebar_layout":"default_layout","footnotes":""},"categories":[6],"tags":[],"class_list":["post-88610","post","type-post","status-publish","format-standard","has-post-thumbnail","hentry","category-eventos"],"acf":[],"_links":{"self":[{"href":"https:\/\/vocesparalelas.com.ar\/sitio\/wp-json\/wp\/v2\/posts\/88610","targetHints":{"allow":["GET"]}}],"collection":[{"href":"https:\/\/vocesparalelas.com.ar\/sitio\/wp-json\/wp\/v2\/posts"}],"about":[{"href":"https:\/\/vocesparalelas.com.ar\/sitio\/wp-json\/wp\/v2\/types\/post"}],"author":[{"embeddable":true,"href":"https:\/\/vocesparalelas.com.ar\/sitio\/wp-json\/wp\/v2\/users\/3"}],"replies":[{"embeddable":true,"href":"https:\/\/vocesparalelas.com.ar\/sitio\/wp-json\/wp\/v2\/comments?post=88610"}],"version-history":[{"count":1,"href":"https:\/\/vocesparalelas.com.ar\/sitio\/wp-json\/wp\/v2\/posts\/88610\/revisions"}],"predecessor-version":[{"id":88613,"href":"https:\/\/vocesparalelas.com.ar\/sitio\/wp-json\/wp\/v2\/posts\/88610\/revisions\/88613"}],"wp:featuredmedia":[{"embeddable":true,"href":"https:\/\/vocesparalelas.com.ar\/sitio\/wp-json\/wp\/v2\/media\/71556"}],"wp:attachment":[{"href":"https:\/\/vocesparalelas.com.ar\/sitio\/wp-json\/wp\/v2\/media?parent=88610"}],"wp:term":[{"taxonomy":"category","embeddable":true,"href":"https:\/\/vocesparalelas.com.ar\/sitio\/wp-json\/wp\/v2\/categories?post=88610"},{"taxonomy":"post_tag","embeddable":true,"href":"https:\/\/vocesparalelas.com.ar\/sitio\/wp-json\/wp\/v2\/tags?post=88610"}],"curies":[{"name":"wp","href":"https:\/\/api.w.org\/{rel}","templated":true}]}}