{"id":88597,"date":"2025-07-09T20:53:44","date_gmt":"2025-07-09T23:53:44","guid":{"rendered":"https:\/\/vocesparalelas.com.ar\/sitio\/?p=88597"},"modified":"2025-07-11T21:13:02","modified_gmt":"2025-07-12T00:13:02","slug":"predicacion-para-el-te-deum-del-9-de-julio-2025-evangelio-de-san-marcos-938-40","status":"publish","type":"post","link":"https:\/\/vocesparalelas.com.ar\/sitio\/predicacion-para-el-te-deum-del-9-de-julio-2025-evangelio-de-san-marcos-938-40\/","title":{"rendered":"Predicaci\u00f3n para el Te Deum del 9 de Julio 2025 Evangelio de San Marcos 9,38-40"},"content":{"rendered":"<p>Por el Arzobispo de San Juan de Cuyo, Monse\u00f1or Jorge Lozano<\/p>\n<p>Queridos hermanos y hermanas:<\/p>\n<p>Celebramos hoy con memoria agradecida el nacimiento de nuestra Patria. Y lo hacemos como creyentes, abriendo el coraz\u00f3n a la Palabra de Dios que nos llega desde el Evangelio de San Marcos: <em>\u201cEl que no est\u00e1 contra nosotros est\u00e1 a favor nuestro\u201d<\/em> (Mc 9,40). Jes\u00fas corrige la tentaci\u00f3n de los suyos \u2014de todos los tiempos\u2014 de encerrarse en el peque\u00f1o grupo de los supuestos puros o predilectos, de excluir a los que hacen el bien desde otros caminos. El Maestro nos invita, en cambio, a construir con otros, a reconocer el bien donde florece, y a sumar esfuerzos en vez de dividirlos.<\/p>\n<p>Nuestra independencia no se produjo a partir de un gesto aislado, ni debido al arrebato moment\u00e1neo de unos pocos. Fue un proceso de a\u00f1os en medio de convulsiones pol\u00edticas, encantos y decepciones. Se gest\u00f3 en comunidad de Representantes con sentido federal, en di\u00e1logo. No debemos pasar por alto que las reuniones se realizaron en una casa de familia prestada, en Tucum\u00e1n, donde los diputados sesionaron durante meses. Llegaron de distintas provincias, con miradas y culturas diversas, trayendo tensiones y desacuerdos. Pero supieron, con paciencia y amor a la tierra, encontrar consensos, no a partir de uniformidades, sino de la conciencia de un bien superior.<\/p>\n<p>No se excomulg\u00f3 a nadie por pensar distinto. No se construy\u00f3 la Argentina desde la l\u00f3gica del descarte, sino desde la b\u00fasqueda de una causa mayor: como hab\u00eda reclamado el general Don Jos\u00e9 de San Mart\u00edn, se necesitaba un ej\u00e9rcito de una Naci\u00f3n independiente para liberar a los pueblos hermanos. La independencia Argentina iba a servir a otros pueblos de Am\u00e9rica para que vivieran en libertad y justicia.<\/p>\n<p>Entre aquellos diputados, recordamos con especial afecto a Fray Justo Santa Mar\u00eda de Oro, dominico, sanjuanino, sacerdote y pol\u00edtico, nuestro primer obispo de San Juan de Cuyo. Su voz en la Asamblea fue la de la fe l\u00facida que no se desentiende de la historia. Fue \u00e9l quien defendi\u00f3 con firmeza la participaci\u00f3n de los pueblos del interior, promovi\u00f3 el respeto por las provincias, y demostr\u00f3 que se puede ser hombre de Dios y servidor de la Naci\u00f3n, sin contradicciones ni dobleces. Su testimonio es faro para nosotros hoy, cuando muchas veces se contrapone lo religioso con lo p\u00fablico, lo\u00a0espiritual con lo social, y se olvidan los aportes valiosos que la fe puede ofrecer a la vida nacional.<\/p>\n<p>Nuestro presente tambi\u00e9n nos desaf\u00eda. Argentina atraviesa una etapa compleja, donde muchas veces se imponen la desconfianza, la fragmentaci\u00f3n y el \u201cs\u00e1lvese quien pueda\u201d. Pero desde esta celebraci\u00f3n solemne del Te Deum, Dios nos llama a promover la cultura del encuentro y la amistad social, como tantas veces ha exhortado el Papa Francisco. Nos llama a no encerrarnos en las fronteras del partido, del sector o de la ideolog\u00eda, sino a mirar con altura el bien de todos, especialmente de los m\u00e1s fr\u00e1giles.<\/p>\n<p>Hoy necesitamos una nueva \u00e9pica, no de caudillos solitarios, sino de acuerdos generosos. Una independencia que no sea solo recuerdo, sino motor de compromiso y responsabilidad. Una democracia que se fortalezca no solo en las urnas, sino en el trabajo cotidiano por una sociedad m\u00e1s justa, m\u00e1s fraterna, m\u00e1s solidaria.<\/p>\n<p>Desde la Iglesia valoramos mucho la vocaci\u00f3n pol\u00edtica. Sigamos sembrando unidad donde hay divisi\u00f3n, respeto donde hay ofensa, y di\u00e1logo donde hay gritos. No todos pensamos igual, pero todos amamos esta tierra. Y en eso podemos encontrarnos. Porque como dice el Evangelio, si no est\u00e1n contra nosotros, entonces est\u00e1n a favor. Y eso nos basta para caminar juntos.<\/p>\n<p>Que Mar\u00eda, Virgen del Carmen de Cuyo, Generala del Ej\u00e9rcito de los Andes, nos inspire a todos en la misi\u00f3n de ser constructores de paz y esperanza. Y que el Dios de la vida bendiga a nuestra amada Patria Argentina.<br \/>\nAm\u00e9n.<\/p>\n<p><iframe loading=\"lazy\" title=\"SANTA MISA 9 DE JULIO- TE DEUM, EN EL 209\u00b0 ANIVERSARIO DE LA INDEPENDENCIA ARGENTINA \ud83c\udde6\ud83c\uddf7\" width=\"800\" height=\"450\" src=\"https:\/\/www.youtube.com\/embed\/gSOxMvaEeWg?feature=oembed\" frameborder=\"0\" allow=\"accelerometer; autoplay; clipboard-write; encrypted-media; gyroscope; picture-in-picture; web-share\" referrerpolicy=\"strict-origin-when-cross-origin\" allowfullscreen><\/iframe><\/p>\n<p>&nbsp;<\/p>\n<p><img loading=\"lazy\" decoding=\"async\" class=\"alignnone size-full wp-image-88583\" src=\"https:\/\/vocesparalelas.com.ar\/sitio\/wp-content\/uploads\/2025\/07\/SAN-JUAN-INDEPEMDEMCIA-02.jpg\" alt=\"\" width=\"800\" height=\"457\" srcset=\"https:\/\/vocesparalelas.com.ar\/sitio\/wp-content\/uploads\/2025\/07\/SAN-JUAN-INDEPEMDEMCIA-02.jpg 800w, https:\/\/vocesparalelas.com.ar\/sitio\/wp-content\/uploads\/2025\/07\/SAN-JUAN-INDEPEMDEMCIA-02-300x171.jpg 300w, https:\/\/vocesparalelas.com.ar\/sitio\/wp-content\/uploads\/2025\/07\/SAN-JUAN-INDEPEMDEMCIA-02-768x439.jpg 768w\" sizes=\"auto, (max-width: 800px) 100vw, 800px\" \/><\/p>\n<p>&nbsp;<\/p>\n<p style=\"text-align: right;\">\n","protected":false},"excerpt":{"rendered":"<p>Por el Arzobispo de San Juan de Cuyo, Monse\u00f1or Jorge Lozano Queridos hermanos y hermanas: Celebramos hoy con memoria agradecida<\/p>\n","protected":false},"author":3,"featured_media":88600,"comment_status":"closed","ping_status":"closed","sticky":false,"template":"","format":"standard","meta":{"_acf_changed":false,"_seopress_robots_primary_cat":"none","_seopress_titles_title":"","_seopress_titles_desc":"","_seopress_robots_index":"","colormag_page_container_layout":"default_layout","colormag_page_sidebar_layout":"default_layout","footnotes":""},"categories":[10,7],"tags":[],"class_list":["post-88597","post","type-post","status-publish","format-standard","has-post-thumbnail","hentry","category-opiniones","category-videos"],"acf":[],"_links":{"self":[{"href":"https:\/\/vocesparalelas.com.ar\/sitio\/wp-json\/wp\/v2\/posts\/88597","targetHints":{"allow":["GET"]}}],"collection":[{"href":"https:\/\/vocesparalelas.com.ar\/sitio\/wp-json\/wp\/v2\/posts"}],"about":[{"href":"https:\/\/vocesparalelas.com.ar\/sitio\/wp-json\/wp\/v2\/types\/post"}],"author":[{"embeddable":true,"href":"https:\/\/vocesparalelas.com.ar\/sitio\/wp-json\/wp\/v2\/users\/3"}],"replies":[{"embeddable":true,"href":"https:\/\/vocesparalelas.com.ar\/sitio\/wp-json\/wp\/v2\/comments?post=88597"}],"version-history":[{"count":3,"href":"https:\/\/vocesparalelas.com.ar\/sitio\/wp-json\/wp\/v2\/posts\/88597\/revisions"}],"predecessor-version":[{"id":88686,"href":"https:\/\/vocesparalelas.com.ar\/sitio\/wp-json\/wp\/v2\/posts\/88597\/revisions\/88686"}],"wp:featuredmedia":[{"embeddable":true,"href":"https:\/\/vocesparalelas.com.ar\/sitio\/wp-json\/wp\/v2\/media\/88600"}],"wp:attachment":[{"href":"https:\/\/vocesparalelas.com.ar\/sitio\/wp-json\/wp\/v2\/media?parent=88597"}],"wp:term":[{"taxonomy":"category","embeddable":true,"href":"https:\/\/vocesparalelas.com.ar\/sitio\/wp-json\/wp\/v2\/categories?post=88597"},{"taxonomy":"post_tag","embeddable":true,"href":"https:\/\/vocesparalelas.com.ar\/sitio\/wp-json\/wp\/v2\/tags?post=88597"}],"curies":[{"name":"wp","href":"https:\/\/api.w.org\/{rel}","templated":true}]}}