{"id":88579,"date":"2025-07-09T20:17:11","date_gmt":"2025-07-09T23:17:11","guid":{"rendered":"https:\/\/vocesparalelas.com.ar\/sitio\/?p=88579"},"modified":"2025-07-10T21:11:26","modified_gmt":"2025-07-11T00:11:26","slug":"se-conmemoro-209-aniversario-de-la-independencia-argentina-en-san-juan","status":"publish","type":"post","link":"https:\/\/vocesparalelas.com.ar\/sitio\/se-conmemoro-209-aniversario-de-la-independencia-argentina-en-san-juan\/","title":{"rendered":"Se conmemor\u00f3 \u00ab209\u00b0 aniversario de la Independencia Argentina\u00bb en San Juan\u00a0"},"content":{"rendered":"<p>El Mi\u00e9rcoles, 9 de Julio, el Gobierno de San Juan rindi\u00f3 homenaje a los 209\u00b0 aniversario de la Declaraci\u00f3n de la Independencia Argentina, recordando aquella hist\u00f3rica jornada de 1816 en la que el Congreso de Tucum\u00e1n proclam\u00f3 la ruptura definitiva de los lazos de dependencia con la monarqu\u00eda espa\u00f1ola.<\/p>\n<p>El acto oficial fue precedido por el gobernador de San Juan, Dr. Marcelo Orrego junto al vicegobernador Dr. Fabi\u00e1n Mart\u00edn y autoridades provinciales, legisladores, miembros del Poder Judicial, fuerzas de seguridad, entre otros.<\/p>\n<p><iframe loading=\"lazy\" title=\"San Juan conmemor\u00f3 el 209\u00b0 aniversario de la Independencia con un acto encabezado por el gobernador\" width=\"800\" height=\"450\" src=\"https:\/\/www.youtube.com\/embed\/0U3KaRKlJS4?feature=oembed\" frameborder=\"0\" allow=\"accelerometer; autoplay; clipboard-write; encrypted-media; gyroscope; picture-in-picture; web-share\" referrerpolicy=\"strict-origin-when-cross-origin\" allowfullscreen><\/iframe><\/p>\n<p>La ceremonia comenz\u00f3 en la Plaza 25 de Mayo, donde se iz\u00f3 el Pabell\u00f3n Nacional y se enton\u00f3 las estrofas del Himno Nacional.<\/p>\n<p>Posteriormente, se realiz\u00f3 la presentaci\u00f3n del Jefe de Tropas de la \u201cAgrupaci\u00f3n 9 de Julio\u201d, al Jefe del Regimiento de Infanter\u00eda de Monta\u00f1a 22 \u201cTte. Cnl. Juan Manuel Cabot\u201d, revista y saludo al Gobernador de San Juan, Dr. Marcelo Orrego, acompa\u00f1ado por el Jefe del Regimiento de Infanter\u00eda de Monta\u00f1a 22 \u201cTte. Cnl. Juan Manuel Cabot\u201d, Coronel Rub\u00e9n Gast\u00f3n Patera.<\/p>\n<p><img loading=\"lazy\" decoding=\"async\" class=\"alignnone size-full wp-image-88582\" src=\"https:\/\/vocesparalelas.com.ar\/sitio\/wp-content\/uploads\/2025\/07\/SAN-JUAN-INDEPEMDEMCIA-01.jpg\" alt=\"\" width=\"800\" height=\"466\" srcset=\"https:\/\/vocesparalelas.com.ar\/sitio\/wp-content\/uploads\/2025\/07\/SAN-JUAN-INDEPEMDEMCIA-01.jpg 800w, https:\/\/vocesparalelas.com.ar\/sitio\/wp-content\/uploads\/2025\/07\/SAN-JUAN-INDEPEMDEMCIA-01-300x175.jpg 300w, https:\/\/vocesparalelas.com.ar\/sitio\/wp-content\/uploads\/2025\/07\/SAN-JUAN-INDEPEMDEMCIA-01-768x447.jpg 768w\" sizes=\"auto, (max-width: 800px) 100vw, 800px\" \/><\/p>\n<p>Luego, la comitiva se traslad\u00f3 a la Catedral de San Juan para participar del tradicional Tedeum, en una jornada marcada por el recogimiento, la memoria y el reconocimiento a los valores fundacionales de la Patria.<\/p>\n<p>Este a\u00f1o, debido a que la fecha coincidi\u00f3 con el receso escolar, no se realiz\u00f3 el tradicional desfile c\u00edvico-militar, aunque el esp\u00edritu patrio se hizo presente en cada momento de la conmemoraci\u00f3n.<\/p>\n<p>El gobernador Orrego destac\u00f3 la importancia de mantener viva la memoria de aquel 9 de julio de 1816, subrayando que la independencia \u201cno solo fue una decisi\u00f3n pol\u00edtica, sino un acto de coraje y visi\u00f3n de futuro que nos interpela hoy a seguir construyendo una Argentina m\u00e1s justa y soberana\u201d. Y destac\u00f3 el accionar de hombres y mujeres de la \u00e9poca.<\/p>\n<figure id=\"attachment_50657\" aria-describedby=\"caption-attachment-50657\" style=\"width: 800px\" class=\"wp-caption alignnone\"><img loading=\"lazy\" decoding=\"async\" class=\"size-full wp-image-50657\" src=\"https:\/\/vocesparalelas.com.ar\/sitio\/wp-content\/uploads\/2022\/07\/CASA-DE-TUCUMAN.jpg\" alt=\"\" width=\"800\" height=\"524\" srcset=\"https:\/\/vocesparalelas.com.ar\/sitio\/wp-content\/uploads\/2022\/07\/CASA-DE-TUCUMAN.jpg 800w, https:\/\/vocesparalelas.com.ar\/sitio\/wp-content\/uploads\/2022\/07\/CASA-DE-TUCUMAN-300x197.jpg 300w, https:\/\/vocesparalelas.com.ar\/sitio\/wp-content\/uploads\/2022\/07\/CASA-DE-TUCUMAN-768x503.jpg 768w\" sizes=\"auto, (max-width: 800px) 100vw, 800px\" \/><figcaption id=\"caption-attachment-50657\" class=\"wp-caption-text\">La casa de Tucum\u00e1n, cuna de la gesta de la independencia de Argentina<\/figcaption><\/figure>\n","protected":false},"excerpt":{"rendered":"<p>El Mi\u00e9rcoles, 9 de Julio, el Gobierno de San Juan rindi\u00f3 homenaje a los 209\u00b0 aniversario de la Declaraci\u00f3n de<\/p>\n","protected":false},"author":3,"featured_media":88583,"comment_status":"closed","ping_status":"closed","sticky":false,"template":"","format":"standard","meta":{"_acf_changed":false,"_seopress_robots_primary_cat":"none","_seopress_titles_title":"","_seopress_titles_desc":"","_seopress_robots_index":"","colormag_page_container_layout":"default_layout","colormag_page_sidebar_layout":"default_layout","footnotes":""},"categories":[1,7],"tags":[],"class_list":["post-88579","post","type-post","status-publish","format-standard","has-post-thumbnail","hentry","category-destacadas","category-videos"],"acf":[],"_links":{"self":[{"href":"https:\/\/vocesparalelas.com.ar\/sitio\/wp-json\/wp\/v2\/posts\/88579","targetHints":{"allow":["GET"]}}],"collection":[{"href":"https:\/\/vocesparalelas.com.ar\/sitio\/wp-json\/wp\/v2\/posts"}],"about":[{"href":"https:\/\/vocesparalelas.com.ar\/sitio\/wp-json\/wp\/v2\/types\/post"}],"author":[{"embeddable":true,"href":"https:\/\/vocesparalelas.com.ar\/sitio\/wp-json\/wp\/v2\/users\/3"}],"replies":[{"embeddable":true,"href":"https:\/\/vocesparalelas.com.ar\/sitio\/wp-json\/wp\/v2\/comments?post=88579"}],"version-history":[{"count":2,"href":"https:\/\/vocesparalelas.com.ar\/sitio\/wp-json\/wp\/v2\/posts\/88579\/revisions"}],"predecessor-version":[{"id":88609,"href":"https:\/\/vocesparalelas.com.ar\/sitio\/wp-json\/wp\/v2\/posts\/88579\/revisions\/88609"}],"wp:featuredmedia":[{"embeddable":true,"href":"https:\/\/vocesparalelas.com.ar\/sitio\/wp-json\/wp\/v2\/media\/88583"}],"wp:attachment":[{"href":"https:\/\/vocesparalelas.com.ar\/sitio\/wp-json\/wp\/v2\/media?parent=88579"}],"wp:term":[{"taxonomy":"category","embeddable":true,"href":"https:\/\/vocesparalelas.com.ar\/sitio\/wp-json\/wp\/v2\/categories?post=88579"},{"taxonomy":"post_tag","embeddable":true,"href":"https:\/\/vocesparalelas.com.ar\/sitio\/wp-json\/wp\/v2\/tags?post=88579"}],"curies":[{"name":"wp","href":"https:\/\/api.w.org\/{rel}","templated":true}]}}