{"id":88573,"date":"2025-07-09T12:35:42","date_gmt":"2025-07-09T15:35:42","guid":{"rendered":"https:\/\/vocesparalelas.com.ar\/sitio\/?p=88573"},"modified":"2025-07-09T12:36:12","modified_gmt":"2025-07-09T15:36:12","slug":"centro-de-desarrollo-infantil-en-el-departamento-25-de-mayo-de-san-juan","status":"publish","type":"post","link":"https:\/\/vocesparalelas.com.ar\/sitio\/centro-de-desarrollo-infantil-en-el-departamento-25-de-mayo-de-san-juan\/","title":{"rendered":"Centro de Desarrollo Infantil en el Departamento 25 de Mayo de San Juan"},"content":{"rendered":"<p>Un importante espacio dedicado a la asistencia integral de ni\u00f1os de 45 d\u00edas a 4 a\u00f1os de edad se inaugur\u00f3 en el departamento 25 de Mayo, Provincia de San Juan.<\/p>\n<p>en este momento, el gobernador Dr. Marcelo Orrego dej\u00f3 habilitado el Centro de Desarrollo Infantil &#8211; CDI &#8211; en la localidad de Divisoria, que consolida el objetivo primordial del Gobierno de San Juan del cuidado de la primera infancia.<\/p>\n<p>Acompa\u00f1\u00f3 el intendente de la Municipalidad de 25 de Mayo, Rodolfo Jalife; ministro de Familia y Desarrollo Humano, Prof. Carlos Platero; subsecretaria de Obras P\u00fablicas, Ing. Andrea Fern\u00e1ndez; secretaria social de la Direcci\u00f3n de Ni\u00f1ez, Adolescencia y Familia, Lic. Ver\u00f3nica Orozco, dem\u00e1s funcionarios provinciales.<\/p>\n<p>Es as\u00ed que el gobernador Dr. Marcelo Orrego sostuvo que \u00abes un privilegio estar ac\u00e1, en un d\u00eda bien soleado, bien sanjuanino, poniendo en valor este nuevo Centro de Desarrollo Infantil, que viene a completar una trilog\u00eda junto a los de La Chimbera y Tupel\u00ed. Aqu\u00ed se contiene a ni\u00f1os de entre 45 d\u00edas y 4 a\u00f1os, en la etapa m\u00e1s linda de la vida, que es la infancia. Y hablar de infancia es hablar del derecho a ser feliz\u00bb.<\/p>\n<p>\u00abDecidimos avanzar con todas las obras que estaban paralizadas: viviendas, caminos, hospitales, escuelas, porque la obra p\u00fablica es clave para San Juan. Estos espacios marcan un antes y un despu\u00e9s, porque los chicos son una esponja, absorben amor, valores, conocimiento. Ac\u00e1 van a encontrar profesionales con mucha sensibilidad social\u00bb,<\/p>\n<p>\u00abAgradezco el trabajo conjunto y en las pr\u00f3ximas semanas vamos a seguir inaugurando centros en cinco departamentos m\u00e1s, porque mejorar la calidad de vida de nuestros vecinos es el objetivo, sobre todo en lugares como este, donde hay muchas fincas y mam\u00e1s y pap\u00e1s necesitan este tipo de contenci\u00f3n para sus hijos\u00bb &#8211; sintetiz\u00f3 el Dr. Orrego.<\/p>\n<p><iframe loading=\"lazy\" title=\"En 25 de Mayo, Orrego inaugur\u00f3 otro estrat\u00e9gico Centro de Desarrollo Infantil\" width=\"800\" height=\"450\" src=\"https:\/\/www.youtube.com\/embed\/8yHhMXoIGWc?feature=oembed\" frameborder=\"0\" allow=\"accelerometer; autoplay; clipboard-write; encrypted-media; gyroscope; picture-in-picture; web-share\" referrerpolicy=\"strict-origin-when-cross-origin\" allowfullscreen><\/iframe><\/p>\n<p>Los CDI son espacios pensados para priorizar el cuidado, la educaci\u00f3n y el desarrollo pleno de ni\u00f1os y ni\u00f1as en sus primeros a\u00f1os de vida. Este fundamental edificio, ubicado en zona rural, ratifica el rumbo de las pol\u00edticas p\u00fablicas en pos de la igualdad y contenci\u00f3n para los que m\u00e1s lo necesitan.<\/p>\n<p>En este moderno espacio los ni\u00f1os y ni\u00f1as del Departamento 25 de Mayo pueden recibir una atenci\u00f3n completa para su desarrollo que incluye asistencia nutricional, estimulaci\u00f3n temprana y abordaje de psicomotricidad, entre otros. Se suma a otros CDI inaugurados recientemente en los Departamentos Angaco y\u00a0 Pocito.<\/p>\n<p><span style=\"color: #ff6600;\"><strong>Sobre el nuevo CDI de 25 de Mayo<\/strong><\/span><\/p>\n<p>Este nuevo Centro de Desarrollo Infantil de Divisoria cuenta con una superficie aproximada de 220 m2, distribuidos en una sola planta. Contempla distintas salas seg\u00fan las edades y lugar de recreaci\u00f3n al aire libre.<\/p>\n<p>Se construyeron los siguientes espacios: acceso principal, \u00e1rea administrativa con sanitario, cocina, sanitario para personas con discapacidad, lactario, deambulatorio, sala de 2, 3 y 4 a\u00f1os, comedor, sanitarios, patios internos y patio t\u00e9cnico, entre otros.<\/p>\n<p>La construcci\u00f3n es de estructura met\u00e1lica, sobre platea de hormig\u00f3n armado. Los tabiques tanto exteriores como interiores son de paneles de roca de yeso y cementicio con sus respectivas aislaciones. Los pisos interiores son de mosaico gran\u00edtico y cuentan con el detalle espec\u00edfico para el uso de los peque\u00f1os que consiste en baldosas de caucho antigolpes. Las carpinter\u00edas son de aluminio, chapa y madera, entre otros detalles.<\/p>\n<p><img loading=\"lazy\" decoding=\"async\" class=\"alignnone size-full wp-image-88577\" src=\"https:\/\/vocesparalelas.com.ar\/sitio\/wp-content\/uploads\/2025\/07\/CDI-25-MAYO-01.jpg\" alt=\"\" width=\"800\" height=\"490\" srcset=\"https:\/\/vocesparalelas.com.ar\/sitio\/wp-content\/uploads\/2025\/07\/CDI-25-MAYO-01.jpg 800w, https:\/\/vocesparalelas.com.ar\/sitio\/wp-content\/uploads\/2025\/07\/CDI-25-MAYO-01-300x184.jpg 300w, https:\/\/vocesparalelas.com.ar\/sitio\/wp-content\/uploads\/2025\/07\/CDI-25-MAYO-01-768x470.jpg 768w\" sizes=\"auto, (max-width: 800px) 100vw, 800px\" \/><\/p>\n","protected":false},"excerpt":{"rendered":"<p>Un importante espacio dedicado a la asistencia integral de ni\u00f1os de 45 d\u00edas a 4 a\u00f1os de edad se inaugur\u00f3<\/p>\n","protected":false},"author":3,"featured_media":88576,"comment_status":"closed","ping_status":"closed","sticky":false,"template":"","format":"standard","meta":{"_acf_changed":false,"_seopress_robots_primary_cat":"none","_seopress_titles_title":"","_seopress_titles_desc":"","_seopress_robots_index":"","colormag_page_container_layout":"default_layout","colormag_page_sidebar_layout":"default_layout","footnotes":""},"categories":[1,7],"tags":[],"class_list":["post-88573","post","type-post","status-publish","format-standard","has-post-thumbnail","hentry","category-destacadas","category-videos"],"acf":[],"_links":{"self":[{"href":"https:\/\/vocesparalelas.com.ar\/sitio\/wp-json\/wp\/v2\/posts\/88573","targetHints":{"allow":["GET"]}}],"collection":[{"href":"https:\/\/vocesparalelas.com.ar\/sitio\/wp-json\/wp\/v2\/posts"}],"about":[{"href":"https:\/\/vocesparalelas.com.ar\/sitio\/wp-json\/wp\/v2\/types\/post"}],"author":[{"embeddable":true,"href":"https:\/\/vocesparalelas.com.ar\/sitio\/wp-json\/wp\/v2\/users\/3"}],"replies":[{"embeddable":true,"href":"https:\/\/vocesparalelas.com.ar\/sitio\/wp-json\/wp\/v2\/comments?post=88573"}],"version-history":[{"count":1,"href":"https:\/\/vocesparalelas.com.ar\/sitio\/wp-json\/wp\/v2\/posts\/88573\/revisions"}],"predecessor-version":[{"id":88578,"href":"https:\/\/vocesparalelas.com.ar\/sitio\/wp-json\/wp\/v2\/posts\/88573\/revisions\/88578"}],"wp:featuredmedia":[{"embeddable":true,"href":"https:\/\/vocesparalelas.com.ar\/sitio\/wp-json\/wp\/v2\/media\/88576"}],"wp:attachment":[{"href":"https:\/\/vocesparalelas.com.ar\/sitio\/wp-json\/wp\/v2\/media?parent=88573"}],"wp:term":[{"taxonomy":"category","embeddable":true,"href":"https:\/\/vocesparalelas.com.ar\/sitio\/wp-json\/wp\/v2\/categories?post=88573"},{"taxonomy":"post_tag","embeddable":true,"href":"https:\/\/vocesparalelas.com.ar\/sitio\/wp-json\/wp\/v2\/tags?post=88573"}],"curies":[{"name":"wp","href":"https:\/\/api.w.org\/{rel}","templated":true}]}}