{"id":88504,"date":"2025-07-07T12:29:12","date_gmt":"2025-07-07T15:29:12","guid":{"rendered":"https:\/\/vocesparalelas.com.ar\/sitio\/?p=88504"},"modified":"2025-07-08T23:22:49","modified_gmt":"2025-07-09T02:22:49","slug":"1-festival-del-churro-en-rivadavia-de-san-juan","status":"publish","type":"post","link":"https:\/\/vocesparalelas.com.ar\/sitio\/1-festival-del-churro-en-rivadavia-de-san-juan\/","title":{"rendered":"1\u00b0 Festival del Churro en Rivadavia de San Juan"},"content":{"rendered":"<p>El Domingo, 13 de Julio, a partir de las 15 horas, el Parque de Rivadavia es el escenario del encuentro para disfrutar el 1\u00b0 Festival del Churro, organizado por la Direcci\u00f3n de Turismo, Cultura y Deporte de la Municipalidad de Rivadavia, la propuesta combina sabor local, competencia gastron\u00f3mica y m\u00fasica en vivo, con entrada libre y gratuita.<\/p>\n<p>La iniciativa busca poner en valor uno de los productos m\u00e1s tradicionales del invierno sanjuanino, convocando a emprendedores gastron\u00f3micos de toda la provincia para participar en un concurso que premiar\u00e1 a los mejores churros en tres categor\u00edas: simples, rellenos y tipo rueda.<\/p>\n<p>Los requisitos para participar incluyen ser mayor de 18 a\u00f1os, contar con elementos de higiene como cofias y guantes, y asegurar medidas de seguridad en el stand (como garrafas con malla met\u00e1lica y cajas t\u00e9rmicas). A su vez, el municipio facilitar\u00e1 a cada inscripto un tabl\u00f3n, una silla y un mantel para garantizar las condiciones b\u00e1sicas de trabajo.<\/p>\n<p>Adem\u00e1s de la competencia, el festival cuenta con la presencia de foodtrucks, puestos de artesanos y shows art\u00edsticos, incluyendo la actuaci\u00f3n en vivo de Flavia G\u00f3mez y La Pedro Bando. Tambi\u00e9n habr\u00e1 actividades recreativas para toda la familia, t\u00edteres, circo y espacios para los m\u00e1s chicos.<\/p>\n<p>Para participar, los interesados pueden inscribirse escaneando el c\u00f3digo QR que figura en las redes sociales del municipio (@rivadavia.ciudad) o acercarse a la Direcci\u00f3n de Turismo, Cultura y Deporte del municipio, ubicada en Avenida Libertador 5168 oeste.<\/p>\n<p><img loading=\"lazy\" decoding=\"async\" class=\"alignnone size-full wp-image-88508\" src=\"https:\/\/vocesparalelas.com.ar\/sitio\/wp-content\/uploads\/2025\/07\/RIVADAVIA-CHURRO.jpg\" alt=\"\" width=\"800\" height=\"498\" srcset=\"https:\/\/vocesparalelas.com.ar\/sitio\/wp-content\/uploads\/2025\/07\/RIVADAVIA-CHURRO.jpg 800w, https:\/\/vocesparalelas.com.ar\/sitio\/wp-content\/uploads\/2025\/07\/RIVADAVIA-CHURRO-300x187.jpg 300w, https:\/\/vocesparalelas.com.ar\/sitio\/wp-content\/uploads\/2025\/07\/RIVADAVIA-CHURRO-768x478.jpg 768w\" sizes=\"auto, (max-width: 800px) 100vw, 800px\" \/><\/p>\n<p style=\"text-align: right;\">Trabajemos Juntos<br \/>\nRivadavia Ciudad<br \/>\nSergio Miodowsky Intendente<\/p>\n<p>&nbsp;<\/p>\n<p><img loading=\"lazy\" decoding=\"async\" class=\"alignnone size-full wp-image-66896\" src=\"https:\/\/vocesparalelas.com.ar\/sitio\/wp-content\/uploads\/2023\/12\/RIVADAVIA-LOGO-NUEVO.jpg\" alt=\"\" width=\"800\" height=\"533\" srcset=\"https:\/\/vocesparalelas.com.ar\/sitio\/wp-content\/uploads\/2023\/12\/RIVADAVIA-LOGO-NUEVO.jpg 800w, https:\/\/vocesparalelas.com.ar\/sitio\/wp-content\/uploads\/2023\/12\/RIVADAVIA-LOGO-NUEVO-300x200.jpg 300w, https:\/\/vocesparalelas.com.ar\/sitio\/wp-content\/uploads\/2023\/12\/RIVADAVIA-LOGO-NUEVO-768x512.jpg 768w\" sizes=\"auto, (max-width: 800px) 100vw, 800px\" \/><\/p>\n","protected":false},"excerpt":{"rendered":"<p>El Domingo, 13 de Julio, a partir de las 15 horas, el Parque de Rivadavia es el escenario del encuentro<\/p>\n","protected":false},"author":3,"featured_media":88507,"comment_status":"closed","ping_status":"closed","sticky":false,"template":"","format":"standard","meta":{"_acf_changed":false,"_seopress_robots_primary_cat":"none","_seopress_titles_title":"","_seopress_titles_desc":"","_seopress_robots_index":"","colormag_page_container_layout":"default_layout","colormag_page_sidebar_layout":"default_layout","footnotes":""},"categories":[8],"tags":[],"class_list":["post-88504","post","type-post","status-publish","format-standard","has-post-thumbnail","hentry","category-concursos"],"acf":[],"_links":{"self":[{"href":"https:\/\/vocesparalelas.com.ar\/sitio\/wp-json\/wp\/v2\/posts\/88504","targetHints":{"allow":["GET"]}}],"collection":[{"href":"https:\/\/vocesparalelas.com.ar\/sitio\/wp-json\/wp\/v2\/posts"}],"about":[{"href":"https:\/\/vocesparalelas.com.ar\/sitio\/wp-json\/wp\/v2\/types\/post"}],"author":[{"embeddable":true,"href":"https:\/\/vocesparalelas.com.ar\/sitio\/wp-json\/wp\/v2\/users\/3"}],"replies":[{"embeddable":true,"href":"https:\/\/vocesparalelas.com.ar\/sitio\/wp-json\/wp\/v2\/comments?post=88504"}],"version-history":[{"count":1,"href":"https:\/\/vocesparalelas.com.ar\/sitio\/wp-json\/wp\/v2\/posts\/88504\/revisions"}],"predecessor-version":[{"id":88509,"href":"https:\/\/vocesparalelas.com.ar\/sitio\/wp-json\/wp\/v2\/posts\/88504\/revisions\/88509"}],"wp:featuredmedia":[{"embeddable":true,"href":"https:\/\/vocesparalelas.com.ar\/sitio\/wp-json\/wp\/v2\/media\/88507"}],"wp:attachment":[{"href":"https:\/\/vocesparalelas.com.ar\/sitio\/wp-json\/wp\/v2\/media?parent=88504"}],"wp:term":[{"taxonomy":"category","embeddable":true,"href":"https:\/\/vocesparalelas.com.ar\/sitio\/wp-json\/wp\/v2\/categories?post=88504"},{"taxonomy":"post_tag","embeddable":true,"href":"https:\/\/vocesparalelas.com.ar\/sitio\/wp-json\/wp\/v2\/tags?post=88504"}],"curies":[{"name":"wp","href":"https:\/\/api.w.org\/{rel}","templated":true}]}}