{"id":88496,"date":"2025-07-06T13:04:57","date_gmt":"2025-07-06T16:04:57","guid":{"rendered":"https:\/\/vocesparalelas.com.ar\/sitio\/?p=88496"},"modified":"2025-07-06T13:04:57","modified_gmt":"2025-07-06T16:04:57","slug":"se-produjo-una-falla-tecnica-en-camara-reguladora-de-presion-que-lleva-el-servicio-a-una-parte-de-la-provincia-de-san-juan","status":"publish","type":"post","link":"https:\/\/vocesparalelas.com.ar\/sitio\/se-produjo-una-falla-tecnica-en-camara-reguladora-de-presion-que-lleva-el-servicio-a-una-parte-de-la-provincia-de-san-juan\/","title":{"rendered":"Se produjo una falla t\u00e9cnica en c\u00e1mara reguladora de presi\u00f3n que lleva el servicio a una parte de la provincia de San Juan"},"content":{"rendered":"<p>Ecogas informa que se produjo una falla t\u00e9cnica en c\u00e1mara reguladora de presi\u00f3n que lleva el servicio a una parte de la provincia de San Juan.<\/p>\n<p>El inconveniente ya fue solucionado y se est\u00e1 rehabilitando el servicio a los usuarios afectados.<\/p>\n<p>En la ma\u00f1ana del Domingo, 06 de Julio, el equipo de guardia fue alertado de una baja de presi\u00f3n en esa c\u00e1mara y acudi\u00f3 de inmediato para reacondicionarla.<\/p>\n<p>La situaci\u00f3n fue solucionada y nuestro equipo t\u00e9cnico ya se encuentra trabajando para rehabilitar el suministro en la mayor brevedad posible. Se estima que en el transcurso del d\u00eda quedar\u00e1 normalizada la situaci\u00f3n.<\/p>\n<p>Este inconveniente responde a una falla puntual y local, sin relaci\u00f3n con el escenario nacional de d\u00edas atr\u00e1s.<\/p>\n<p>Solicitan a los usuarios afectados que se comuniquen al 0800 999 1600 para que se registre el caso y pueda ser atendido a la brevedad posible.<\/p>\n<p><img loading=\"lazy\" decoding=\"async\" class=\"alignnone size-full wp-image-51836\" src=\"https:\/\/vocesparalelas.com.ar\/sitio\/wp-content\/uploads\/2022\/08\/ECOGAS-LOGO-04.jpg\" alt=\"\" width=\"800\" height=\"456\" srcset=\"https:\/\/vocesparalelas.com.ar\/sitio\/wp-content\/uploads\/2022\/08\/ECOGAS-LOGO-04.jpg 800w, https:\/\/vocesparalelas.com.ar\/sitio\/wp-content\/uploads\/2022\/08\/ECOGAS-LOGO-04-300x171.jpg 300w, https:\/\/vocesparalelas.com.ar\/sitio\/wp-content\/uploads\/2022\/08\/ECOGAS-LOGO-04-768x438.jpg 768w\" sizes=\"auto, (max-width: 800px) 100vw, 800px\" \/><\/p>\n","protected":false},"excerpt":{"rendered":"<p>Ecogas informa que se produjo una falla t\u00e9cnica en c\u00e1mara reguladora de presi\u00f3n que lleva el servicio a una parte<\/p>\n","protected":false},"author":3,"featured_media":27182,"comment_status":"closed","ping_status":"closed","sticky":false,"template":"","format":"standard","meta":{"_acf_changed":false,"_seopress_robots_primary_cat":"none","_seopress_titles_title":"","_seopress_titles_desc":"","_seopress_robots_index":"","colormag_page_container_layout":"default_layout","colormag_page_sidebar_layout":"default_layout","footnotes":""},"categories":[1],"tags":[],"class_list":["post-88496","post","type-post","status-publish","format-standard","has-post-thumbnail","hentry","category-destacadas"],"acf":[],"_links":{"self":[{"href":"https:\/\/vocesparalelas.com.ar\/sitio\/wp-json\/wp\/v2\/posts\/88496","targetHints":{"allow":["GET"]}}],"collection":[{"href":"https:\/\/vocesparalelas.com.ar\/sitio\/wp-json\/wp\/v2\/posts"}],"about":[{"href":"https:\/\/vocesparalelas.com.ar\/sitio\/wp-json\/wp\/v2\/types\/post"}],"author":[{"embeddable":true,"href":"https:\/\/vocesparalelas.com.ar\/sitio\/wp-json\/wp\/v2\/users\/3"}],"replies":[{"embeddable":true,"href":"https:\/\/vocesparalelas.com.ar\/sitio\/wp-json\/wp\/v2\/comments?post=88496"}],"version-history":[{"count":1,"href":"https:\/\/vocesparalelas.com.ar\/sitio\/wp-json\/wp\/v2\/posts\/88496\/revisions"}],"predecessor-version":[{"id":88499,"href":"https:\/\/vocesparalelas.com.ar\/sitio\/wp-json\/wp\/v2\/posts\/88496\/revisions\/88499"}],"wp:featuredmedia":[{"embeddable":true,"href":"https:\/\/vocesparalelas.com.ar\/sitio\/wp-json\/wp\/v2\/media\/27182"}],"wp:attachment":[{"href":"https:\/\/vocesparalelas.com.ar\/sitio\/wp-json\/wp\/v2\/media?parent=88496"}],"wp:term":[{"taxonomy":"category","embeddable":true,"href":"https:\/\/vocesparalelas.com.ar\/sitio\/wp-json\/wp\/v2\/categories?post=88496"},{"taxonomy":"post_tag","embeddable":true,"href":"https:\/\/vocesparalelas.com.ar\/sitio\/wp-json\/wp\/v2\/tags?post=88496"}],"curies":[{"name":"wp","href":"https:\/\/api.w.org\/{rel}","templated":true}]}}