{"id":88491,"date":"2025-07-06T10:47:26","date_gmt":"2025-07-06T13:47:26","guid":{"rendered":"https:\/\/vocesparalelas.com.ar\/sitio\/?p=88491"},"modified":"2025-07-07T12:15:48","modified_gmt":"2025-07-07T15:15:48","slug":"que-no-te-hagan-caer-como-un-chorlito-una-advertencia-sobre-la-avalancha-de-noticias-falsas","status":"publish","type":"post","link":"https:\/\/vocesparalelas.com.ar\/sitio\/que-no-te-hagan-caer-como-un-chorlito-una-advertencia-sobre-la-avalancha-de-noticias-falsas\/","title":{"rendered":"\u00a1Qu\u00e9 no te hagan caer como un chorlito! Una advertencia sobre la avalancha de noticias falsas"},"content":{"rendered":"<p>Por el Arzobispo de San Juan de Cuyo, Monse\u00f1or Jorge\u00a0 Lozano<\/p>\n<p>Vivimos tiempos en que las palabras circulan con velocidad asombrosa. Una imagen, una frase, un audio editado o una noticia con tono urgente pueden dar la vuelta al mundo en cuesti\u00f3n de minutos. Y en medio de esta marejada de informaci\u00f3n, muchos terminan siendo v\u00edctimas de la mentira disfrazada de verdad. Como el ingenuo chorlito, un ave sencilla que se deja atrapar sin resistir, algunos caen \u2014sin darse cuenta\u2014 en las redes de quienes mienten por burla, por ideolog\u00eda o por malicia.<\/p>\n<p>Nos advert\u00eda el Papa Francisco que \u201cla desinformaci\u00f3n se basa frecuentemente en discursos heterog\u00e9neos, intencionadamente evasivos y sutilmente enga\u00f1osos, y se sirve a veces de mecanismos refinados\u201d (Mensaje Jornada Mundial de las Comunicaciones 2018). Y en el a\u00f1o 2024 se\u00f1al\u00f3 acerca de \u201cla creaci\u00f3n y difusi\u00f3n de im\u00e1genes que parecen perfectamente veros\u00edmiles pero falsas; yo mismo he sido v\u00edctima de ello\u201d.<\/p>\n<p>He tenido en este tiempo conversaciones con padres de familia, profesores y hasta con periodistas que lamentan un fen\u00f3meno cada vez m\u00e1s frecuente: ya no importa la verdad, sino el impacto. Se viraliza lo que causa indignaci\u00f3n o confirma lo que uno ya piensa. Se difunden historias manipuladas, citas inventadas, im\u00e1genes sacadas de contexto. Incluso en temas delicados, como la fe, la pol\u00edtica o la salud, la guerra; se miente sin pudor.<\/p>\n<p>Hace poco circul\u00f3 una supuesta an\u00e9cdota sobre un sacerdote que habr\u00eda sido recibido y alentado por el Papa Le\u00f3n XIV, con detalles tan emotivos como inveros\u00edmiles. Pero basta con una m\u00ednima b\u00fasqueda para darse cuenta de que esa historia jam\u00e1s existi\u00f3. Y, sin embargo, muchos la compartieron, emocionados, sin detenerse a comprobar si era cierta. Dos videos de YouTube se\u00f1alaban \u201c\u00a1cambios revolucionarios de Le\u00f3n XIV que hacen crujir al Vaticano!\u201d \u2026y todo venta de humo. Hoy, para muchos, la veracidad es secundaria. Fue una manipulaci\u00f3n de contexto, arguyen. Sin embargo, miles las comparten con comentarios agresivos hacia el Papa y la Iglesia. \u00bfEl resultado? Confusi\u00f3n, enojo, divisi\u00f3n&#8230; todo basado en una mentira.<\/p>\n<p>Pero vivir sin amor a la verdad es un riesgo enorme. Es jugar a construir sobre arena. Las mentiras no s\u00f3lo enga\u00f1an: deforman la mirada, dividen a las personas, arruinan reputaciones. Algunos difunden noticias falsas por simple ignorancia, otros con intenciones m\u00e1s oscuras: sembrar odio, manipular conciencias, crear confusi\u00f3n.<\/p>\n<p>En este escenario, hace falta recuperar una actitud b\u00e1sica: buscar la verdad con responsabilidad. Antes de compartir algo en redes sociales es necesario tomarse el tiempo de leer completo, chequear la fuente, preguntar a personas confiables. No dar cabida a quienes no conocemos. Sospechar de lo que parece demasiado perfecto para ser real, o demasiado alarmante como para no estar en ning\u00fan medio serio.<\/p>\n<p>Es sano consultar varias fuentes. Los buenos periodistas saben que corroborar los datos es parte del oficio. Los buenos ciudadanos tambi\u00e9n deber\u00edan saberlo. Vivir con pensamiento cr\u00edtico, con apertura a revisar nuestras ideas, con humildad para reconocer que a veces nos equivocamos.<\/p>\n<p>No te dejes usar. No permitas que otros piensen por vos. Ni siquiera compartas algo s\u00f3lo porque lo dijo alguien \u201cde tu lado\u201d. Que el afecto, la simpat\u00eda o la ideolog\u00eda no te cieguen. La verdad es m\u00e1s valiosa que una emoci\u00f3n moment\u00e1nea o una consigna que nos deja tranquilos.<\/p>\n<p>Y si alguna vez compartiste algo que despu\u00e9s descubriste que era falso, no te preocupes: rectificar tambi\u00e9n es signo de madurez. A veces el mejor testimonio que podemos dar es <strong>re<\/strong>conocer un error y aprender.<\/p>\n<p>Te dejo una cita breve para reflexionar: <em>\u00abUna mentira puede dar la vuelta al mundo antes que la verdad tenga tiempo de ponerse las botas\u00bb.<\/em> (Sentencia atribuida a Mark Twain)<\/p>\n<p>Hoy, m\u00e1s que nunca, la verdad necesita defensores valientes. No h\u00e9roes camuflados en redes sociales sino personas comunes con sentido cr\u00edtico, con mirada atenta, con el coraje de no caer como un chorlito. Porque la verdad nos hace libres (Juan 8, 32), aunque a veces incomode. Y vivir en la mentira, aunque d\u00e9 calma por un rato, termina por destruir.<\/p>\n<p>&nbsp;<\/p>\n<p><iframe loading=\"lazy\" title=\"SAN JUAN MONSE\u00d1OR JORGE LOZANO \" width=\"800\" height=\"450\" src=\"https:\/\/www.youtube.com\/embed\/K5UNbjfwzlA?feature=oembed\" frameborder=\"0\" allow=\"accelerometer; autoplay; clipboard-write; encrypted-media; gyroscope; picture-in-picture; web-share\" referrerpolicy=\"strict-origin-when-cross-origin\" allowfullscreen><\/iframe><\/p>\n<p>&nbsp;<\/p>\n<p>&nbsp;<\/p>\n<p><img loading=\"lazy\" decoding=\"async\" class=\"alignnone size-full wp-image-61416\" src=\"https:\/\/vocesparalelas.com.ar\/sitio\/wp-content\/uploads\/2023\/07\/ARZOBISPADO-EDIFICIO.jpg\" alt=\"\" width=\"800\" height=\"600\" srcset=\"https:\/\/vocesparalelas.com.ar\/sitio\/wp-content\/uploads\/2023\/07\/ARZOBISPADO-EDIFICIO.jpg 800w, https:\/\/vocesparalelas.com.ar\/sitio\/wp-content\/uploads\/2023\/07\/ARZOBISPADO-EDIFICIO-300x225.jpg 300w, https:\/\/vocesparalelas.com.ar\/sitio\/wp-content\/uploads\/2023\/07\/ARZOBISPADO-EDIFICIO-768x576.jpg 768w\" sizes=\"auto, (max-width: 800px) 100vw, 800px\" \/><\/p>\n","protected":false},"excerpt":{"rendered":"<p>Por el Arzobispo de San Juan de Cuyo, Monse\u00f1or Jorge\u00a0 Lozano Vivimos tiempos en que las palabras circulan con velocidad<\/p>\n","protected":false},"author":3,"featured_media":81112,"comment_status":"closed","ping_status":"closed","sticky":false,"template":"","format":"standard","meta":{"_acf_changed":false,"_seopress_robots_primary_cat":"none","_seopress_titles_title":"","_seopress_titles_desc":"","_seopress_robots_index":"","colormag_page_container_layout":"default_layout","colormag_page_sidebar_layout":"default_layout","footnotes":""},"categories":[10,7],"tags":[],"class_list":["post-88491","post","type-post","status-publish","format-standard","has-post-thumbnail","hentry","category-opiniones","category-videos"],"acf":[],"_links":{"self":[{"href":"https:\/\/vocesparalelas.com.ar\/sitio\/wp-json\/wp\/v2\/posts\/88491","targetHints":{"allow":["GET"]}}],"collection":[{"href":"https:\/\/vocesparalelas.com.ar\/sitio\/wp-json\/wp\/v2\/posts"}],"about":[{"href":"https:\/\/vocesparalelas.com.ar\/sitio\/wp-json\/wp\/v2\/types\/post"}],"author":[{"embeddable":true,"href":"https:\/\/vocesparalelas.com.ar\/sitio\/wp-json\/wp\/v2\/users\/3"}],"replies":[{"embeddable":true,"href":"https:\/\/vocesparalelas.com.ar\/sitio\/wp-json\/wp\/v2\/comments?post=88491"}],"version-history":[{"count":2,"href":"https:\/\/vocesparalelas.com.ar\/sitio\/wp-json\/wp\/v2\/posts\/88491\/revisions"}],"predecessor-version":[{"id":88495,"href":"https:\/\/vocesparalelas.com.ar\/sitio\/wp-json\/wp\/v2\/posts\/88491\/revisions\/88495"}],"wp:featuredmedia":[{"embeddable":true,"href":"https:\/\/vocesparalelas.com.ar\/sitio\/wp-json\/wp\/v2\/media\/81112"}],"wp:attachment":[{"href":"https:\/\/vocesparalelas.com.ar\/sitio\/wp-json\/wp\/v2\/media?parent=88491"}],"wp:term":[{"taxonomy":"category","embeddable":true,"href":"https:\/\/vocesparalelas.com.ar\/sitio\/wp-json\/wp\/v2\/categories?post=88491"},{"taxonomy":"post_tag","embeddable":true,"href":"https:\/\/vocesparalelas.com.ar\/sitio\/wp-json\/wp\/v2\/tags?post=88491"}],"curies":[{"name":"wp","href":"https:\/\/api.w.org\/{rel}","templated":true}]}}