{"id":88481,"date":"2025-07-05T19:27:57","date_gmt":"2025-07-05T22:27:57","guid":{"rendered":"https:\/\/vocesparalelas.com.ar\/sitio\/?p=88481"},"modified":"2025-07-07T22:40:08","modified_gmt":"2025-07-08T01:40:08","slug":"recomendaciones-para-brindar-claridad-a-los-pasajeros-de-redtulum-en-el-uso-de-la-tarjeta-sube-en-san-juan","status":"publish","type":"post","link":"https:\/\/vocesparalelas.com.ar\/sitio\/recomendaciones-para-brindar-claridad-a-los-pasajeros-de-redtulum-en-el-uso-de-la-tarjeta-sube-en-san-juan\/","title":{"rendered":"Recomendaciones para brindar claridad a los pasajeros de RedTulum en el uso de la Tarjeta SUBE en San Juan"},"content":{"rendered":"<p>El Ministerio de Gobierno de San Juan brinda claridad a los pasajeros de RedTulum los aspectos centrales a tener en cuenta en relaci\u00f3n al saldo de la tarjeta SUBE.<\/p>\n<p><strong><span style=\"color: #ff6600;\">Saldo sin vencimiento<\/span><\/strong><\/p>\n<p>El saldo disponible en la tarjeta SUBE no tiene vencimiento. Esto significa que, aunque no se utilice por un per\u00edodo prolongado, el monto acumulado se mantendr\u00e1 vigente y podr\u00e1 utilizarse al momento de volver a viajar.<\/p>\n<p><strong><span style=\"color: #ff6600;\">Saldo m\u00e1ximo permitido<\/span><\/strong><\/p>\n<p>Actualmente, la tarjeta permite un saldo m\u00e1ximo de $40.000. Se recomienda tener en cuenta este l\u00edmite al momento de realizar recargas, especialmente aquellas efectuadas por medios digitales.<\/p>\n<p><strong><span style=\"color: #ff6600;\">Saldo de emergencia<\/span><\/strong><\/p>\n<p>En caso de no contar con saldo al momento de viajar, los usuarios pueden acceder al saldo de emergencia, que\u00a0permite utilizar la tarjeta con un monto adicional de hasta \u2013$1.200. Este saldo se descuenta autom\u00e1ticamente al realizar la pr\u00f3xima recarga.<\/p>\n<p>Para mayor informaci\u00f3n sobre el uso de la tarjeta SUBE, recargas, acreditaciones y puntos de atenci\u00f3n, se encuentra disponible el sitio oficial:\u00a0<a href=\"http:\/\/www.argentina.gob.ar\/sube\">www.argentina.gob.ar\/sube<\/a><\/p>\n<p>Tambi\u00e9n se encuentran disponibles las v\u00edas de contacto del Ministerio de Gobierno a trav\u00e9s de sus redes sociales:<\/p>\n<ul>\n<li>IG: mingobsanjuan<\/li>\n<li>FB: MinGobSanJuan<\/li>\n<li>SUBE San Juan a trav\u00e9s del correo: <span id=\"cloak07af34c89d43525efd65d20d49f4a101\"><a href=\"mailto:info.sube@sanjuan.gov.ar\">info.sube@sanjuan.gov.ar<\/a><\/span><\/li>\n<li>Los reclamos se pueden realizar a trav\u00e9s del Whatsapp de RedTulum al 2644592210.<\/li>\n<\/ul>\n<p><img loading=\"lazy\" decoding=\"async\" class=\"alignnone size-full wp-image-74417\" src=\"https:\/\/vocesparalelas.com.ar\/sitio\/wp-content\/uploads\/2024\/07\/REDTULUM-LOGO.jpg\" alt=\"\" width=\"800\" height=\"600\" srcset=\"https:\/\/vocesparalelas.com.ar\/sitio\/wp-content\/uploads\/2024\/07\/REDTULUM-LOGO.jpg 800w, https:\/\/vocesparalelas.com.ar\/sitio\/wp-content\/uploads\/2024\/07\/REDTULUM-LOGO-300x225.jpg 300w, https:\/\/vocesparalelas.com.ar\/sitio\/wp-content\/uploads\/2024\/07\/REDTULUM-LOGO-768x576.jpg 768w\" sizes=\"auto, (max-width: 800px) 100vw, 800px\" \/><\/p>\n","protected":false},"excerpt":{"rendered":"<p>El Ministerio de Gobierno de San Juan brinda claridad a los pasajeros de RedTulum los aspectos centrales a tener en<\/p>\n","protected":false},"author":3,"featured_media":26759,"comment_status":"closed","ping_status":"closed","sticky":false,"template":"","format":"standard","meta":{"_acf_changed":false,"_seopress_robots_primary_cat":"none","_seopress_titles_title":"","_seopress_titles_desc":"","_seopress_robots_index":"","colormag_page_container_layout":"default_layout","colormag_page_sidebar_layout":"default_layout","footnotes":""},"categories":[5],"tags":[],"class_list":["post-88481","post","type-post","status-publish","format-standard","has-post-thumbnail","hentry","category-ofrecimientos"],"acf":[],"_links":{"self":[{"href":"https:\/\/vocesparalelas.com.ar\/sitio\/wp-json\/wp\/v2\/posts\/88481","targetHints":{"allow":["GET"]}}],"collection":[{"href":"https:\/\/vocesparalelas.com.ar\/sitio\/wp-json\/wp\/v2\/posts"}],"about":[{"href":"https:\/\/vocesparalelas.com.ar\/sitio\/wp-json\/wp\/v2\/types\/post"}],"author":[{"embeddable":true,"href":"https:\/\/vocesparalelas.com.ar\/sitio\/wp-json\/wp\/v2\/users\/3"}],"replies":[{"embeddable":true,"href":"https:\/\/vocesparalelas.com.ar\/sitio\/wp-json\/wp\/v2\/comments?post=88481"}],"version-history":[{"count":1,"href":"https:\/\/vocesparalelas.com.ar\/sitio\/wp-json\/wp\/v2\/posts\/88481\/revisions"}],"predecessor-version":[{"id":88484,"href":"https:\/\/vocesparalelas.com.ar\/sitio\/wp-json\/wp\/v2\/posts\/88481\/revisions\/88484"}],"wp:featuredmedia":[{"embeddable":true,"href":"https:\/\/vocesparalelas.com.ar\/sitio\/wp-json\/wp\/v2\/media\/26759"}],"wp:attachment":[{"href":"https:\/\/vocesparalelas.com.ar\/sitio\/wp-json\/wp\/v2\/media?parent=88481"}],"wp:term":[{"taxonomy":"category","embeddable":true,"href":"https:\/\/vocesparalelas.com.ar\/sitio\/wp-json\/wp\/v2\/categories?post=88481"},{"taxonomy":"post_tag","embeddable":true,"href":"https:\/\/vocesparalelas.com.ar\/sitio\/wp-json\/wp\/v2\/tags?post=88481"}],"curies":[{"name":"wp","href":"https:\/\/api.w.org\/{rel}","templated":true}]}}