{"id":88462,"date":"2025-07-05T11:32:56","date_gmt":"2025-07-05T14:32:56","guid":{"rendered":"https:\/\/vocesparalelas.com.ar\/sitio\/?p=88462"},"modified":"2025-07-10T22:56:42","modified_gmt":"2025-07-11T01:56:42","slug":"finalizo-la-2-cohorte-de-la-tecnicatura-universitaria-de-agentes-sanitarios-en-san-juan","status":"publish","type":"post","link":"https:\/\/vocesparalelas.com.ar\/sitio\/finalizo-la-2-cohorte-de-la-tecnicatura-universitaria-de-agentes-sanitarios-en-san-juan\/","title":{"rendered":"Finaliz\u00f3 la 2\u00b0 Cohorte de la Tecnicatura Universitaria de Agentes Sanitarios en San Juan"},"content":{"rendered":"<p>La segunda cohorte de la Tecnicatura Universitaria de Agentes Sanitarios present\u00f3 sus trabajos finales relacionados con el \u00e1rea en la que trabajan en los departamentos del \u00e1mbito de la salud.<\/p>\n<p>La presentaci\u00f3n del examen final se realiz\u00f3 en la sede de la Facultad de Ciencias Sociales, frente a las autoridades de salud y acad\u00e9micas y cont\u00f3 con la participaci\u00f3n de los alumnos que cursaron la tecnicatura.<\/p>\n<p>Se trata de la segunda cohorte de agentes sanitarios, quienes lograron finalizar la carrera de dos a\u00f1os y medio. En esta oportunidad, participaron de manera presencial m\u00e1s de 45 agentes sanitarios.<\/p>\n<p>La primera cohorte finaliz\u00f3 con 63 agentes sanitarios graduados, y en esta ocasi\u00f3n, m\u00e1s de 45 alumnos presentaron sus trabajos de forma grupal.<\/p>\n<p>El Ministerio de Salud cuenta actualmente con 214 agentes sanitarios. Entre la primera y la segunda cohorte, la provincia tiene 113 agentes que han culminado la carrera universitaria.<\/p>\n<p>Esta formaci\u00f3n representa una herramienta acad\u00e9mica y t\u00e9cnica que complementa el trabajo habitual de los agentes, permiti\u00e9ndoles incorporar nuevos conocimientos para mejorar sus tareas y funciones dentro del sistema de salud.<\/p>\n<p>La tecnicatura fue financiada con fondos provinciales, en el marco de un convenio entre el Ministerio de Salud y la Universidad Nacional de San Juan, siendo la primera provincia en contar con esta tecnicatura universitaria en agentes sanitarios.<\/p>\n<p>Las autoridades que presenciaron el examen final fueron la jefa del Departamento de Medicina Sanitaria, Dra. Cecilia Clavijo; la jefa de Divisi\u00f3n de Atenci\u00f3n Primaria de la Salud, Dra. Laura Blanco; y el referente Provincial de los Agentes Sanitarios, Dr. Daniel Balmaceda y la coordinadora de la Tecnicatura Universitaria en Agentes Sanitarios, Dra. Mariana Audisio. Adem\u00e1s, acompa\u00f1aron a los graduados sus familiares.<\/p>\n<p><span style=\"color: #fc0000;\"><strong>Orden de presentaci\u00f3n de los trabajos finales<\/strong><\/span><\/p>\n<p><span style=\"color: #fc0000;\"><strong>Zona Sanitaria V<\/strong><\/span><\/p>\n<ul>\n<li>Hipertensi\u00f3n Arterial No Diagnosticada en Adultos. Barrio Capit\u00e1n Lazo, Departamento Rawson.<\/li>\n<li>Prevenci\u00f3n de la Enfermedad de Chagas en el Loteo Olmos, Departamento Pocito.<\/li>\n<\/ul>\n<p><strong><span style=\"color: #ff0000;\">Zona Sanitaria III<\/span><\/strong><\/p>\n<ul>\n<li>Diagn\u00f3stico Tard\u00edo y Manejo Inadecuado de los Trastornos Tiroideos, Localidad Huaco, Departamento J\u00e1chal.<\/li>\n<li>Toma el Control de Tu Presi\u00f3n, Las Flores, Departamento Iglesia.<\/li>\n<\/ul>\n<p><strong><span style=\"color: #ff0000;\">Zona Sanitaria II<\/span><\/strong><\/p>\n<ul>\n<li>\u201cSembrando Salud: Huertas para una Vida Sana\u201d, La Puntilla, Departamento Caucete.<\/li>\n<\/ul>\n<p><strong><span style=\"color: #ff0000;\">Zona Sanitaria IV<\/span><\/strong><\/p>\n<ul>\n<li>\u201cPasos Saludables: Hacia una Vida Sin Presiones\u201d, Barrio Rivadavia Sur, Departamento Rivadavia.<\/li>\n<li>Prevenci\u00f3n de Enfermedades Cr\u00f3nicas No Transmisibles en el Hospital Dr. Aldo Cantoni, Departamento Calingasta.<\/li>\n<li>\u201cJuntos por la Vida\u201d, Barrio Aramburu y alrededores, Departamento Rivadavia.<\/li>\n<\/ul>\n<p><strong><span style=\"color: #ff0000;\">Zona Sanitaria I<\/span><\/strong><\/p>\n<ul>\n<li>Prevenci\u00f3n del Chagas en el Barrio Los Cardos, Departamento Chimbas.<\/li>\n<li>Grupo San Patricio, CAPS San Patricio, Departamento Chimbas.<\/li>\n<li>Prevenci\u00f3n de Consumos Problem\u00e1ticos, CAPS Ibone Silva-Villa Marini, Departamento Santa Luc\u00eda.<\/li>\n<li>Mejorando la Salud de la Poblaci\u00f3n, Barrio Centenario, Departamento Chimbas.<\/li>\n<li>\u201cConectando Vidas\u201d, Barrio Los Andes, Departamento Chimbas<\/li>\n<\/ul>\n<p><img loading=\"lazy\" decoding=\"async\" class=\"alignnone size-full wp-image-88465\" src=\"https:\/\/vocesparalelas.com.ar\/sitio\/wp-content\/uploads\/2025\/07\/SALUD-TECNICATURA-01.jpg\" alt=\"\" width=\"800\" height=\"533\" srcset=\"https:\/\/vocesparalelas.com.ar\/sitio\/wp-content\/uploads\/2025\/07\/SALUD-TECNICATURA-01.jpg 800w, https:\/\/vocesparalelas.com.ar\/sitio\/wp-content\/uploads\/2025\/07\/SALUD-TECNICATURA-01-300x200.jpg 300w, https:\/\/vocesparalelas.com.ar\/sitio\/wp-content\/uploads\/2025\/07\/SALUD-TECNICATURA-01-768x512.jpg 768w\" sizes=\"auto, (max-width: 800px) 100vw, 800px\" \/><\/p>\n","protected":false},"excerpt":{"rendered":"<p>La segunda cohorte de la Tecnicatura Universitaria de Agentes Sanitarios present\u00f3 sus trabajos finales relacionados con el \u00e1rea en la<\/p>\n","protected":false},"author":3,"featured_media":88466,"comment_status":"closed","ping_status":"closed","sticky":false,"template":"","format":"standard","meta":{"_acf_changed":false,"_seopress_robots_primary_cat":"none","_seopress_titles_title":"","_seopress_titles_desc":"","_seopress_robots_index":"","colormag_page_container_layout":"default_layout","colormag_page_sidebar_layout":"default_layout","footnotes":""},"categories":[15],"tags":[],"class_list":["post-88462","post","type-post","status-publish","format-standard","has-post-thumbnail","hentry","category-posgrados"],"acf":[],"_links":{"self":[{"href":"https:\/\/vocesparalelas.com.ar\/sitio\/wp-json\/wp\/v2\/posts\/88462","targetHints":{"allow":["GET"]}}],"collection":[{"href":"https:\/\/vocesparalelas.com.ar\/sitio\/wp-json\/wp\/v2\/posts"}],"about":[{"href":"https:\/\/vocesparalelas.com.ar\/sitio\/wp-json\/wp\/v2\/types\/post"}],"author":[{"embeddable":true,"href":"https:\/\/vocesparalelas.com.ar\/sitio\/wp-json\/wp\/v2\/users\/3"}],"replies":[{"embeddable":true,"href":"https:\/\/vocesparalelas.com.ar\/sitio\/wp-json\/wp\/v2\/comments?post=88462"}],"version-history":[{"count":1,"href":"https:\/\/vocesparalelas.com.ar\/sitio\/wp-json\/wp\/v2\/posts\/88462\/revisions"}],"predecessor-version":[{"id":88467,"href":"https:\/\/vocesparalelas.com.ar\/sitio\/wp-json\/wp\/v2\/posts\/88462\/revisions\/88467"}],"wp:featuredmedia":[{"embeddable":true,"href":"https:\/\/vocesparalelas.com.ar\/sitio\/wp-json\/wp\/v2\/media\/88466"}],"wp:attachment":[{"href":"https:\/\/vocesparalelas.com.ar\/sitio\/wp-json\/wp\/v2\/media?parent=88462"}],"wp:term":[{"taxonomy":"category","embeddable":true,"href":"https:\/\/vocesparalelas.com.ar\/sitio\/wp-json\/wp\/v2\/categories?post=88462"},{"taxonomy":"post_tag","embeddable":true,"href":"https:\/\/vocesparalelas.com.ar\/sitio\/wp-json\/wp\/v2\/tags?post=88462"}],"curies":[{"name":"wp","href":"https:\/\/api.w.org\/{rel}","templated":true}]}}