{"id":88422,"date":"2025-07-04T22:03:54","date_gmt":"2025-07-05T01:03:54","guid":{"rendered":"https:\/\/vocesparalelas.com.ar\/sitio\/?p=88422"},"modified":"2025-07-05T13:21:23","modified_gmt":"2025-07-05T16:21:23","slug":"declaraciones-del-vicegobernador-de-san-juan-dr-fabian-martin-9","status":"publish","type":"post","link":"https:\/\/vocesparalelas.com.ar\/sitio\/declaraciones-del-vicegobernador-de-san-juan-dr-fabian-martin-9\/","title":{"rendered":"Declaraciones del Vicegobernador de San Juan, Dr. Fabi\u00e1n Mart\u00edn"},"content":{"rendered":"<p>El Jueves, 03 de Julio, se desarroll\u00f3 la Quinta Sesi\u00f3n del periodo ordinario\u00a0 de la C\u00e1mara de Diputados de San Juan sobre temas puntuales tratados en la sesi\u00f3n.<\/p>\n<p>En este contexto, el Vicegobernador de San Juan, Dr. Fabi\u00e1n Mart\u00edn respondi\u00f3 preguntas de los Periodistas San Juan.<\/p>\n<p><iframe loading=\"lazy\" title=\"CDSJ VICEGOBERNADOR DR FABI\u00c1N MART\u00cdN \" width=\"800\" height=\"450\" src=\"https:\/\/www.youtube.com\/embed\/--NtK2ZyUV4?feature=oembed\" frameborder=\"0\" allow=\"accelerometer; autoplay; clipboard-write; encrypted-media; gyroscope; picture-in-picture; web-share\" referrerpolicy=\"strict-origin-when-cross-origin\" allowfullscreen><\/iframe><\/p>\n<p>&nbsp;<\/p>\n<blockquote class=\"wp-embedded-content\" data-secret=\"ovLRhuQ9gG\"><p><a href=\"https:\/\/vocesparalelas.com.ar\/sitio\/aprobo-el-convenio-interinstitucional-para-responder-al-sistema-de-justicia-penal-juvenil-de-san-juan\/\">Aprob\u00f3 el convenio interinstitucional para responder al Sistema de Justicia Penal Juvenil de San Juan<\/a><\/p><\/blockquote>\n<p><iframe loading=\"lazy\" class=\"wp-embedded-content\" sandbox=\"allow-scripts\" security=\"restricted\" style=\"position: absolute; visibility: hidden;\" title=\"\u00abAprob\u00f3 el convenio interinstitucional para responder al Sistema de Justicia Penal Juvenil de San Juan\u00bb \u2014 Voces Paralelas\" src=\"https:\/\/vocesparalelas.com.ar\/sitio\/aprobo-el-convenio-interinstitucional-para-responder-al-sistema-de-justicia-penal-juvenil-de-san-juan\/embed\/#?secret=jrEyjUX2yg#?secret=ovLRhuQ9gG\" data-secret=\"ovLRhuQ9gG\" width=\"600\" height=\"338\" frameborder=\"0\" marginwidth=\"0\" marginheight=\"0\" scrolling=\"no\"><\/iframe><\/p>\n<p>&nbsp;<\/p>\n<figure id=\"attachment_37951\" aria-describedby=\"caption-attachment-37951\" style=\"width: 800px\" class=\"wp-caption alignnone\"><img loading=\"lazy\" decoding=\"async\" class=\"size-full wp-image-37951\" src=\"https:\/\/vocesparalelas.com.ar\/sitio\/wp-content\/uploads\/2021\/05\/CAMARA-EDIFICIO.jpg\" alt=\"\" width=\"800\" height=\"515\" srcset=\"https:\/\/vocesparalelas.com.ar\/sitio\/wp-content\/uploads\/2021\/05\/CAMARA-EDIFICIO.jpg 800w, https:\/\/vocesparalelas.com.ar\/sitio\/wp-content\/uploads\/2021\/05\/CAMARA-EDIFICIO-300x193.jpg 300w, https:\/\/vocesparalelas.com.ar\/sitio\/wp-content\/uploads\/2021\/05\/CAMARA-EDIFICIO-768x494.jpg 768w\" sizes=\"auto, (max-width: 800px) 100vw, 800px\" \/><figcaption id=\"caption-attachment-37951\" class=\"wp-caption-text\">Legislatura Provincial de San Juan, Rep\u00fablica Argentina<\/figcaption><\/figure>\n","protected":false},"excerpt":{"rendered":"<p>El Jueves, 03 de Julio, se desarroll\u00f3 la Quinta Sesi\u00f3n del periodo ordinario\u00a0 de la C\u00e1mara de Diputados de San<\/p>\n","protected":false},"author":3,"featured_media":88425,"comment_status":"closed","ping_status":"closed","sticky":false,"template":"","format":"standard","meta":{"_acf_changed":false,"_seopress_robots_primary_cat":"none","_seopress_titles_title":"","_seopress_titles_desc":"","_seopress_robots_index":"","colormag_page_container_layout":"default_layout","colormag_page_sidebar_layout":"default_layout","footnotes":""},"categories":[10],"tags":[],"class_list":["post-88422","post","type-post","status-publish","format-standard","has-post-thumbnail","hentry","category-opiniones"],"acf":[],"_links":{"self":[{"href":"https:\/\/vocesparalelas.com.ar\/sitio\/wp-json\/wp\/v2\/posts\/88422","targetHints":{"allow":["GET"]}}],"collection":[{"href":"https:\/\/vocesparalelas.com.ar\/sitio\/wp-json\/wp\/v2\/posts"}],"about":[{"href":"https:\/\/vocesparalelas.com.ar\/sitio\/wp-json\/wp\/v2\/types\/post"}],"author":[{"embeddable":true,"href":"https:\/\/vocesparalelas.com.ar\/sitio\/wp-json\/wp\/v2\/users\/3"}],"replies":[{"embeddable":true,"href":"https:\/\/vocesparalelas.com.ar\/sitio\/wp-json\/wp\/v2\/comments?post=88422"}],"version-history":[{"count":1,"href":"https:\/\/vocesparalelas.com.ar\/sitio\/wp-json\/wp\/v2\/posts\/88422\/revisions"}],"predecessor-version":[{"id":88426,"href":"https:\/\/vocesparalelas.com.ar\/sitio\/wp-json\/wp\/v2\/posts\/88422\/revisions\/88426"}],"wp:featuredmedia":[{"embeddable":true,"href":"https:\/\/vocesparalelas.com.ar\/sitio\/wp-json\/wp\/v2\/media\/88425"}],"wp:attachment":[{"href":"https:\/\/vocesparalelas.com.ar\/sitio\/wp-json\/wp\/v2\/media?parent=88422"}],"wp:term":[{"taxonomy":"category","embeddable":true,"href":"https:\/\/vocesparalelas.com.ar\/sitio\/wp-json\/wp\/v2\/categories?post=88422"},{"taxonomy":"post_tag","embeddable":true,"href":"https:\/\/vocesparalelas.com.ar\/sitio\/wp-json\/wp\/v2\/tags?post=88422"}],"curies":[{"name":"wp","href":"https:\/\/api.w.org\/{rel}","templated":true}]}}